{"id":25732,"date":"2025-04-25T06:59:54","date_gmt":"2025-04-25T12:59:54","guid":{"rendered":"https:\/\/www.aquilaguna.com\/?p=25732"},"modified":"2025-04-25T06:59:54","modified_gmt":"2025-04-25T12:59:54","slug":"presentan-la-27a-feria-internacional-del-libro-coahuila-2025","status":"publish","type":"post","link":"https:\/\/www.aquilaguna.com\/index.php\/2025\/04\/25\/presentan-la-27a-feria-internacional-del-libro-coahuila-2025\/","title":{"rendered":"PRESENTAN LA 27\u00aa FERIA INTERNACIONAL DEL LIBRO COAHUILA 2025."},"content":{"rendered":"\n<p>\u2022&nbsp;&nbsp;&nbsp;&nbsp;&nbsp;&nbsp;&nbsp;&nbsp;&nbsp;&nbsp;Una edici\u00f3n especial que llega por primera vez a Torre\u00f3n<\/p>\n\n\n\n<p>Torre\u00f3n, Coahuila de Zaragoza; a 24 de Abril de 2025.- El Gobierno del Estado, a trav\u00e9s de la Secretar\u00eda de Cultura invita a participar en la 27 Edici\u00f3n de la Feria Internacional del Libro Coahuila 2025, uno de los eventos significativos del norte de M\u00e9xico, que por primera vez se extender\u00e1 al Municipio de Torre\u00f3n.<\/p>\n\n\n\n<p>Blas Flores Gonz\u00e1lez, Jefe de Gabinete y Proyectos Estrat\u00e9gicos del Gobierno de Coahuila a nombre del gobernador Manolo Jim\u00e9nez Salinas, reconoci\u00f3 al equipo de la Secretar\u00eda de Cultura por innovar en esta edici\u00f3n y llevarla al siguiente nivel, al desarrollarla en esta ocasi\u00f3n en la Regi\u00f3n Laguna.<\/p>\n\n\n\n<p>Igualmente, a los municipios de esta \u00e1rea por sumarse, \u201cestamos muy contentos de que, en esta regi\u00f3n, una de las m\u00e1s grandes, se desarrollen grandes proyectos en el Centro de Convenciones de Torre\u00f3n, gracias al Museo del Desierto por sumarse. En la Regi\u00f3n Sureste participar\u00e1 el Museo Arocena, dos de los grandes se comparten en cada una de estas sedes para que los coahuilenses podamos vivir lo que tenemos\u201d.&nbsp;<\/p>\n\n\n\n<p>El funcionario reconoci\u00f3 al pa\u00eds invitado Argentina y a la C\u00e1mara Nacional de la Industria Editorial Mexicana (CANIEM), a todos por organizar este proyecto que espera una asistencia de 100 mil personas entre el 16 y 25 de mayo en el Centro de Convenciones de Torre\u00f3n.<\/p>\n\n\n\n<p>Advirti\u00f3 que esta feria es uno de los proyectos prioritarios para esta administraci\u00f3n en materia de cultura; un gobierno que le apuesta a la cultura crea mejores ciudadanos y por lo tanto mejores sociedades, dijo.&nbsp;<\/p>\n\n\n\n<p>Explic\u00f3 que en ediciones pasadas de la feria (en Arteaga), se percataron de que hab\u00eda un gran n\u00famero de asistentes en familia, de manera que este a\u00f1o se fortalecer\u00e1 la oferta para los ni\u00f1os y las ni\u00f1as con la participaci\u00f3n de la Oficina Inspira Coahuila y se instalar\u00e1 un \u00e1rea denominada, \u201cLo que sientes importa\u201d que integrar\u00e1 talleres infantiles, experiencias de gesti\u00f3n emocional y un sal\u00f3n de poes\u00eda escrita e ilustrada para la infancia.&nbsp;<\/p>\n\n\n\n<p>Reconoci\u00f3 que, si de la propia familia viene el acercamiento a este tipo de eventos, Coahuila lograr\u00e1 los \u00edndices que se propone tanto culturales y de lectura y se espera que acudan en esta edici\u00f3n m\u00e1s de 15 mil ni\u00f1as y ni\u00f1os por medio de visitas escolares, describi\u00f3 que habr\u00e1 todo un rol para que vengan a disfrutarla de la mano con la Secretar\u00eda de Educaci\u00f3n.&nbsp;<\/p>\n\n\n\n<p>Flores Gonz\u00e1lez se\u00f1al\u00f3 que las condiciones de seguridad que se generan en Coahuila por la coordinaci\u00f3n entre los tres \u00f3rdenes de gobierno permiten el desarrollo de estos eventos culturales y tur\u00edsticos que benefician e impactan a nuestras familias con proyectos de alto impacto.&nbsp;<\/p>\n\n\n\n<p>Adem\u00e1s, Esther Quintana Salinas, Secretaria de Cultura coment\u00f3 que esta feria reunir\u00e1 a escritores, lectores, artistas y familias coahuilenses en el Centro de Convenciones de Torre\u00f3n.<\/p>\n\n\n\n<p>Rendir\u00e1 homenaje al pa\u00eds de Argentina con una nutrida agenda de actividades que incluir\u00e1 conferencias, charlas, un pabell\u00f3n especial y presentaciones art\u00edsticas.<\/p>\n\n\n\n<p>El Museo del Desierto estar\u00e1 presente para brindar una experiencia interactiva con dinosaurios, flora y fauna viva y acercar as\u00ed el conocimiento cient\u00edfico de una manera l\u00fadica a todos los asistentes.<\/p>\n\n\n\n<p>Habr\u00e1, igualmente, un eje tem\u00e1tico innovador \u201cInteligencia artificial y herramientas tecnol\u00f3gicas para nuevas narrativas\u201d, con lo que se busca abrir una puerta al futuro de las ideas, acercando la lectura a las nuevas generaciones con herramientas actuales.<\/p>\n\n\n\n<p>A esta presentaci\u00f3n ante medios acudieron Rodrigo Gonz\u00e1lez Fern\u00e1ndez, Director del Centro de Convenciones de Torre\u00f3n; Claudia Ernestina Luna Fuentes, Directora de Divulgaci\u00f3n del Museo del Desierto y Fernando Ariel Mart\u00ednez Mendoza, representante del Ayuntamiento de Torre\u00f3n.<\/p>\n\n\n\n<p>Hugo Ceja Rodr\u00edguez, Presidente de la Comisi\u00f3n de Ferias y miembro del Consejo Directivo de la C\u00e1mara Nacional de la Industria Editorial Mexicana; Brenda Guereca Hern\u00e1ndez, Alcaldesa de San Pedro; Jorge V\u00e9lez Sandoval, Alcalde de Viesca y Ruth Idalia Ysais Antuna, coordinadora de la Secretar\u00eda de Cultura en la Regi\u00f3n Laguna.<\/p>\n","protected":false},"excerpt":{"rendered":"<p>\u2022&nbsp;&nbsp;&nbsp;&nbsp;&nbsp;&nbsp;&nbsp;&nbsp;&nbsp;&nbsp;Una edici\u00f3n especial que llega por primera vez a Torre\u00f3n Torre\u00f3n, Coahuila de Zaragoza; a 24 de Abril de 2025.- El Gobierno del Estado, a trav\u00e9s de la Secretar\u00eda de Cultura invita a participar en la 27 Edici\u00f3n de la Feria Internacional del Libro Coahuila 2025, uno de los eventos significativos del norte de M\u00e9xico, que por primera vez se extender\u00e1 al Municipio de Torre\u00f3n. Blas Flores Gonz\u00e1lez, Jefe de&#8230;<\/p>\n","protected":false},"author":1,"featured_media":25733,"comment_status":"closed","ping_status":"","sticky":false,"template":"","format":"standard","meta":{"footnotes":""},"categories":[5,12,15,28,7],"tags":[],"class_list":["post-25732","post","type-post","status-publish","format-standard","has-post-thumbnail","hentry","category-coahuila","category-cultura","category-gobierno-de-coahuila","category-la-laguna","category-torreon","wpcat-5-id","wpcat-12-id","wpcat-15-id","wpcat-28-id","wpcat-7-id"],"_links":{"self":[{"href":"https:\/\/www.aquilaguna.com\/index.php\/wp-json\/wp\/v2\/posts\/25732","targetHints":{"allow":["GET"]}}],"collection":[{"href":"https:\/\/www.aquilaguna.com\/index.php\/wp-json\/wp\/v2\/posts"}],"about":[{"href":"https:\/\/www.aquilaguna.com\/index.php\/wp-json\/wp\/v2\/types\/post"}],"author":[{"embeddable":true,"href":"https:\/\/www.aquilaguna.com\/index.php\/wp-json\/wp\/v2\/users\/1"}],"replies":[{"embeddable":true,"href":"https:\/\/www.aquilaguna.com\/index.php\/wp-json\/wp\/v2\/comments?post=25732"}],"version-history":[{"count":1,"href":"https:\/\/www.aquilaguna.com\/index.php\/wp-json\/wp\/v2\/posts\/25732\/revisions"}],"predecessor-version":[{"id":25734,"href":"https:\/\/www.aquilaguna.com\/index.php\/wp-json\/wp\/v2\/posts\/25732\/revisions\/25734"}],"wp:featuredmedia":[{"embeddable":true,"href":"https:\/\/www.aquilaguna.com\/index.php\/wp-json\/wp\/v2\/media\/25733"}],"wp:attachment":[{"href":"https:\/\/www.aquilaguna.com\/index.php\/wp-json\/wp\/v2\/media?parent=25732"}],"wp:term":[{"taxonomy":"category","embeddable":true,"href":"https:\/\/www.aquilaguna.com\/index.php\/wp-json\/wp\/v2\/categories?post=25732"},{"taxonomy":"post_tag","embeddable":true,"href":"https:\/\/www.aquilaguna.com\/index.php\/wp-json\/wp\/v2\/tags?post=25732"}],"curies":[{"name":"wp","href":"https:\/\/api.w.org\/{rel}","templated":true}]}}