{"id":25739,"date":"2025-04-25T19:09:29","date_gmt":"2025-04-26T01:09:29","guid":{"rendered":"https:\/\/www.aquilaguna.com\/?p=25739"},"modified":"2025-04-25T19:09:29","modified_gmt":"2025-04-26T01:09:29","slug":"invitan-a-jornada-de-reforestacion-y-educacion-ambiental-en-la-flor-de-jimulco","status":"publish","type":"post","link":"https:\/\/www.aquilaguna.com\/index.php\/2025\/04\/25\/invitan-a-jornada-de-reforestacion-y-educacion-ambiental-en-la-flor-de-jimulco\/","title":{"rendered":"Invitan a jornada de reforestaci\u00f3n y educaci\u00f3n ambiental en La Flor de Jimulco."},"content":{"rendered":"\n<p>Torre\u00f3n, Coahuila. A 25 de abril de 2025.<\/p>\n\n\n\n<p>En el marco de la conmemoraci\u00f3n del D\u00eda Internacional de la Madre Tierra,<br>establecido el 22 de abril por la Asamblea General de las Naciones Unidas, el<br>Municipio de Torre\u00f3n tendr\u00e1 una jornada comunitaria enfocada en la reforestaci\u00f3n<br>y la educaci\u00f3n ambiental.<\/p>\n\n\n\n<p>La actividad se lleva a cabo a trav\u00e9s de la Direcci\u00f3n de Medio Ambiente, y tendr\u00e1<br>lugar ma\u00f1ana s\u00e1bado en la Reserva Ecol\u00f3gica Sierra y Ca\u00f1\u00f3n de Jimulco.<\/p>\n\n\n\n<p>Marcelo S\u00e1nchez, director general de Medio Ambiente (DGMA), precis\u00f3 que la<br>jornada se realizar\u00e1 en La Flor de Jimulco desde las 08:00 hasta las 15:00 horas,<br>y destac\u00f3 que est\u00e1 dise\u00f1ada para disfrutarse en familia o con amigos,<br>promoviendo la convivencia y el cuidado del entorno natural.<\/p>\n\n\n\n<p>\u201cEs un evento completamente abierto al p\u00fablico, ideal para fortalecer el v\u00ednculo<br>entre la comunidad y su entorno. Queremos que m\u00e1s personas conozcan este<br>espacio, lo valoren y se involucren activamente en su conservaci\u00f3n\u201d, se\u00f1al\u00f3.<\/p>\n\n\n\n<p>Durante la jornada se realizar\u00e1n diversas actividades ambientales, culturales y<br>educativas con el objetivo de fomentar una cultura de sustentabilidad en la regi\u00f3n.<\/p>\n\n\n\n<p>La participaci\u00f3n es libre y no requiere registro previo, de tal forma que quienes<br>deseen sumarse pueden acudir directamente al lugar o solicitar m\u00e1s informaci\u00f3n a<br>trav\u00e9s de las redes sociales oficiales de la dependencia: Medio Ambiente Torre\u00f3n.<\/p>\n\n\n\n<p>El funcionario puntualiz\u00f3 que la reforestaci\u00f3n no es solo plantar \u00e1rboles, sino<br>sembrar conciencia. \u201cEste esfuerzo forma parte de una serie de acciones que<br>buscan proteger la biodiversidad local y consolidar una comunidad m\u00e1s consciente<br>y activa, y representa una estrategia de la administraci\u00f3n del alcalde Rom\u00e1n<br>Alberto Cepeda Gonz\u00e1lez para proteger uno de los principales pulmones verdes<br>de la regi\u00f3n y reafirmar el compromiso con el medio ambiente\u201d.<\/p>\n\n\n\n<p>Para quienes deseen participar en la actividad, las recomendaciones son usar<br>ropa c\u00f3moda, repelente, llevar sombrero o gorra, un termo de agua y utilizar<br>protector solar.<\/p>\n","protected":false},"excerpt":{"rendered":"<p>Torre\u00f3n, Coahuila. A 25 de abril de 2025. En el marco de la conmemoraci\u00f3n del D\u00eda Internacional de la Madre Tierra,establecido el 22 de abril por la Asamblea General de las Naciones Unidas, elMunicipio de Torre\u00f3n tendr\u00e1 una jornada comunitaria enfocada en la reforestaci\u00f3ny la educaci\u00f3n ambiental. La actividad se lleva a cabo a trav\u00e9s de la Direcci\u00f3n de Medio Ambiente, y tendr\u00e1lugar ma\u00f1ana s\u00e1bado en la Reserva Ecol\u00f3gica Sierra&#8230;<\/p>\n","protected":false},"author":1,"featured_media":25740,"comment_status":"closed","ping_status":"","sticky":false,"template":"","format":"standard","meta":{"footnotes":""},"categories":[5,28,7],"tags":[],"class_list":["post-25739","post","type-post","status-publish","format-standard","has-post-thumbnail","hentry","category-coahuila","category-la-laguna","category-torreon","wpcat-5-id","wpcat-28-id","wpcat-7-id"],"_links":{"self":[{"href":"https:\/\/www.aquilaguna.com\/index.php\/wp-json\/wp\/v2\/posts\/25739","targetHints":{"allow":["GET"]}}],"collection":[{"href":"https:\/\/www.aquilaguna.com\/index.php\/wp-json\/wp\/v2\/posts"}],"about":[{"href":"https:\/\/www.aquilaguna.com\/index.php\/wp-json\/wp\/v2\/types\/post"}],"author":[{"embeddable":true,"href":"https:\/\/www.aquilaguna.com\/index.php\/wp-json\/wp\/v2\/users\/1"}],"replies":[{"embeddable":true,"href":"https:\/\/www.aquilaguna.com\/index.php\/wp-json\/wp\/v2\/comments?post=25739"}],"version-history":[{"count":1,"href":"https:\/\/www.aquilaguna.com\/index.php\/wp-json\/wp\/v2\/posts\/25739\/revisions"}],"predecessor-version":[{"id":25741,"href":"https:\/\/www.aquilaguna.com\/index.php\/wp-json\/wp\/v2\/posts\/25739\/revisions\/25741"}],"wp:featuredmedia":[{"embeddable":true,"href":"https:\/\/www.aquilaguna.com\/index.php\/wp-json\/wp\/v2\/media\/25740"}],"wp:attachment":[{"href":"https:\/\/www.aquilaguna.com\/index.php\/wp-json\/wp\/v2\/media?parent=25739"}],"wp:term":[{"taxonomy":"category","embeddable":true,"href":"https:\/\/www.aquilaguna.com\/index.php\/wp-json\/wp\/v2\/categories?post=25739"},{"taxonomy":"post_tag","embeddable":true,"href":"https:\/\/www.aquilaguna.com\/index.php\/wp-json\/wp\/v2\/tags?post=25739"}],"curies":[{"name":"wp","href":"https:\/\/api.w.org\/{rel}","templated":true}]}}