{"id":25742,"date":"2025-04-25T19:10:51","date_gmt":"2025-04-26T01:10:51","guid":{"rendered":"https:\/\/www.aquilaguna.com\/?p=25742"},"modified":"2025-04-25T19:10:51","modified_gmt":"2025-04-26T01:10:51","slug":"buscan-reglamentar-protocolo-para-la-prevencion-atencion-y-sancion-de-los-eventos-relacionados-con-rinas-en-bares-y-antros-en-torreon","status":"publish","type":"post","link":"https:\/\/www.aquilaguna.com\/index.php\/2025\/04\/25\/buscan-reglamentar-protocolo-para-la-prevencion-atencion-y-sancion-de-los-eventos-relacionados-con-rinas-en-bares-y-antros-en-torreon\/","title":{"rendered":"Buscan reglamentar protocolo para la prevenci\u00f3n, atenci\u00f3n y sanci\u00f3n de los eventos relacionados con ri\u00f1as en bares y antros en Torre\u00f3n."},"content":{"rendered":"\n<p>Torre\u00f3n, Coahuila. A 25 de abril de 2025.<\/p>\n\n\n\n<p>En sesi\u00f3n conjunta de las comisiones de Seguridad P\u00fablica, Gobernaci\u00f3n y<br>Reglamentaci\u00f3n, e Inspecci\u00f3n, Verificaci\u00f3n y Protecci\u00f3n Civil, se analiz\u00f3<br>reglamentar el protocolo para la prevenci\u00f3n, atenci\u00f3n y sanci\u00f3n de los eventos<br>relacionados con ri\u00f1as en bares y antros en Torre\u00f3n, que tiene como objetivo<br>reforzar las acciones implementadas por la Administraci\u00f3n Municipal en esta<br>materia.<\/p>\n\n\n\n<p>El presidente de la comisi\u00f3n de Seguridad P\u00fablica, Sergio Lara Galv\u00e1n, indic\u00f3 que<br>se trata de un protocolo que busca fortalecer e incrementar las acciones<br>preventivas en materia de ri\u00f1as en dichos establecimientos, reforzando as\u00ed las<br>acciones que ya se ejecutan por parte de la Administraci\u00f3n Municipal.<\/p>\n\n\n\n<p>Dijo que se plantea incluir la capacitaci\u00f3n a los encargados de la seguridad<br>privada, entre otras medidas.<\/p>\n\n\n\n<p>\u201cDerivado de una petici\u00f3n del alcalde Rom\u00e1n Alberto Cepeda Gonz\u00e1lez, se trabaja<br>en este protocolo del que previamente se llevaron a cabo reuniones en donde<br>participaron distintas dependencias como la Secretaria del Ayuntamiento a trav\u00e9s<br>de Asuntos Jur\u00eddicos, la Subsecretaria del Ayuntamiento, y la Subsecretaria de<br>Asuntos Pol\u00edticos y Sociales, as\u00ed como Protecci\u00f3n Civil, Inspecci\u00f3n y Verificaci\u00f3n,<br>la Direcci\u00f3n de Prevenci\u00f3n del Delito, La Unidad de Derechos Humanos Municipal,<br>y la Direcci\u00f3n de Seguridad P\u00fablica\u201d.<\/p>\n\n\n\n<p>Resalt\u00f3 que las acciones van encaminadas a una corresponsabilidad entre los<br>encargados de estos lugares, empresas de seguridad privada, y las autoridades<br>correspondientes.<\/p>\n\n\n\n<p>Expres\u00f3 que se prev\u00e9 que en mayo el protocolo pase a Cabildo para formalizarlo a<br>trav\u00e9s de un reglamento.<\/p>\n\n\n\n<p>Los integrantes de la Comisi\u00f3n de Seguridad P\u00fablica son: presidente Sergio Lara<br>Galv\u00e1n; secretaria, Natalia Guadalupe Fern\u00e1ndez Mart\u00ednez; y como vocales Mar\u00eda<br>Fernanda Gonz\u00e1lez Aponte, Ra\u00fal Alejandro Garza Del Valle y Jennifer Miroshlava<br>Mu\u00f1oz Rivas.<\/p>\n\n\n\n<p>La Comisi\u00f3n de Gobernaci\u00f3n y Reglamentaci\u00f3n se conforma de los ediles:<br>presidenta, Natalia Guadalupe Fern\u00e1ndez Mart\u00ednez; secretario, Gabriel Francisco<br>Pedro; y como vocales Luis Jorge Cuerda Serna, Ra\u00fal Alejandro Garza Del Valle y<br>Sergio Lara Galv\u00e1n.<\/p>\n\n\n\n<p>Por su parte la Comisi\u00f3n de Inspecci\u00f3n, Verificaci\u00f3n y Protecci\u00f3n Civil se<br>conforma de los ediles: presidenta, Dora Elia Salinas Dur\u00e1n; secretaria, Mar\u00eda<br>Fernanda Gonz\u00e1lez Aponte; y como vocales Karla Liliana Centeno F\u00e9lix, Ra\u00fal<br>Fabian Ruelas Navarro y Sergio Lara Galv\u00e1n.<\/p>\n","protected":false},"excerpt":{"rendered":"<p>Torre\u00f3n, Coahuila. A 25 de abril de 2025. En sesi\u00f3n conjunta de las comisiones de Seguridad P\u00fablica, Gobernaci\u00f3n yReglamentaci\u00f3n, e Inspecci\u00f3n, Verificaci\u00f3n y Protecci\u00f3n Civil, se analiz\u00f3reglamentar el protocolo para la prevenci\u00f3n, atenci\u00f3n y sanci\u00f3n de los eventosrelacionados con ri\u00f1as en bares y antros en Torre\u00f3n, que tiene como objetivoreforzar las acciones implementadas por la Administraci\u00f3n Municipal en estamateria. El presidente de la comisi\u00f3n de Seguridad P\u00fablica, Sergio Lara Galv\u00e1n,&#8230;<\/p>\n","protected":false},"author":1,"featured_media":25743,"comment_status":"closed","ping_status":"","sticky":false,"template":"","format":"standard","meta":{"footnotes":""},"categories":[5,28,7],"tags":[],"class_list":["post-25742","post","type-post","status-publish","format-standard","has-post-thumbnail","hentry","category-coahuila","category-la-laguna","category-torreon","wpcat-5-id","wpcat-28-id","wpcat-7-id"],"_links":{"self":[{"href":"https:\/\/www.aquilaguna.com\/index.php\/wp-json\/wp\/v2\/posts\/25742","targetHints":{"allow":["GET"]}}],"collection":[{"href":"https:\/\/www.aquilaguna.com\/index.php\/wp-json\/wp\/v2\/posts"}],"about":[{"href":"https:\/\/www.aquilaguna.com\/index.php\/wp-json\/wp\/v2\/types\/post"}],"author":[{"embeddable":true,"href":"https:\/\/www.aquilaguna.com\/index.php\/wp-json\/wp\/v2\/users\/1"}],"replies":[{"embeddable":true,"href":"https:\/\/www.aquilaguna.com\/index.php\/wp-json\/wp\/v2\/comments?post=25742"}],"version-history":[{"count":1,"href":"https:\/\/www.aquilaguna.com\/index.php\/wp-json\/wp\/v2\/posts\/25742\/revisions"}],"predecessor-version":[{"id":25744,"href":"https:\/\/www.aquilaguna.com\/index.php\/wp-json\/wp\/v2\/posts\/25742\/revisions\/25744"}],"wp:featuredmedia":[{"embeddable":true,"href":"https:\/\/www.aquilaguna.com\/index.php\/wp-json\/wp\/v2\/media\/25743"}],"wp:attachment":[{"href":"https:\/\/www.aquilaguna.com\/index.php\/wp-json\/wp\/v2\/media?parent=25742"}],"wp:term":[{"taxonomy":"category","embeddable":true,"href":"https:\/\/www.aquilaguna.com\/index.php\/wp-json\/wp\/v2\/categories?post=25742"},{"taxonomy":"post_tag","embeddable":true,"href":"https:\/\/www.aquilaguna.com\/index.php\/wp-json\/wp\/v2\/tags?post=25742"}],"curies":[{"name":"wp","href":"https:\/\/api.w.org\/{rel}","templated":true}]}}