{"id":25748,"date":"2025-04-25T19:15:39","date_gmt":"2025-04-26T01:15:39","guid":{"rendered":"https:\/\/www.aquilaguna.com\/?p=25748"},"modified":"2025-04-25T19:15:39","modified_gmt":"2025-04-26T01:15:39","slug":"la-vivienda-digna-se-construye-con-voluntad-compromiso-y-coordinacion","status":"publish","type":"post","link":"https:\/\/www.aquilaguna.com\/index.php\/2025\/04\/25\/la-vivienda-digna-se-construye-con-voluntad-compromiso-y-coordinacion\/","title":{"rendered":"LA VIVIENDA DIGNA SE CONSTRUYE CON VOLUNTAD, COMPROMISO Y COORDINACI\u00d3N."},"content":{"rendered":"\n<p>Torre\u00f3n, Coahuila \u2013 25 de abril de 2025; Con el firme prop\u00f3sito de fortalecer el acceso a una vivienda adecuada para las y los trabajadores coahuilenses, el Secretario de Vivienda y Ordenamiento Territorial de Coahuila, \u00c1ngel Mahatma S\u00e1nchez, encabez\u00f3 la firma de un convenio de colaboraci\u00f3n con el presidente del Consejo de CANADEVI Comarca Lagunera, Marcelo Obeso.<\/p>\n\n\n\n<p>El acto se llev\u00f3 a cabo este 24 de abril en la ciudad de Torre\u00f3n, Coahuila, donde autoridades estatales y representantes del sector privado refrendaron su compromiso con el desarrollo social y urbano de la entidad. Este acuerdo representa un paso decisivo en la coordinaci\u00f3n entre gobierno, iniciativa privada y sociedad, sumando esfuerzos para generar mejores oportunidades de bienestar para las familias coahuilenses.<\/p>\n\n\n\n<p>\u201cEste convenio representa una acci\u00f3n concreta para generar oportunidades reales de bienestar para las y los coahuilenses. Desde la SEVOT seguiremos trabajando de manera cercana con todos los sectores para construir un mejor futuro para nuestras comunidades\u201d, destac\u00f3 el Secretario \u00c1ngel Mahatma S\u00e1nchez.<\/p>\n\n\n\n<p>En el evento estuvieron presentes los subsecretarios de la SEVOT, Juan Carlos Ayup y Kenia Carre\u00f3n; as\u00ed como Fernando Abusaid, secretario del Consejo de CANADEVI Comarca Lagunera. Tambi\u00e9n participaron los asesores Benjamin Tumoine Villarreal, Roberto Osada y Alfonso Ornelas.<\/p>\n\n\n\n<p>El convenio firmado es una muestra del trabajo conjunto para garantizar el acceso a viviendas dignas, impulsar el crecimiento ordenado de las ciudades y consolidar el bienestar de los trabajadores de la regi\u00f3n lagunera.<\/p>\n","protected":false},"excerpt":{"rendered":"<p>Torre\u00f3n, Coahuila \u2013 25 de abril de 2025; Con el firme prop\u00f3sito de fortalecer el acceso a una vivienda adecuada para las y los trabajadores coahuilenses, el Secretario de Vivienda y Ordenamiento Territorial de Coahuila, \u00c1ngel Mahatma S\u00e1nchez, encabez\u00f3 la firma de un convenio de colaboraci\u00f3n con el presidente del Consejo de CANADEVI Comarca Lagunera, Marcelo Obeso. El acto se llev\u00f3 a cabo este 24 de abril en la ciudad&#8230;<\/p>\n","protected":false},"author":1,"featured_media":25749,"comment_status":"closed","ping_status":"","sticky":false,"template":"","format":"standard","meta":{"footnotes":""},"categories":[5,15,87],"tags":[],"class_list":["post-25748","post","type-post","status-publish","format-standard","has-post-thumbnail","hentry","category-coahuila","category-gobierno-de-coahuila","category-vivienda","wpcat-5-id","wpcat-15-id","wpcat-87-id"],"_links":{"self":[{"href":"https:\/\/www.aquilaguna.com\/index.php\/wp-json\/wp\/v2\/posts\/25748","targetHints":{"allow":["GET"]}}],"collection":[{"href":"https:\/\/www.aquilaguna.com\/index.php\/wp-json\/wp\/v2\/posts"}],"about":[{"href":"https:\/\/www.aquilaguna.com\/index.php\/wp-json\/wp\/v2\/types\/post"}],"author":[{"embeddable":true,"href":"https:\/\/www.aquilaguna.com\/index.php\/wp-json\/wp\/v2\/users\/1"}],"replies":[{"embeddable":true,"href":"https:\/\/www.aquilaguna.com\/index.php\/wp-json\/wp\/v2\/comments?post=25748"}],"version-history":[{"count":1,"href":"https:\/\/www.aquilaguna.com\/index.php\/wp-json\/wp\/v2\/posts\/25748\/revisions"}],"predecessor-version":[{"id":25750,"href":"https:\/\/www.aquilaguna.com\/index.php\/wp-json\/wp\/v2\/posts\/25748\/revisions\/25750"}],"wp:featuredmedia":[{"embeddable":true,"href":"https:\/\/www.aquilaguna.com\/index.php\/wp-json\/wp\/v2\/media\/25749"}],"wp:attachment":[{"href":"https:\/\/www.aquilaguna.com\/index.php\/wp-json\/wp\/v2\/media?parent=25748"}],"wp:term":[{"taxonomy":"category","embeddable":true,"href":"https:\/\/www.aquilaguna.com\/index.php\/wp-json\/wp\/v2\/categories?post=25748"},{"taxonomy":"post_tag","embeddable":true,"href":"https:\/\/www.aquilaguna.com\/index.php\/wp-json\/wp\/v2\/tags?post=25748"}],"curies":[{"name":"wp","href":"https:\/\/api.w.org\/{rel}","templated":true}]}}