{"id":25754,"date":"2025-04-25T19:17:42","date_gmt":"2025-04-26T01:17:42","guid":{"rendered":"https:\/\/www.aquilaguna.com\/?p=25754"},"modified":"2025-04-25T19:17:42","modified_gmt":"2025-04-26T01:17:42","slug":"listos-para-regresar-a-las-aulas-mas-de-un-millon-de-estudiantes","status":"publish","type":"post","link":"https:\/\/www.aquilaguna.com\/index.php\/2025\/04\/25\/listos-para-regresar-a-las-aulas-mas-de-un-millon-de-estudiantes\/","title":{"rendered":"LISTOS PARA REGRESAR A LAS AULAS MAS DE UN MILL\u00d3N DE ESTUDIANTES."},"content":{"rendered":"\n<p>Saltillo, Coahuila de Zaragoza; a 25 de abril de 2025.- A partir del pr\u00f3ximo lunes 28 de abril contin\u00faan con sus actividades acad\u00e9micas m\u00e1s de un mill\u00f3n de estudiantes de educaci\u00f3n B\u00e1sica, Media Superior, Superior, Unidad de Servicios Apoyo a la Educaci\u00f3n Regular (USAER), capacitaci\u00f3n para el trabajo y educaci\u00f3n para adultos.<\/p>\n\n\n\n<p>El secretario de educaci\u00f3n, Emanuel Garza Fishburn, destac\u00f3 que despu\u00e9s del receso escolar alumnos y docentes regresar\u00e1n motivados, en el caso de educaci\u00f3n b\u00edasica para la \u00faltima parte del ciclo escolar 2024-2025.<\/p>\n\n\n\n<p>Garza Fishburn detall\u00f3 que en educaci\u00f3n Media Superior, Superior y otros servicios aunque se manejan por cuatrimestre o semestre tambi\u00e9n representa este descanso un momento para recargar energ\u00edas.<\/p>\n\n\n\n<p>Destac\u00f3 que gracias al compromiso de los padres y madres de familia, los vecinos de las escuelas para vigilar los centros escolares y el apoyo y la coordinaci\u00f3n dispuesta por el gobernador Manolo Jim\u00e9nez Salinas con las instancias de seguridad municipales y estatal a favor de la seguridad de nuestros planteles al momento no se cuenta con reportes de da\u00f1os a los bienes escolares.<\/p>\n\n\n\n<p>El Secretario invit\u00f3 a padres y madres de familia para estar atentos a fechas y tr\u00e1mites importantes que se acercan como para quienes realizaron su registro de preinscripci\u00f3n para Educaci\u00f3n Inicial, Preescolar, Primaria o Secundaria para el ciclo escolar 2025 \u2013 2026, ya que a partir del 30 de abril podr\u00e1n consultar la escuela a la que fueron asignados en la p\u00e1gina&nbsp;<a href=\"https:\/\/gaabcdh.r.bh.d.sendibt3.com\/tr\/cl\/qJqCTZaKn30H_axhKlmDKgVLQcKyuLvZVNx0-2UcFyWBSMjxDCNejalThOuqKlcArYQJuG8mrSNJ6ART1MR6ODJch33YXJAoR1MuGwdw549q0QX0KrHS6pMHz-_UzDExSaLuOv6gNVCUcyEj9JKMGy_couPVHX-4cURw09OBUB2WjoDHMc0VKnwMkAop2i2Rt06qJiV2Bn8sWwrmExn98Mip3NbV2L1mkXDr1_4o9-XddRS90STVxyYE1JhW_04SoafhxHhH5c-tHWPhmbBDwqVqA618TQ\" rel=\"noreferrer noopener\" target=\"_blank\">www.inscripciones.org<\/a>, para continuar con el proceso de inscripci\u00f3n del 6 al 16 de mayo que deber\u00e1n acudir al plantel asignado para confirmar su inscripci\u00f3n.<\/p>\n","protected":false},"excerpt":{"rendered":"<p>Saltillo, Coahuila de Zaragoza; a 25 de abril de 2025.- A partir del pr\u00f3ximo lunes 28 de abril contin\u00faan con sus actividades acad\u00e9micas m\u00e1s de un mill\u00f3n de estudiantes de educaci\u00f3n B\u00e1sica, Media Superior, Superior, Unidad de Servicios Apoyo a la Educaci\u00f3n Regular (USAER), capacitaci\u00f3n para el trabajo y educaci\u00f3n para adultos. El secretario de educaci\u00f3n, Emanuel Garza Fishburn, destac\u00f3 que despu\u00e9s del receso escolar alumnos y docentes regresar\u00e1n motivados,&#8230;<\/p>\n","protected":false},"author":1,"featured_media":25755,"comment_status":"closed","ping_status":"","sticky":false,"template":"","format":"standard","meta":{"footnotes":""},"categories":[5,9,15],"tags":[],"class_list":["post-25754","post","type-post","status-publish","format-standard","has-post-thumbnail","hentry","category-coahuila","category-educacion","category-gobierno-de-coahuila","wpcat-5-id","wpcat-9-id","wpcat-15-id"],"_links":{"self":[{"href":"https:\/\/www.aquilaguna.com\/index.php\/wp-json\/wp\/v2\/posts\/25754","targetHints":{"allow":["GET"]}}],"collection":[{"href":"https:\/\/www.aquilaguna.com\/index.php\/wp-json\/wp\/v2\/posts"}],"about":[{"href":"https:\/\/www.aquilaguna.com\/index.php\/wp-json\/wp\/v2\/types\/post"}],"author":[{"embeddable":true,"href":"https:\/\/www.aquilaguna.com\/index.php\/wp-json\/wp\/v2\/users\/1"}],"replies":[{"embeddable":true,"href":"https:\/\/www.aquilaguna.com\/index.php\/wp-json\/wp\/v2\/comments?post=25754"}],"version-history":[{"count":1,"href":"https:\/\/www.aquilaguna.com\/index.php\/wp-json\/wp\/v2\/posts\/25754\/revisions"}],"predecessor-version":[{"id":25756,"href":"https:\/\/www.aquilaguna.com\/index.php\/wp-json\/wp\/v2\/posts\/25754\/revisions\/25756"}],"wp:featuredmedia":[{"embeddable":true,"href":"https:\/\/www.aquilaguna.com\/index.php\/wp-json\/wp\/v2\/media\/25755"}],"wp:attachment":[{"href":"https:\/\/www.aquilaguna.com\/index.php\/wp-json\/wp\/v2\/media?parent=25754"}],"wp:term":[{"taxonomy":"category","embeddable":true,"href":"https:\/\/www.aquilaguna.com\/index.php\/wp-json\/wp\/v2\/categories?post=25754"},{"taxonomy":"post_tag","embeddable":true,"href":"https:\/\/www.aquilaguna.com\/index.php\/wp-json\/wp\/v2\/tags?post=25754"}],"curies":[{"name":"wp","href":"https:\/\/api.w.org\/{rel}","templated":true}]}}