{"id":25765,"date":"2025-04-27T16:28:15","date_gmt":"2025-04-27T22:28:15","guid":{"rendered":"https:\/\/www.aquilaguna.com\/?p=25765"},"modified":"2025-04-27T16:28:15","modified_gmt":"2025-04-27T22:28:15","slug":"dependencias-municipales-participan-en-jornada-de-limpieza-unidos-por-el-rio-nazas","status":"publish","type":"post","link":"https:\/\/www.aquilaguna.com\/index.php\/2025\/04\/27\/dependencias-municipales-participan-en-jornada-de-limpieza-unidos-por-el-rio-nazas\/","title":{"rendered":"Dependencias municipales participan en jornada de limpieza \u201cUnidos por el R\u00edo Nazas\u201d"},"content":{"rendered":"\n<p>Torre\u00f3n, Coahuila. A 26 de abril de 2025.<\/p>\n\n\n\n<p>Atendiendo una indicaci\u00f3n del alcalde Rom\u00e1n Alberto Cepeda Gonz\u00e1lez, diversas<br>dependencias municipales participaron en conjunto con la Comisi\u00f3n Nacional del<br>Agua (CONAGUA), en la jornada \u201cUnidos por el R\u00edo Nazas\u201d.<\/p>\n\n\n\n<p>La actividad se desarroll\u00f3 en el lecho seco del R\u00edo Nazas a la altura del Puente<br>Plateado.<\/p>\n\n\n\n<p>Por parte de la Direcci\u00f3n de Servicios P\u00fablicos Municipales, personal del<br>departamento de limpieza, se sum\u00f3 a esta acci\u00f3n.<\/p>\n\n\n\n<p>El director Fernando Villarreal Cu\u00e9llar, dijo que la dependencia se destaca por<br>cumplir con labores de limpieza, mantenimiento, jardiner\u00eda y cuidado de espacios<br>p\u00fablicos, vialidades, parques y dem\u00e1s sitios dentro de la ciudad, por lo que<br>sumarse a dicha actividad fortalece las acciones de la Administraci\u00f3n Municipal.<\/p>\n\n\n\n<p>El funcionario dijo que con labores como esta, se alinean a los objetivos de la<br>Administraci\u00f3n Municipal que encabeza el alcalde Rom\u00e1n Alberto Cepeda<br>Gonz\u00e1lez, de trabajar por un mejor entorno para los ciudadanos.<\/p>\n\n\n\n<p>Tambi\u00e9n se sumaron a la jornada direcciones como Medio Ambiente y de la<br>Unidad de Prevenci\u00f3n Social de la Violencia.<\/p>\n\n\n\n<p>La directora de la Unidad de Prevenci\u00f3n Social de la Violencia, Blanca \u00c1lvarez,<br>dijo que la limpieza no solo embellece, sino que tambi\u00e9n protege la vida que fluye<br>en cada rinc\u00f3n de nuestro planeta.<\/p>\n","protected":false},"excerpt":{"rendered":"<p>Torre\u00f3n, Coahuila. A 26 de abril de 2025. Atendiendo una indicaci\u00f3n del alcalde Rom\u00e1n Alberto Cepeda Gonz\u00e1lez, diversasdependencias municipales participaron en conjunto con la Comisi\u00f3n Nacional delAgua (CONAGUA), en la jornada \u201cUnidos por el R\u00edo Nazas\u201d. La actividad se desarroll\u00f3 en el lecho seco del R\u00edo Nazas a la altura del PuentePlateado. Por parte de la Direcci\u00f3n de Servicios P\u00fablicos Municipales, personal deldepartamento de limpieza, se sum\u00f3 a esta acci\u00f3n&#8230;.<\/p>\n","protected":false},"author":1,"featured_media":25766,"comment_status":"closed","ping_status":"","sticky":false,"template":"","format":"standard","meta":{"footnotes":""},"categories":[5,28,7],"tags":[],"class_list":["post-25765","post","type-post","status-publish","format-standard","has-post-thumbnail","hentry","category-coahuila","category-la-laguna","category-torreon","wpcat-5-id","wpcat-28-id","wpcat-7-id"],"_links":{"self":[{"href":"https:\/\/www.aquilaguna.com\/index.php\/wp-json\/wp\/v2\/posts\/25765","targetHints":{"allow":["GET"]}}],"collection":[{"href":"https:\/\/www.aquilaguna.com\/index.php\/wp-json\/wp\/v2\/posts"}],"about":[{"href":"https:\/\/www.aquilaguna.com\/index.php\/wp-json\/wp\/v2\/types\/post"}],"author":[{"embeddable":true,"href":"https:\/\/www.aquilaguna.com\/index.php\/wp-json\/wp\/v2\/users\/1"}],"replies":[{"embeddable":true,"href":"https:\/\/www.aquilaguna.com\/index.php\/wp-json\/wp\/v2\/comments?post=25765"}],"version-history":[{"count":1,"href":"https:\/\/www.aquilaguna.com\/index.php\/wp-json\/wp\/v2\/posts\/25765\/revisions"}],"predecessor-version":[{"id":25767,"href":"https:\/\/www.aquilaguna.com\/index.php\/wp-json\/wp\/v2\/posts\/25765\/revisions\/25767"}],"wp:featuredmedia":[{"embeddable":true,"href":"https:\/\/www.aquilaguna.com\/index.php\/wp-json\/wp\/v2\/media\/25766"}],"wp:attachment":[{"href":"https:\/\/www.aquilaguna.com\/index.php\/wp-json\/wp\/v2\/media?parent=25765"}],"wp:term":[{"taxonomy":"category","embeddable":true,"href":"https:\/\/www.aquilaguna.com\/index.php\/wp-json\/wp\/v2\/categories?post=25765"},{"taxonomy":"post_tag","embeddable":true,"href":"https:\/\/www.aquilaguna.com\/index.php\/wp-json\/wp\/v2\/tags?post=25765"}],"curies":[{"name":"wp","href":"https:\/\/api.w.org\/{rel}","templated":true}]}}