{"id":25771,"date":"2025-04-27T16:43:27","date_gmt":"2025-04-27T22:43:27","guid":{"rendered":"https:\/\/www.aquilaguna.com\/?p=25771"},"modified":"2025-04-27T16:43:27","modified_gmt":"2025-04-27T22:43:27","slug":"inicia-en-coahuila-semana-nacional-de-vacunacion","status":"publish","type":"post","link":"https:\/\/www.aquilaguna.com\/index.php\/2025\/04\/27\/inicia-en-coahuila-semana-nacional-de-vacunacion\/","title":{"rendered":"INICIA EN COAHUILA SEMANA NACIONAL DE VACUNACI\u00d3N."},"content":{"rendered":"\n<p>Saltillo, Coahuila de Zaragoza; a 26 de abril de 2025.-&nbsp;&nbsp;Con la meta de aplicar 29 mil dosis inici\u00f3 en Coahuila la Semana Nacional de Vacunaci\u00f3n encaminada a completar esquemas b\u00e1sicos en ni\u00f1os menores de 9 a\u00f1os, adolescentes, mujeres embarazadas, adultos mayores y personal de salud.&nbsp;<\/p>\n\n\n\n<p>Eliud Aguirre V\u00e1zquez, Secretario de Salud encabez\u00f3 esta actividad en las instalaciones del Hospital General de Saltillo para aplicar las primeras vacunas.<\/p>\n\n\n\n<p>El funcionario destac\u00f3 que de manera simult\u00e1nea el arranque se dio en las 8 Jurisdicciones Sanitarias donde los puntos de vacunaci\u00f3n podr\u00e1n encontrarlos en los Hospitales Generales, los 133 Centros de Salud y unidades de salud del IMSS y del ISSSTE.<\/p>\n\n\n\n<p>Detall\u00f3 que el personal estar\u00e1 enfocado en esta intensa jornada que durar\u00e1 del 26 de abril al 3 de mayo donde adem\u00e1s se han programado brigadas en puntos&nbsp;&nbsp;de alta concentraci\u00f3n como centros comerciales.<\/p>\n\n\n\n<p>Manifest\u00f3 que los interesados deber\u00e1n de acudir con su cartilla de vacunaci\u00f3n, \u201cen caso de no tenerla podemos otorgarles una en cada centro de salud para que tengan un pleno control de su esquema de vacunaci\u00f3n\u201d dijo.<\/p>\n\n\n\n<p>Por su parte Martha Alicia Romero Reyna, Subdirectora de Prevenci\u00f3n y Promoci\u00f3n de la Salud dio a conocer que algunas de las vacunas que se aplicar\u00e1n ser\u00e1n contra el sarampi\u00f3n, rub\u00e9ola y parotiditis; contra la tosferina, difteria y t\u00e9tanos para menores de 4 a\u00f1os; rotavirus y neumococo;&nbsp;&nbsp;contra el virus del papiloma humano, contra el COVID \u2013 19 y hepatitis B, entre otras.&nbsp;<\/p>\n\n\n\n<p>\u201cLa vacunaci\u00f3n es una de las herramientas m\u00e1s eficaces para fortalecer el sano crecimiento de nuestros ni\u00f1os y ni\u00f1as, previene enfermedades y ayudar a la salud p\u00fablica\u201d agreg\u00f3 Romero Reyna.<\/p>\n\n\n\n<p>Los grupos primarios de atenci\u00f3n pueden acudir durante la semana, aunque la aplicaci\u00f3n de los biol\u00f3gicos es permanente, durante todo el a\u00f1o, concluy\u00f3.<\/p>\n","protected":false},"excerpt":{"rendered":"<p>Saltillo, Coahuila de Zaragoza; a 26 de abril de 2025.-&nbsp;&nbsp;Con la meta de aplicar 29 mil dosis inici\u00f3 en Coahuila la Semana Nacional de Vacunaci\u00f3n encaminada a completar esquemas b\u00e1sicos en ni\u00f1os menores de 9 a\u00f1os, adolescentes, mujeres embarazadas, adultos mayores y personal de salud.&nbsp; Eliud Aguirre V\u00e1zquez, Secretario de Salud encabez\u00f3 esta actividad en las instalaciones del Hospital General de Saltillo para aplicar las primeras vacunas. El funcionario destac\u00f3&#8230;<\/p>\n","protected":false},"author":1,"featured_media":25772,"comment_status":"closed","ping_status":"","sticky":false,"template":"","format":"standard","meta":{"footnotes":""},"categories":[5,15,14],"tags":[],"class_list":["post-25771","post","type-post","status-publish","format-standard","has-post-thumbnail","hentry","category-coahuila","category-gobierno-de-coahuila","category-salud","wpcat-5-id","wpcat-15-id","wpcat-14-id"],"_links":{"self":[{"href":"https:\/\/www.aquilaguna.com\/index.php\/wp-json\/wp\/v2\/posts\/25771","targetHints":{"allow":["GET"]}}],"collection":[{"href":"https:\/\/www.aquilaguna.com\/index.php\/wp-json\/wp\/v2\/posts"}],"about":[{"href":"https:\/\/www.aquilaguna.com\/index.php\/wp-json\/wp\/v2\/types\/post"}],"author":[{"embeddable":true,"href":"https:\/\/www.aquilaguna.com\/index.php\/wp-json\/wp\/v2\/users\/1"}],"replies":[{"embeddable":true,"href":"https:\/\/www.aquilaguna.com\/index.php\/wp-json\/wp\/v2\/comments?post=25771"}],"version-history":[{"count":1,"href":"https:\/\/www.aquilaguna.com\/index.php\/wp-json\/wp\/v2\/posts\/25771\/revisions"}],"predecessor-version":[{"id":25773,"href":"https:\/\/www.aquilaguna.com\/index.php\/wp-json\/wp\/v2\/posts\/25771\/revisions\/25773"}],"wp:featuredmedia":[{"embeddable":true,"href":"https:\/\/www.aquilaguna.com\/index.php\/wp-json\/wp\/v2\/media\/25772"}],"wp:attachment":[{"href":"https:\/\/www.aquilaguna.com\/index.php\/wp-json\/wp\/v2\/media?parent=25771"}],"wp:term":[{"taxonomy":"category","embeddable":true,"href":"https:\/\/www.aquilaguna.com\/index.php\/wp-json\/wp\/v2\/categories?post=25771"},{"taxonomy":"post_tag","embeddable":true,"href":"https:\/\/www.aquilaguna.com\/index.php\/wp-json\/wp\/v2\/tags?post=25771"}],"curies":[{"name":"wp","href":"https:\/\/api.w.org\/{rel}","templated":true}]}}