{"id":25774,"date":"2025-04-27T16:46:24","date_gmt":"2025-04-27T22:46:24","guid":{"rendered":"https:\/\/www.aquilaguna.com\/?p=25774"},"modified":"2025-04-27T16:46:24","modified_gmt":"2025-04-27T22:46:24","slug":"se-esperan-fuertes-lluvias-y-vientos-con-posible-formacion-de-torbellinos-o-tornados-en-coahuila","status":"publish","type":"post","link":"https:\/\/www.aquilaguna.com\/index.php\/2025\/04\/27\/se-esperan-fuertes-lluvias-y-vientos-con-posible-formacion-de-torbellinos-o-tornados-en-coahuila\/","title":{"rendered":"SE ESPERAN FUERTES LLUVIAS Y VIENTOS CON POSIBLE FORMACI\u00d3N DE TORBELLINOS O TORNADOS EN COAHUILA."},"content":{"rendered":"\n<p>Saltillo, Coahuila de Zaragoza; 27 de abril de 2025. La Secretar\u00eda de Gobierno, a trav\u00e9s de la Subsecretar\u00eda de Protecci\u00f3n Civil del Estado, informa que un nuevo frente fr\u00edo se desplazar\u00e1 sobre el noroeste de M\u00e9xico y, en interacci\u00f3n con una l\u00ednea seca sobre el norte del pa\u00eds, generar\u00e1 vientos fuertes, lluvias puntuales fuertes y la posible formaci\u00f3n de torbellinos o tornados en las regiones Norte y Carbon\u00edfera de Coahuila.<\/p>\n\n\n\n<p>De acuerdo con el pron\u00f3stico del Servicio Meteorol\u00f3gico Nacional, se esperan:<\/p>\n\n\n\n<p>\u2022&nbsp; Lluvias puntuales fuertes (25 a 50 mm).<\/p>\n\n\n\n<p>\u2022&nbsp; Viento de 40 a 60 km\/h, con rachas de 70 a 90 km\/h y probabilidad de torbellinos o tornados.<\/p>\n\n\n\n<p><strong>Pron\u00f3stico por regi\u00f3n:<\/strong><\/p>\n\n\n\n<p><strong>&#8211; Regi\u00f3n Norte<\/strong><\/p>\n\n\n\n<p>\u2022&nbsp; Lunes: 34\u00b0C \/ 23\u00b0C \u2013 25% de probabilidad de lluvia<\/p>\n\n\n\n<p>\u2022&nbsp; Martes: 33\u00b0C \/ 23\u00b0C \u2013 15% de probabilidad de lluvia<\/p>\n\n\n\n<p>\u2022&nbsp; Mi\u00e9rcoles: 37\u00b0C \/ 19\u00b0C \u2013 15% de probabilidad de lluvia<\/p>\n\n\n\n<p><strong>&#8211; Regi\u00f3n Carbon\u00edfera<\/strong><\/p>\n\n\n\n<p>\u2022&nbsp; Lunes: 34\u00b0C \/ 21\u00b0C \u2013 25% de probabilidad de lluvia<\/p>\n\n\n\n<p>\u2022&nbsp; Martes: 33\u00b0C \/ 21\u00b0C \u2013 20% de probabilidad de lluvia<\/p>\n\n\n\n<p>\u2022&nbsp; Mi\u00e9rcoles: 38\u00b0C \/ 19\u00b0C \u2013 5% de probabilidad de lluvia<\/p>\n\n\n\n<ul class=\"wp-block-list\">\n<li><strong>Regi\u00f3n Centro<\/strong><\/li>\n<\/ul>\n\n\n\n<p>\u2022&nbsp; Lunes: 36\u00b0C \/ 22\u00b0C \u2013 10% de probabilidad de lluvia<\/p>\n\n\n\n<p>\u2022&nbsp; Martes: 34\u00b0C \/ 22\u00b0C \u2013 25% de probabilidad de lluvia<\/p>\n\n\n\n<p>\u2022&nbsp; Mi\u00e9rcoles: 37\u00b0C \/ 21\u00b0C \u2013 5% de probabilidad de lluvia<\/p>\n\n\n\n<p><strong>&#8211; Regi\u00f3n Laguna<\/strong><\/p>\n\n\n\n<p>\u2022&nbsp; Lunes: 38\u00b0C \/ 20\u00b0C \u2013 5% de probabilidad de lluvia<\/p>\n\n\n\n<p>\u2022&nbsp; Martes: 36\u00b0C \/ 20\u00b0C \u2013 Sin probabilidad de lluvia<\/p>\n\n\n\n<p>\u2022&nbsp; Mi\u00e9rcoles: 35\u00b0C \/ 18\u00b0C \u2013 Sin probabilidad de lluvia<\/p>\n\n\n\n<ul class=\"wp-block-list\">\n<li><strong>Regi\u00f3n Sureste<\/strong><\/li>\n<\/ul>\n\n\n\n<p>\u2022&nbsp; Lunes: 31\u00b0C \/ 17\u00b0C \u2013 25% de probabilidad de lluvia<\/p>\n\n\n\n<p>\u2022&nbsp; Martes: 29\u00b0C \/ 17\u00b0C \u2013 20% de probabilidad de lluvia<\/p>\n\n\n\n<p>\u2022&nbsp; Mi\u00e9rcoles: 30\u00b0C \/ 15\u00b0C \u2013 6% de probabilidad de lluvia<\/p>\n\n\n\n<p><strong>Recomendaciones ante vientos fuertes, lluvias intensas y posibles torbellinos:<\/strong><\/p>\n\n\n\n<p>\u2022&nbsp; Asegura techos, l\u00e1minas, lonas y objetos que puedan desprenderse y convertirse en proyectiles.<\/p>\n\n\n\n<p>\u2022&nbsp; Retira macetas, muebles de exterior u otros objetos que puedan ser arrastrados por el viento.<\/p>\n\n\n\n<p>\u2022&nbsp; No estaciones veh\u00edculos debajo de \u00e1rboles, postes o estructuras endebles.<\/p>\n\n\n\n<p>\u2022&nbsp; Conduce con precauci\u00f3n, reduce la velocidad y enciende las luces intermitentes si llueve intensamente.<\/p>\n\n\n\n<p>\u2022&nbsp; Permanece en lugares seguros y evita refugiarte bajo \u00e1rboles durante tormentas el\u00e9ctricas.<\/p>\n\n\n\n<p>\u2022&nbsp; Al\u00e9jate de ventanas y puertas de vidrio durante las tormentas.<\/p>\n\n\n\n<p>\u2022&nbsp; Si observas la formaci\u00f3n de un torbellino o tornado, ref\u00fagiate de inmediato en una habitaci\u00f3n interior, preferentemente en la planta baja, alejado de ventanas.<\/p>\n\n\n\n<p>Mantente informado a trav\u00e9s de medios oficiales y atiende las indicaciones de las autoridades.<\/p>\n\n\n\n<p>La Subsecretar\u00eda de Protecci\u00f3n Civil del Estado contin\u00faa con el monitoreo permanente de las condiciones clim\u00e1ticas y exhorta a la poblaci\u00f3n a mantenerse atenta a los avisos oficiales.<\/p>\n\n\n\n<p>En caso de emergencia, comun\u00edcate de inmediato al 911.<\/p>\n","protected":false},"excerpt":{"rendered":"<p>Saltillo, Coahuila de Zaragoza; 27 de abril de 2025. La Secretar\u00eda de Gobierno, a trav\u00e9s de la Subsecretar\u00eda de Protecci\u00f3n Civil del Estado, informa que un nuevo frente fr\u00edo se desplazar\u00e1 sobre el noroeste de M\u00e9xico y, en interacci\u00f3n con una l\u00ednea seca sobre el norte del pa\u00eds, generar\u00e1 vientos fuertes, lluvias puntuales fuertes y la posible formaci\u00f3n de torbellinos o tornados en las regiones Norte y Carbon\u00edfera de Coahuila&#8230;.<\/p>\n","protected":false},"author":1,"featured_media":25775,"comment_status":"closed","ping_status":"","sticky":false,"template":"","format":"standard","meta":{"footnotes":""},"categories":[27,5,15,54],"tags":[],"class_list":["post-25774","post","type-post","status-publish","format-standard","has-post-thumbnail","hentry","category-clima","category-coahuila","category-gobierno-de-coahuila","category-proteccion-civil","wpcat-27-id","wpcat-5-id","wpcat-15-id","wpcat-54-id"],"_links":{"self":[{"href":"https:\/\/www.aquilaguna.com\/index.php\/wp-json\/wp\/v2\/posts\/25774","targetHints":{"allow":["GET"]}}],"collection":[{"href":"https:\/\/www.aquilaguna.com\/index.php\/wp-json\/wp\/v2\/posts"}],"about":[{"href":"https:\/\/www.aquilaguna.com\/index.php\/wp-json\/wp\/v2\/types\/post"}],"author":[{"embeddable":true,"href":"https:\/\/www.aquilaguna.com\/index.php\/wp-json\/wp\/v2\/users\/1"}],"replies":[{"embeddable":true,"href":"https:\/\/www.aquilaguna.com\/index.php\/wp-json\/wp\/v2\/comments?post=25774"}],"version-history":[{"count":1,"href":"https:\/\/www.aquilaguna.com\/index.php\/wp-json\/wp\/v2\/posts\/25774\/revisions"}],"predecessor-version":[{"id":25776,"href":"https:\/\/www.aquilaguna.com\/index.php\/wp-json\/wp\/v2\/posts\/25774\/revisions\/25776"}],"wp:featuredmedia":[{"embeddable":true,"href":"https:\/\/www.aquilaguna.com\/index.php\/wp-json\/wp\/v2\/media\/25775"}],"wp:attachment":[{"href":"https:\/\/www.aquilaguna.com\/index.php\/wp-json\/wp\/v2\/media?parent=25774"}],"wp:term":[{"taxonomy":"category","embeddable":true,"href":"https:\/\/www.aquilaguna.com\/index.php\/wp-json\/wp\/v2\/categories?post=25774"},{"taxonomy":"post_tag","embeddable":true,"href":"https:\/\/www.aquilaguna.com\/index.php\/wp-json\/wp\/v2\/tags?post=25774"}],"curies":[{"name":"wp","href":"https:\/\/api.w.org\/{rel}","templated":true}]}}