{"id":25777,"date":"2025-04-27T16:49:05","date_gmt":"2025-04-27T22:49:05","guid":{"rendered":"https:\/\/www.aquilaguna.com\/?p=25777"},"modified":"2025-04-27T16:49:05","modified_gmt":"2025-04-27T22:49:05","slug":"inicia-dif-entrega-de-apoyos-alimentarios-en-todo-coahuila","status":"publish","type":"post","link":"https:\/\/www.aquilaguna.com\/index.php\/2025\/04\/27\/inicia-dif-entrega-de-apoyos-alimentarios-en-todo-coahuila\/","title":{"rendered":"INICIA DIF ENTREGA DE APOYOS ALIMENTARIOS EN TODO COAHUILA."},"content":{"rendered":"\n<p>Saltillo, Coahuila; 26 de abril de 2025.\u2013 Como parte de las acciones que impulsa el Gobierno del Estado a trav\u00e9s del DIF Coahuila, en conjunto con el DIF Saltillo, se llev\u00f3 a cabo la entrega de apoyos alimentarios en el Centro Estatal de Atenci\u00f3n Integral al Adulto Mayor, beneficiando a familias en situaci\u00f3n de vulnerabilidad de la Regi\u00f3n Sureste.<\/p>\n\n\n\n<p>Esta entrega forma parte del programa de Atenci\u00f3n Alimentaria a Personas en Situaci\u00f3n de Vulnerabilidad, cuyo objetivo central es mejorar el estado nutricional y la salud de quienes m\u00e1s lo necesitan. En esta primera etapa se estar\u00e1n entregando un total de 500 apoyos, correspondientes a la primera de cuatro entregas que se realizar\u00e1n durante el a\u00f1o.<\/p>\n\n\n\n<p>La Presidenta Honoraria del DIF Coahuila, Liliana Salinas Vald\u00e9s, destac\u00f3 la importancia de seguir trabajando en equipo para llegar a m\u00e1s personas. \u201cUna alimentaci\u00f3n sana y balanceada es esencial para una vida saludable, por eso, este programa est\u00e1 dise\u00f1ado con base en criterios nutricionales que permiten mejorar la calidad de vida de nuestros beneficiarios\u201d, expres\u00f3.<\/p>\n\n\n\n<p>Los apoyos alimentarios entregados est\u00e1n compuestos por productos de alto valor nutricional, como cereales integrales, leguminosas, verduras, as\u00ed como alimentos fuente de calcio, que en conjunto complementan una dieta saludable.<\/p>\n\n\n\n<p>Esta acci\u00f3n es resultado del trabajo coordinado entre el DIF Coahuila y el DIF Saltillo, reafirmando el compromiso de ambas instituciones por atender de manera directa y eficaz las necesidades alimentarias de la poblaci\u00f3n en situaci\u00f3n de vulnerabilidad.<\/p>\n\n\n\n<p>Acompa\u00f1aron en el evento Luly L\u00f3pez Naranjo, Presidenta Honoraria del DIF Saltillo; Alejandro Cepeda Vald\u00e9s, Director General del DIF Coahuila; Ivonne Espinosa Torres, Directora de Programas Sociales del DIF Coahuila; Bertha Castellanos Mu\u00f1oz, Directora del Centro Estatal de Atenci\u00f3n Integral al Adulto Mayor; Roberto C\u00e1rdenas Zavala, Director del DIF Saltillo; Mar\u00eda Luisa Idrogo Garc\u00eda, Coordinadora de Alimentos Nutritivos; y Jos\u00e9 Manuel Rodr\u00edguez Romero, de la Coordinaci\u00f3n Regi\u00f3n Sureste del DIF Coahuila.<\/p>\n\n\n\n<p>Con estas acciones, DIF Coahuila y DIF Saltillo reafirman su compromiso con las familias coahuilenses, sumando esfuerzos para brindar oportunidades de bienestar y mejor calidad de vida a quienes m\u00e1s lo requieren.<\/p>\n","protected":false},"excerpt":{"rendered":"<p>Saltillo, Coahuila; 26 de abril de 2025.\u2013 Como parte de las acciones que impulsa el Gobierno del Estado a trav\u00e9s del DIF Coahuila, en conjunto con el DIF Saltillo, se llev\u00f3 a cabo la entrega de apoyos alimentarios en el Centro Estatal de Atenci\u00f3n Integral al Adulto Mayor, beneficiando a familias en situaci\u00f3n de vulnerabilidad de la Regi\u00f3n Sureste. Esta entrega forma parte del programa de Atenci\u00f3n Alimentaria a Personas&#8230;<\/p>\n","protected":false},"author":1,"featured_media":25778,"comment_status":"closed","ping_status":"","sticky":false,"template":"","format":"standard","meta":{"footnotes":""},"categories":[5,26,15],"tags":[],"class_list":["post-25777","post","type-post","status-publish","format-standard","has-post-thumbnail","hentry","category-coahuila","category-dif","category-gobierno-de-coahuila","wpcat-5-id","wpcat-26-id","wpcat-15-id"],"_links":{"self":[{"href":"https:\/\/www.aquilaguna.com\/index.php\/wp-json\/wp\/v2\/posts\/25777","targetHints":{"allow":["GET"]}}],"collection":[{"href":"https:\/\/www.aquilaguna.com\/index.php\/wp-json\/wp\/v2\/posts"}],"about":[{"href":"https:\/\/www.aquilaguna.com\/index.php\/wp-json\/wp\/v2\/types\/post"}],"author":[{"embeddable":true,"href":"https:\/\/www.aquilaguna.com\/index.php\/wp-json\/wp\/v2\/users\/1"}],"replies":[{"embeddable":true,"href":"https:\/\/www.aquilaguna.com\/index.php\/wp-json\/wp\/v2\/comments?post=25777"}],"version-history":[{"count":1,"href":"https:\/\/www.aquilaguna.com\/index.php\/wp-json\/wp\/v2\/posts\/25777\/revisions"}],"predecessor-version":[{"id":25779,"href":"https:\/\/www.aquilaguna.com\/index.php\/wp-json\/wp\/v2\/posts\/25777\/revisions\/25779"}],"wp:featuredmedia":[{"embeddable":true,"href":"https:\/\/www.aquilaguna.com\/index.php\/wp-json\/wp\/v2\/media\/25778"}],"wp:attachment":[{"href":"https:\/\/www.aquilaguna.com\/index.php\/wp-json\/wp\/v2\/media?parent=25777"}],"wp:term":[{"taxonomy":"category","embeddable":true,"href":"https:\/\/www.aquilaguna.com\/index.php\/wp-json\/wp\/v2\/categories?post=25777"},{"taxonomy":"post_tag","embeddable":true,"href":"https:\/\/www.aquilaguna.com\/index.php\/wp-json\/wp\/v2\/tags?post=25777"}],"curies":[{"name":"wp","href":"https:\/\/api.w.org\/{rel}","templated":true}]}}