{"id":25780,"date":"2025-04-27T19:35:50","date_gmt":"2025-04-28T01:35:50","guid":{"rendered":"https:\/\/www.aquilaguna.com\/?p=25780"},"modified":"2025-04-27T19:35:50","modified_gmt":"2025-04-28T01:35:50","slug":"recibe-coahuila-miles-de-turistas-en-vacaciones-de-semana-santa-y-pascua","status":"publish","type":"post","link":"https:\/\/www.aquilaguna.com\/index.php\/2025\/04\/27\/recibe-coahuila-miles-de-turistas-en-vacaciones-de-semana-santa-y-pascua\/","title":{"rendered":"RECIBE COAHUILA\u00a0 MILES DE TURISTAS EN VACACIONES DE SEMANA SANTA Y PASCUA."},"content":{"rendered":"\n<ul class=\"wp-block-list\">\n<li>Resultado de la seguridad, de la campa\u00f1a de promoci\u00f3n y la diversidad de eventos tur\u00edsticos<\/li>\n<\/ul>\n\n\n\n<p>Saltillo, Coahuila de Zaragoza; a 27 de abril de 2025.- Resultado del clima de seguridad, de la campa\u00f1a de promoci\u00f3n tur\u00edstica \u201cEn Coahuila hay plan\u201d y de m\u00faltiples eventos a lo largo y ancho de su territorio, nuestro estado avanz\u00f3 a pasos de gigante en estas vacaciones de Semana Santa y Pascua.<\/p>\n\n\n\n<p>Durante el periodo de asueto y por instrucciones del gobernador Manolo Jim\u00e9nez Salinas, la Secretar\u00eda de Gobierno puso en marcha un operativo de coordinaci\u00f3n entre los tres \u00f3rdenes de gobierno, con la participaci\u00f3n del Ej\u00e9rcito Mexicano y la Marina, las corporaciones de seguridad del estado y los municipios, instituciones de salud y de emergencia, el Instituto Nacional de Migraci\u00f3n, Protecci\u00f3n Civil y \u00c1ngeles Verdes, a fin de garantizar la seguridad de los paseantes.<\/p>\n\n\n\n<p>Por indicaciones de su titular Cristina Amezcua Gonz\u00e1lez, SECTUR Coahuila instal\u00f3 21 m\u00f3dulos de atenci\u00f3n en los Pueblos M\u00e1gicos y en las ciudades con vocaci\u00f3n tur\u00edstica del estado, donde se brind\u00f3 informaci\u00f3n y asesor\u00eda a los vacacionistas.<\/p>\n\n\n\n<p>En la temporada se realizaron competencias deportivas, rodeos, festivales gastron\u00f3micos, cabalgatas, bailes populares, callejoneadas, exposiciones, eventos art\u00edsticos y culturales; as\u00ed como celebraciones religiosas entre las que destacaron los Viacrucis y la Procesi\u00f3n del Silencio.<\/p>\n\n\n\n<p>En gira de trabajo durante las vacaciones, la secretaria de Turismo y Desarrollo de Pueblos M\u00e1gicos, Cristina Amezcua Gonz\u00e1lez visit\u00f3 los Pueblos M\u00e1gicos de Guerrero, Viesca, Candela, Arteaga y M\u00fazquiz, y los municipios de Torre\u00f3n, Ju\u00e1rez, Lamadrid y Saltillo, donde asisti\u00f3 a inauguraciones de espacios recreativos, festivales gastron\u00f3micos y un museo, as\u00ed como a las celebraciones religiosas, callejoneadas, atractivos naturales y apertura de m\u00f3dulos tur\u00edsticos.<\/p>\n\n\n\n<p>\u201cFue una Semana Santa segura, con actividades para toda la familia y en donde se reflej\u00f3 la grandeza del estado y de nuestra gente; se cumpli\u00f3 la encomienda del gobernador Manolo Jim\u00e9nez de estar atentos con los turistas y visitantes\u201d, se\u00f1al\u00f3 la titular de SECTUR Coahuila.<\/p>\n\n\n\n<p>La seguridad, a\u00f1adi\u00f3, es un factor determinante para que coahuilenses y el turismo recorran el estado por carretera y acudan a eventos, visiten nuestros Pueblos M\u00e1gicos o los sitios naturales, muy concurridos en estas vacaciones. \u201cTenemos atractivos maravillosos y \u00fanicos en Coahuila\u201d, subray\u00f3.<\/p>\n\n\n\n<p>Se estima que en estas vacaciones de Semana Santa visitaron nuestro estado m\u00e1s de 867 mil personas y se gener\u00f3 una derrama econ\u00f3mica de alrededor de mil millones de pesos; se registr\u00f3 una ocupaci\u00f3n promedio estatal del 74 por ciento y al 100 por ciento en los Pueblos M\u00e1gicos.<\/p>\n\n\n\n<p>\u201cUna vez m\u00e1s se demuestra que Coahuila es un gran destino tur\u00edstico\u201d, finaliz\u00f3.<\/p>\n","protected":false},"excerpt":{"rendered":"<p>Saltillo, Coahuila de Zaragoza; a 27 de abril de 2025.- Resultado del clima de seguridad, de la campa\u00f1a de promoci\u00f3n tur\u00edstica \u201cEn Coahuila hay plan\u201d y de m\u00faltiples eventos a lo largo y ancho de su territorio, nuestro estado avanz\u00f3 a pasos de gigante en estas vacaciones de Semana Santa y Pascua. Durante el periodo de asueto y por instrucciones del gobernador Manolo Jim\u00e9nez Salinas, la Secretar\u00eda de Gobierno puso&#8230;<\/p>\n","protected":false},"author":1,"featured_media":25781,"comment_status":"closed","ping_status":"","sticky":false,"template":"","format":"standard","meta":{"footnotes":""},"categories":[5,15,34],"tags":[],"class_list":["post-25780","post","type-post","status-publish","format-standard","has-post-thumbnail","hentry","category-coahuila","category-gobierno-de-coahuila","category-turismo","wpcat-5-id","wpcat-15-id","wpcat-34-id"],"_links":{"self":[{"href":"https:\/\/www.aquilaguna.com\/index.php\/wp-json\/wp\/v2\/posts\/25780","targetHints":{"allow":["GET"]}}],"collection":[{"href":"https:\/\/www.aquilaguna.com\/index.php\/wp-json\/wp\/v2\/posts"}],"about":[{"href":"https:\/\/www.aquilaguna.com\/index.php\/wp-json\/wp\/v2\/types\/post"}],"author":[{"embeddable":true,"href":"https:\/\/www.aquilaguna.com\/index.php\/wp-json\/wp\/v2\/users\/1"}],"replies":[{"embeddable":true,"href":"https:\/\/www.aquilaguna.com\/index.php\/wp-json\/wp\/v2\/comments?post=25780"}],"version-history":[{"count":1,"href":"https:\/\/www.aquilaguna.com\/index.php\/wp-json\/wp\/v2\/posts\/25780\/revisions"}],"predecessor-version":[{"id":25782,"href":"https:\/\/www.aquilaguna.com\/index.php\/wp-json\/wp\/v2\/posts\/25780\/revisions\/25782"}],"wp:featuredmedia":[{"embeddable":true,"href":"https:\/\/www.aquilaguna.com\/index.php\/wp-json\/wp\/v2\/media\/25781"}],"wp:attachment":[{"href":"https:\/\/www.aquilaguna.com\/index.php\/wp-json\/wp\/v2\/media?parent=25780"}],"wp:term":[{"taxonomy":"category","embeddable":true,"href":"https:\/\/www.aquilaguna.com\/index.php\/wp-json\/wp\/v2\/categories?post=25780"},{"taxonomy":"post_tag","embeddable":true,"href":"https:\/\/www.aquilaguna.com\/index.php\/wp-json\/wp\/v2\/tags?post=25780"}],"curies":[{"name":"wp","href":"https:\/\/api.w.org\/{rel}","templated":true}]}}