{"id":25791,"date":"2025-04-28T18:59:54","date_gmt":"2025-04-29T00:59:54","guid":{"rendered":"https:\/\/www.aquilaguna.com\/?p=25791"},"modified":"2025-04-28T18:59:54","modified_gmt":"2025-04-29T00:59:54","slug":"ayuntamiento-de-torreoin-informa","status":"publish","type":"post","link":"https:\/\/www.aquilaguna.com\/index.php\/2025\/04\/28\/ayuntamiento-de-torreoin-informa\/","title":{"rendered":"Ayuntamiento de Torre\u00f3in informa:"},"content":{"rendered":"\n<p>Con respecto a un paro de labores llevado a cabo esta ma\u00f1ana por un grupo de<br>cerca de 60 polic\u00edas municipales, el R. Ayuntamiento de Torre\u00f3n informa que, la<br>Direcci\u00f3n de Seguridad P\u00fablica cuenta con m\u00e1s de 700 elementos de la misma<br>corporaci\u00f3n que se har\u00e1n cargo de las tareas de vigilancia de la ciudad, para<br>evitar que se presenten inconvenientes.<\/p>\n\n\n\n<p>Ante dicha situaci\u00f3n, el alcalde Rom\u00e1n Alberto Cepeda, ha instruido de manera<br>inmediata la apertura al di\u00e1logo permanente, con el objetivo de atender cada una<br>de las inquietudes manifestadas por este grupo de 60 polic\u00edas municipales y<br>alcanzar acuerdos que permitan garantizar las mejores condiciones laborales y el<br>adecuado desempe\u00f1o de sus funciones en coordinaci\u00f3n con los tres \u00f3rdenes de<br>gobierno.<\/p>\n\n\n\n<p>Asimismo, con la finalidad de asegurar la integridad y seguridad de todas y todos<br>los involucrados, as\u00ed como de toda la ciudadan\u00eda, dando continuidad a los<br>servicios de seguridad p\u00fablica, trabajaremos de manera coordinada con el apoyo<br>del Ej\u00e9rcito Mexicano y la Guardia Nacional que ya se encuentran en las<br>instalaciones de la Direcci\u00f3n General de Seguridad P\u00fablica Municipal.<\/p>\n\n\n\n<p>El R. Ayuntamiento de Torre\u00f3n reitera su total compromiso con la legalidad,<br>transparencia y respeto absoluto a los derechos humanos de cada uno de los<br>elementos de seguridad p\u00fablica, as\u00ed como con la ciudadan\u00eda en general.<\/p>\n","protected":false},"excerpt":{"rendered":"<p>Con respecto a un paro de labores llevado a cabo esta ma\u00f1ana por un grupo decerca de 60 polic\u00edas municipales, el R. Ayuntamiento de Torre\u00f3n informa que, laDirecci\u00f3n de Seguridad P\u00fablica cuenta con m\u00e1s de 700 elementos de la mismacorporaci\u00f3n que se har\u00e1n cargo de las tareas de vigilancia de la ciudad, paraevitar que se presenten inconvenientes. Ante dicha situaci\u00f3n, el alcalde Rom\u00e1n Alberto Cepeda, ha instruido de manerainmediata la&#8230;<\/p>\n","protected":false},"author":1,"featured_media":0,"comment_status":"closed","ping_status":"","sticky":false,"template":"","format":"standard","meta":{"footnotes":""},"categories":[5,28,7],"tags":[],"class_list":["post-25791","post","type-post","status-publish","format-standard","hentry","category-coahuila","category-la-laguna","category-torreon","wpcat-5-id","wpcat-28-id","wpcat-7-id"],"_links":{"self":[{"href":"https:\/\/www.aquilaguna.com\/index.php\/wp-json\/wp\/v2\/posts\/25791","targetHints":{"allow":["GET"]}}],"collection":[{"href":"https:\/\/www.aquilaguna.com\/index.php\/wp-json\/wp\/v2\/posts"}],"about":[{"href":"https:\/\/www.aquilaguna.com\/index.php\/wp-json\/wp\/v2\/types\/post"}],"author":[{"embeddable":true,"href":"https:\/\/www.aquilaguna.com\/index.php\/wp-json\/wp\/v2\/users\/1"}],"replies":[{"embeddable":true,"href":"https:\/\/www.aquilaguna.com\/index.php\/wp-json\/wp\/v2\/comments?post=25791"}],"version-history":[{"count":1,"href":"https:\/\/www.aquilaguna.com\/index.php\/wp-json\/wp\/v2\/posts\/25791\/revisions"}],"predecessor-version":[{"id":25792,"href":"https:\/\/www.aquilaguna.com\/index.php\/wp-json\/wp\/v2\/posts\/25791\/revisions\/25792"}],"wp:attachment":[{"href":"https:\/\/www.aquilaguna.com\/index.php\/wp-json\/wp\/v2\/media?parent=25791"}],"wp:term":[{"taxonomy":"category","embeddable":true,"href":"https:\/\/www.aquilaguna.com\/index.php\/wp-json\/wp\/v2\/categories?post=25791"},{"taxonomy":"post_tag","embeddable":true,"href":"https:\/\/www.aquilaguna.com\/index.php\/wp-json\/wp\/v2\/tags?post=25791"}],"curies":[{"name":"wp","href":"https:\/\/api.w.org\/{rel}","templated":true}]}}