{"id":26001,"date":"2025-05-09T04:44:49","date_gmt":"2025-05-09T10:44:49","guid":{"rendered":"https:\/\/www.aquilaguna.com\/?p=26001"},"modified":"2025-05-09T04:44:49","modified_gmt":"2025-05-09T10:44:49","slug":"asombro-y-alegria-de-ninas-ninos-inundan-la-feria-internacional-del-libro-de-coahuila","status":"publish","type":"post","link":"https:\/\/www.aquilaguna.com\/index.php\/2025\/05\/09\/asombro-y-alegria-de-ninas-ninos-inundan-la-feria-internacional-del-libro-de-coahuila\/","title":{"rendered":"ASOMBRO Y ALEGR\u00cdA DE NI\u00d1AS, NI\u00d1OS INUNDAN LA FERIA INTERNACIONAL DEL LIBRO DE COAHUILA."},"content":{"rendered":"\n<p>Arteaga, Coahuila a 8 de mayo de 2025- \u2013 Ojos que se abren con libros reci\u00e9n descubiertos, risas que llenan los pasillos y peque\u00f1as manos que hojean con emoci\u00f3n sus primeras p\u00e1ginas: as\u00ed viven ni\u00f1as, ni\u00f1os y adolescentes&nbsp;&nbsp;coahuilenses&nbsp;&nbsp;su visita a la Feria Internacional del Libro de Coahuila, en un recorrido que se ha convertido en una experiencia inolvidable, tanto para ellos como para sus maestras y maestros.<\/p>\n\n\n\n<p>Desde temprana hora, camiones escolares llegan al recinto ferial, muchos provenientes de comunidades rurales donde el acceso a eventos culturales es limitado. \u201cPara muchos de mis alumnos, es la primera vez que ven tantos libros juntos, que asisten a un taller art\u00edstico o que escuchan poes\u00eda en vivo\u201d, cuenta la maestra Rosa Mar\u00eda L\u00f3pez, de un plantel rural de General Cepeda. \u201cLlegaron con los ojos brillando de emoci\u00f3n, preguntando si de verdad podr\u00edan tocar los libros, si podr\u00edan llevar alguno a casa.\u201d<\/p>\n\n\n\n<p>En el Pabell\u00f3n Inspira, los peque\u00f1os se sumergen en actividades pensadas especialmente para fomentar su imaginaci\u00f3n: cuentacuentos, juegos literarios y din\u00e1micas que los hacen part\u00edcipes activos de las historias. En el Sal\u00f3n de la Poes\u00eda, escuchan atentamente los versos que cobran vida en voces c\u00e1lidas y cercanas, mientras que en los talleres art\u00edsticos transforman papel, palabras y color en obras propias.<\/p>\n\n\n\n<p>Los eventos art\u00edsticos \u2014que incluyen teatro gui\u00f1ol, t\u00edteres y m\u00fasica infantil\u2014 despiertan carcajadas y aplausos entusiastas. El recorrido por el \u00e1rea editorial les permite conocer editoriales locales y nacionales, y m\u00e1s de uno se detiene asombrado frente a portadas ilustradas que despiertan su curiosidad lectora.<\/p>\n\n\n\n<p>Las y los docentes coinciden en que esta experiencia trasciende el aula. \u201cEste tipo de actividades abren puertas que a veces ni siquiera sab\u00edamos que exist\u00edan. Ver a mis alumnos interactuar con escritores, preguntar en los talleres, elegir un libro por gusto propio, es algo que jam\u00e1s olvidar\u00e1n. Nosotras tampoco\u201d, se\u00f1ala emocionada la maestra Cristina Arreola, de una primaria en Jim\u00e9nez, Coahuila.<\/p>\n\n\n\n<p>Estas visitas escolares son parte de un esfuerzo del Gobierno del Estado de Coahuila, encabezado por el gobernador Manolo Jim\u00e9nez Salinas, para acercar a ni\u00f1as, ni\u00f1os y adolescentes a la lectura, la cultura y las artes, reconociendo que el acceso a estos espacios es fundamental para su desarrollo integral.<\/p>\n\n\n\n<p>Gracias a esta iniciativa, miles de peque\u00f1os lectores descubren que los libros tambi\u00e9n son puertas: a otros mundos, a nuevos sue\u00f1os, y a un futuro con m\u00e1s imaginaci\u00f3n y conocimiento.<\/p>\n","protected":false},"excerpt":{"rendered":"<p>Arteaga, Coahuila a 8 de mayo de 2025- \u2013 Ojos que se abren con libros reci\u00e9n descubiertos, risas que llenan los pasillos y peque\u00f1as manos que hojean con emoci\u00f3n sus primeras p\u00e1ginas: as\u00ed viven ni\u00f1as, ni\u00f1os y adolescentes&nbsp;&nbsp;coahuilenses&nbsp;&nbsp;su visita a la Feria Internacional del Libro de Coahuila, en un recorrido que se ha convertido en una experiencia inolvidable, tanto para ellos como para sus maestras y maestros. Desde temprana hora,&#8230;<\/p>\n","protected":false},"author":1,"featured_media":26002,"comment_status":"closed","ping_status":"","sticky":false,"template":"","format":"standard","meta":{"footnotes":""},"categories":[5,12,15],"tags":[],"class_list":["post-26001","post","type-post","status-publish","format-standard","has-post-thumbnail","hentry","category-coahuila","category-cultura","category-gobierno-de-coahuila","wpcat-5-id","wpcat-12-id","wpcat-15-id"],"_links":{"self":[{"href":"https:\/\/www.aquilaguna.com\/index.php\/wp-json\/wp\/v2\/posts\/26001","targetHints":{"allow":["GET"]}}],"collection":[{"href":"https:\/\/www.aquilaguna.com\/index.php\/wp-json\/wp\/v2\/posts"}],"about":[{"href":"https:\/\/www.aquilaguna.com\/index.php\/wp-json\/wp\/v2\/types\/post"}],"author":[{"embeddable":true,"href":"https:\/\/www.aquilaguna.com\/index.php\/wp-json\/wp\/v2\/users\/1"}],"replies":[{"embeddable":true,"href":"https:\/\/www.aquilaguna.com\/index.php\/wp-json\/wp\/v2\/comments?post=26001"}],"version-history":[{"count":1,"href":"https:\/\/www.aquilaguna.com\/index.php\/wp-json\/wp\/v2\/posts\/26001\/revisions"}],"predecessor-version":[{"id":26003,"href":"https:\/\/www.aquilaguna.com\/index.php\/wp-json\/wp\/v2\/posts\/26001\/revisions\/26003"}],"wp:featuredmedia":[{"embeddable":true,"href":"https:\/\/www.aquilaguna.com\/index.php\/wp-json\/wp\/v2\/media\/26002"}],"wp:attachment":[{"href":"https:\/\/www.aquilaguna.com\/index.php\/wp-json\/wp\/v2\/media?parent=26001"}],"wp:term":[{"taxonomy":"category","embeddable":true,"href":"https:\/\/www.aquilaguna.com\/index.php\/wp-json\/wp\/v2\/categories?post=26001"},{"taxonomy":"post_tag","embeddable":true,"href":"https:\/\/www.aquilaguna.com\/index.php\/wp-json\/wp\/v2\/tags?post=26001"}],"curies":[{"name":"wp","href":"https:\/\/api.w.org\/{rel}","templated":true}]}}