{"id":26082,"date":"2025-05-14T05:37:03","date_gmt":"2025-05-14T11:37:03","guid":{"rendered":"https:\/\/www.aquilaguna.com\/?p=26082"},"modified":"2025-05-14T05:37:03","modified_gmt":"2025-05-14T11:37:03","slug":"toma-protesta-rector-de-la-uadec-a-comites-de-lobos-en-accion-de-la-unidad-laguna","status":"publish","type":"post","link":"https:\/\/www.aquilaguna.com\/index.php\/2025\/05\/14\/toma-protesta-rector-de-la-uadec-a-comites-de-lobos-en-accion-de-la-unidad-laguna\/","title":{"rendered":"Toma Protesta Rector de la UAdeC a Comit\u00e9s de \u201cLobos en Acci\u00f3n\u201d de la Unidad Laguna."},"content":{"rendered":"\n<p>TORRE\u00d3N, Coahuila. 13 de mayo de 2025. El rector de la Universidad Aut\u00f3noma de<br>Coahuila, Octavio Pimentel Mart\u00ednez, tom\u00f3 protesta a los Comit\u00e9s de \u201cLobos en<br>Acci\u00f3n\u201d, conformados por 271 estudiantes de las diversas Escuelas, Facultades e<br>Institutos de la Unidad Laguna, un proyecto que es impulsado por la Coordinaci\u00f3n<br>General de Extensi\u00f3n Universitaria.<\/p>\n\n\n\n<p>En el Aula Magna del Centro Cultural \u201cBraulio Fern\u00e1ndez Aguirre\u201d de Ciudad<br>Universitaria Campus Torre\u00f3n, se cont\u00f3 con la presencia de la coordinadora de<br>Unidad Laguna, Sandra L\u00f3pez Chavarr\u00eda, el coordinador general de Extensi\u00f3n<br>Universitaria, David Hern\u00e1ndez Barrera, directoras y directores de las unidades<br>acad\u00e9micas de UL y los miembros de los comit\u00e9s.<\/p>\n\n\n\n<p>El mensaje de bienvenida estuvo a cargo del coordinador general de Extensi\u00f3n<br>Universitaria, David Hern\u00e1ndez Barrera, quien agradeci\u00f3 a cada uno de los<br>integrantes de los comit\u00e9s de Lobos en Acci\u00f3n, por el compromiso asumido de<br>representar a las escuelas, facultades y a la universidad, por lo que dijo, que a partir<br>de ahora lo que tienen que buscar es cambiar la vida de m\u00e1s personas, de generar<br>el bien com\u00fan, y aportar un granito de arena en la comunidad.<\/p>\n\n\n\n<p>Tambi\u00e9n agradeci\u00f3 al rector de la UAdeC, Octavio Pimentel por la confianza<br>depositada en el programa \u201cLobos en Acci\u00f3n\u201d que ser\u00e1 representado por las y los<br>estudiantes, quienes tienen toda la disposici\u00f3n de poder ayudar en su escuela, en la<br>comunidad y en la Universidad.<\/p>\n\n\n\n<p>Por su parte, el rector de la Universidad Aut\u00f3noma de Coahuila Octavio Pimentel<br>Mart\u00ednez, les afirm\u00f3 a las y los alumnos de \u201cLobos en Acci\u00f3n\u201d que no existe la<br>casualidad, sino es porque decidieron dar un paso al frente, levantaron la mano y se<br>comprometen hoy con su entorno aqu\u00ed en esta universidad, el formar parte de los<br>comit\u00e9s es una oportunidad, \u201ccr\u00e9anme, que vale mucho\u201d.<\/p>\n\n\n\n<p>Agreg\u00f3 que el liderazgo comienza cuando se tiene el valor de decidir salir de la zona<br>de confort, levantarse todos los d\u00edas con ese deseo de ser alguien y de hacer algo<br>por los dem\u00e1s, ya que dijo, de eso trata este programa, donde cada loba y cada lobo<br>encuentre su lugar, su forma de construir a la sociedad, tomar una causa, ya sea<br>desde el deporte, la academia, el arte, el medio ambiente, la inclusi\u00f3n, la salud<br>mental, el emprendimiento y el servicio a quien m\u00e1s lo necesita.<\/p>\n\n\n\n<p>La coordinadora de Unidad Laguna, Sandra L\u00f3pez Chavarr\u00eda, destac\u00f3 que los<br>j\u00f3venes que integran los comit\u00e9s de Lobos en Acci\u00f3n representan ese esp\u00edritu<br>transformador, tanto dentro como fuera de la universidad, a\u00f1adi\u00f3 que son un reflejo<br>del compromiso institucional con la formaci\u00f3n de ciudadanas y ciudadanos<br>responsables, cr\u00edticos y participativos.<\/p>\n\n\n\n<p>Invit\u00f3 a todas y todos los estudiantes universitarios con vocaci\u00f3n de servicio,<br>liderazgo y compromiso social a sumarse a Lobos en Acci\u00f3n, ya que dijo: \u201cesta es<br>una oportunidad para transformar tu entorno, tu crecimiento personal y profesional, y<br>formar parte de una comunidad que trabaja por el bienestar colectivo\u201d.<\/p>\n\n\n\n<p>En representaci\u00f3n de los estudiantes que forman parte de Lobos en Acci\u00f3n, la<br>alumna Mar\u00eda Fernanda G\u00f3mez Jacobo de la Escuela de Psicolog\u00eda, expres\u00f3 el<br>orgullo de pertenecer a una generaci\u00f3n de j\u00f3venes que levantan la voz, que se<br>ponen en acci\u00f3n a trav\u00e9s de este programa que naci\u00f3 con una convicci\u00f3n clara,<br>formar l\u00edderes con prop\u00f3sito, compromiso social y visi\u00f3n transformadora.<\/p>\n\n\n\n<p>Lobos en Acci\u00f3n\u201d se enfoca en trabajar en aspectos importantes para el desarrollo<br>de las y los j\u00f3venes y de las comunidades, para que los universitarios sean agentes<br>de cambio, se basa en la integraci\u00f3n y colaboraci\u00f3n comunitaria, la promoci\u00f3n de la<br>identidad y la participaci\u00f3n y representaci\u00f3n estudiantil, para desarrollar habilidades<br>de liderazgo, establecer espacios de di\u00e1logo, contar con representaci\u00f3n diversa,<br>participaci\u00f3n en eventos, conferencias y competencias externas.<\/p>\n","protected":false},"excerpt":{"rendered":"<p>TORRE\u00d3N, Coahuila. 13 de mayo de 2025. El rector de la Universidad Aut\u00f3noma deCoahuila, Octavio Pimentel Mart\u00ednez, tom\u00f3 protesta a los Comit\u00e9s de \u201cLobos enAcci\u00f3n\u201d, conformados por 271 estudiantes de las diversas Escuelas, Facultades eInstitutos de la Unidad Laguna, un proyecto que es impulsado por la Coordinaci\u00f3nGeneral de Extensi\u00f3n Universitaria. En el Aula Magna del Centro Cultural \u201cBraulio Fern\u00e1ndez Aguirre\u201d de CiudadUniversitaria Campus Torre\u00f3n, se cont\u00f3 con la presencia de&#8230;<\/p>\n","protected":false},"author":1,"featured_media":26083,"comment_status":"closed","ping_status":"","sticky":false,"template":"","format":"standard","meta":{"footnotes":""},"categories":[7,2],"tags":[],"class_list":["post-26082","post","type-post","status-publish","format-standard","has-post-thumbnail","hentry","category-torreon","category-uadec","wpcat-7-id","wpcat-2-id"],"_links":{"self":[{"href":"https:\/\/www.aquilaguna.com\/index.php\/wp-json\/wp\/v2\/posts\/26082","targetHints":{"allow":["GET"]}}],"collection":[{"href":"https:\/\/www.aquilaguna.com\/index.php\/wp-json\/wp\/v2\/posts"}],"about":[{"href":"https:\/\/www.aquilaguna.com\/index.php\/wp-json\/wp\/v2\/types\/post"}],"author":[{"embeddable":true,"href":"https:\/\/www.aquilaguna.com\/index.php\/wp-json\/wp\/v2\/users\/1"}],"replies":[{"embeddable":true,"href":"https:\/\/www.aquilaguna.com\/index.php\/wp-json\/wp\/v2\/comments?post=26082"}],"version-history":[{"count":1,"href":"https:\/\/www.aquilaguna.com\/index.php\/wp-json\/wp\/v2\/posts\/26082\/revisions"}],"predecessor-version":[{"id":26084,"href":"https:\/\/www.aquilaguna.com\/index.php\/wp-json\/wp\/v2\/posts\/26082\/revisions\/26084"}],"wp:featuredmedia":[{"embeddable":true,"href":"https:\/\/www.aquilaguna.com\/index.php\/wp-json\/wp\/v2\/media\/26083"}],"wp:attachment":[{"href":"https:\/\/www.aquilaguna.com\/index.php\/wp-json\/wp\/v2\/media?parent=26082"}],"wp:term":[{"taxonomy":"category","embeddable":true,"href":"https:\/\/www.aquilaguna.com\/index.php\/wp-json\/wp\/v2\/categories?post=26082"},{"taxonomy":"post_tag","embeddable":true,"href":"https:\/\/www.aquilaguna.com\/index.php\/wp-json\/wp\/v2\/tags?post=26082"}],"curies":[{"name":"wp","href":"https:\/\/api.w.org\/{rel}","templated":true}]}}