{"id":26121,"date":"2025-05-15T05:57:43","date_gmt":"2025-05-15T11:57:43","guid":{"rendered":"https:\/\/www.aquilaguna.com\/?p=26121"},"modified":"2025-05-15T05:57:43","modified_gmt":"2025-05-15T11:57:43","slug":"roman-alberto-cepeda-gonzalez-entrega-patrullas-a-municipios-de-coahuila","status":"publish","type":"post","link":"https:\/\/www.aquilaguna.com\/index.php\/2025\/05\/15\/roman-alberto-cepeda-gonzalez-entrega-patrullas-a-municipios-de-coahuila\/","title":{"rendered":"Rom\u00e1n Alberto Cepeda Gonz\u00e1lez entrega patrullas a municipios de Coahuila"},"content":{"rendered":"\n<p>Torre\u00f3n, Coahuila. A 14 de mayo de 2025.<\/p>\n\n\n\n<p>Al finalizar la d\u00e9cimo s\u00e9ptima reuni\u00f3n semanal de seguridad, el alcalde Rom\u00e1n<br>Alberto Cepeda Gonz\u00e1lez, en coordinaci\u00f3n con el Gobierno Estatal, entreg\u00f3 cinco<br>patrullas para los municipios de Francisco I. Madero, Zaragoza, San Buenaventura<br>y Sierra Mojada.<\/p>\n\n\n\n<p>El Presidente Municipal estuvo acompa\u00f1ado por el Secretario de Desarrollo<br>Regional en La Laguna, Eduardo Olmos Castro, en representaci\u00f3n del gobernador<br>del Estado, Manolo Jim\u00e9nez Salinas, as\u00ed como de autoridades de los municipios<br>beneficiados, y de los integrantes de la mesa de seguridad.<\/p>\n\n\n\n<p>En su mensaje, Cepeda Gonz\u00e1lez destac\u00f3 que esta estrategia forma parte del<br>trabajo coordinado con el gobernador del Estado, Manolo Jim\u00e9nez Salinas, con el<br>objetivo de mantener a Torre\u00f3n y a Coahuila seguros, as\u00ed como a los municipios<br>aleda\u00f1os.<\/p>\n\n\n\n<p>\u201cSumamos un esfuerzo, es un granito de arena que podemos aportar para seguir<br>contribuyendo a esta estrategia de mantener a Coahuila, a Torre\u00f3n, y a la Laguna<br>seguros. Esto es un tema que no concluye, por ello debemos ir siempre adelante,<br>con unidad, trabajo coordinado, intercambio de informaci\u00f3n y hoy con esta entrega<br>de patrullas\u201d, extern\u00f3.<\/p>\n\n\n\n<p>Destac\u00f3 que en las pr\u00f3ximas semanas se realizar\u00e1 la entrega de patrullas para la<br>Polic\u00eda de Torre\u00f3n y la Direcci\u00f3n de Tr\u00e1nsito y Vialidad, pues consider\u00f3 importante<br>fortalecer la estrategia con veh\u00edculos y equipamiento adecuado para los elementos<br>de Torre\u00f3n.<\/p>\n\n\n\n<p>Sumado a las estrategias, se\u00f1al\u00f3 que en breve se implementar\u00e1 una planificaci\u00f3n<br>para incorporar las c\u00e1maras de videovigilancia del Estadio Revoluci\u00f3n y del<br>Auditorio Municipal al sistema C2, debido a la alta afluencia de personas en estos<br>espacios.<\/p>\n\n\n\n<p>\u201cLa estrategia forma parte de las acciones preventivas, ya que estos lugares son<br>puntos de encuentro importantes. Aunque hasta ahora no se han registrado<br>incidentes, es necesario tomar medidas anticipadas\u201d, puntualiz\u00f3.<\/p>\n\n\n\n<p>Asimismo, dentro de la reuni\u00f3n, destac\u00f3 la buena coordinaci\u00f3n entre las diversas<br>corporaciones y dependencias municipales durante el reciente festejo del D\u00eda de<br>las Madres, con un evento que concluy\u00f3 con saldo blanco y la participaci\u00f3n de<br>m\u00e1s de 80 mil asistentes.<\/p>\n\n\n\n<p>\u201cAgradezco a todos los que participaron, ya que en eventos de esta naturaleza es<br>fundamental la coordinaci\u00f3n y el compromiso de todos los elementos involucrados,<br>siendo el resultado un mensaje extraordinario\u201d, expres\u00f3 Cepeda Gonz\u00e1lez.<\/p>\n\n\n\n<p>Referente al \u00edndice semanal de incidencia delictiva, el comisario Alfredo Flores<br>Originales, director de la Polic\u00eda de Torre\u00f3n, inform\u00f3 que del 6 al 12 de mayo,<br>disminuy\u00f3 el \u00edndice delictivo en el rubro de robo a casa habitaci\u00f3n, con ocho<br>eventos; robo de accesorios de veh\u00edculo, con cero eventos; robo a local comercial,<br>con cinco eventos; robo a local comercial con violencia, con un evento; y el robo a<br>persona con violencia, con un evento.<\/p>\n\n\n\n<p>La Polic\u00eda Municipal efectu\u00f3 85 detenciones que fueron remitidas al Ministerio<br>P\u00fablico y 86 al Juez Calificador.<br>\u00a0<br>El Grupo de Reacci\u00f3n Torre\u00f3n realiz\u00f3 cinco detenciones relacionadas con la<br>posesi\u00f3n de narc\u00f3ticos.<br>\u00a0<br>Martha Esther Rodr\u00edguez Romero, directora del Centro de Justicia Municipal,<br>inform\u00f3 que se renov\u00f3 el convenio de colaboraci\u00f3n con el Grupo AA Nuevo<br>Torre\u00f3n, reafirmando el compromiso con una justicia c\u00edvica m\u00e1s humana y<br>efectiva.<\/p>\n\n\n\n<p>Adem\u00e1s, la funcionaria consolid\u00f3 acuerdos con la Universidad MEZE, Servicios<br>P\u00fablicos Municipales y el Grupo AA \u201cValora tu Vida\u201d, abriendo nuevas rutas de<br>condonaci\u00f3n de sanciones para personas detenidas.<\/p>\n\n\n\n<p>Por otro lado, dio a conocer sobre los trabajos de reforestaci\u00f3n en La Ciudad de<br>los Ni\u00f1os A.C., como parte de los programas de reintegraci\u00f3n social.<\/p>\n\n\n\n<p>Luis Alberto Morales Cort\u00e9s, director de Vialidad y Movilidad Urbana, destac\u00f3 que<br>como parte del programa piloto \u201cMi Primera Licencia\u201d, acudieron a la Facultad de<br>Derecho de la Universidad Aut\u00f3noma de Coahuila, a fin de formar conductores<br>conscientes del uso responsable de las v\u00edas.<\/p>\n\n\n\n<p>Respecto al Sistema Vial Independencia-Abastos, inform\u00f3 sobre la reuni\u00f3n con la<br>Secretar\u00eda de infraestructura, Desarrollo Urbano y Movilidad del Gobierno del<br>Estado de Coahuila, as\u00ed como con la direcci\u00f3n de Obras P\u00fablicas del Municipio,<br>para iniciar el sondeo de las obras inducidas previas al inicio de la obra, donde<br>participan adem\u00e1s el SIMAS Torre\u00f3n, el Sistema Integral de Mantenimiento Vial, y<br>la Direcci\u00f3n de Medio Ambiente.<\/p>\n\n\n\n<p>Asimismo, destac\u00f3 que sostuvo una reuni\u00f3n de trabajo con el objetivo de<br>socializar esta obra con los integrantes de la C\u00e1mara Nacional de Comercio<br>(CANACO).<\/p>\n\n\n\n<p>Jorge Luis Ju\u00e1rez Llanas, director de Protecci\u00f3n Civil y Bomberos, se\u00f1al\u00f3 que esta<br>semana se atendieron 178 servicios por parte de las diferentes estaciones de la<br>corporaci\u00f3n.<\/p>\n\n\n\n<p>Por otro lado, dijo que contin\u00faan las acciones permanentes en el tema de atenci\u00f3n<br>a lluvias desde la parte preventiva, con la limpieza de rejillas y revisi\u00f3n de<br>c\u00e1rcamos en diferentes puntos de la ciudad como: Ampliaci\u00f3n Los \u00c1ngeles,<br>bulevar Constituci\u00f3n, colonia Santiago Ram\u00edrez y Ampliaci\u00f3n L\u00e1zaro C\u00e1rdenas,<br>entre otros.<\/p>\n\n\n\n<p>Pablo Fern\u00e1ndez Llamas, director de Inspecci\u00f3n y Verificaci\u00f3n, inform\u00f3 que los<br>principales reportes que recibi\u00f3 la dependencia mediante el sistema 073, fueron<br>por obstrucci\u00f3n en la v\u00eda p\u00fablica, con 18; y veh\u00edculos chatarra, con 12.<\/p>\n","protected":false},"excerpt":{"rendered":"<p>Torre\u00f3n, Coahuila. A 14 de mayo de 2025. Al finalizar la d\u00e9cimo s\u00e9ptima reuni\u00f3n semanal de seguridad, el alcalde Rom\u00e1nAlberto Cepeda Gonz\u00e1lez, en coordinaci\u00f3n con el Gobierno Estatal, entreg\u00f3 cincopatrullas para los municipios de Francisco I. Madero, Zaragoza, San Buenaventuray Sierra Mojada. El Presidente Municipal estuvo acompa\u00f1ado por el Secretario de DesarrolloRegional en La Laguna, Eduardo Olmos Castro, en representaci\u00f3n del gobernadordel Estado, Manolo Jim\u00e9nez Salinas, as\u00ed como de autoridades&#8230;<\/p>\n","protected":false},"author":1,"featured_media":26122,"comment_status":"closed","ping_status":"","sticky":false,"template":"","format":"standard","meta":{"footnotes":""},"categories":[5,28,7],"tags":[],"class_list":["post-26121","post","type-post","status-publish","format-standard","has-post-thumbnail","hentry","category-coahuila","category-la-laguna","category-torreon","wpcat-5-id","wpcat-28-id","wpcat-7-id"],"_links":{"self":[{"href":"https:\/\/www.aquilaguna.com\/index.php\/wp-json\/wp\/v2\/posts\/26121","targetHints":{"allow":["GET"]}}],"collection":[{"href":"https:\/\/www.aquilaguna.com\/index.php\/wp-json\/wp\/v2\/posts"}],"about":[{"href":"https:\/\/www.aquilaguna.com\/index.php\/wp-json\/wp\/v2\/types\/post"}],"author":[{"embeddable":true,"href":"https:\/\/www.aquilaguna.com\/index.php\/wp-json\/wp\/v2\/users\/1"}],"replies":[{"embeddable":true,"href":"https:\/\/www.aquilaguna.com\/index.php\/wp-json\/wp\/v2\/comments?post=26121"}],"version-history":[{"count":1,"href":"https:\/\/www.aquilaguna.com\/index.php\/wp-json\/wp\/v2\/posts\/26121\/revisions"}],"predecessor-version":[{"id":26123,"href":"https:\/\/www.aquilaguna.com\/index.php\/wp-json\/wp\/v2\/posts\/26121\/revisions\/26123"}],"wp:featuredmedia":[{"embeddable":true,"href":"https:\/\/www.aquilaguna.com\/index.php\/wp-json\/wp\/v2\/media\/26122"}],"wp:attachment":[{"href":"https:\/\/www.aquilaguna.com\/index.php\/wp-json\/wp\/v2\/media?parent=26121"}],"wp:term":[{"taxonomy":"category","embeddable":true,"href":"https:\/\/www.aquilaguna.com\/index.php\/wp-json\/wp\/v2\/categories?post=26121"},{"taxonomy":"post_tag","embeddable":true,"href":"https:\/\/www.aquilaguna.com\/index.php\/wp-json\/wp\/v2\/tags?post=26121"}],"curies":[{"name":"wp","href":"https:\/\/api.w.org\/{rel}","templated":true}]}}