{"id":26185,"date":"2025-05-20T08:42:07","date_gmt":"2025-05-20T14:42:07","guid":{"rendered":"https:\/\/www.aquilaguna.com\/?p=26185"},"modified":"2025-05-20T08:42:07","modified_gmt":"2025-05-20T14:42:07","slug":"realizan-en-la-uadec-unidad-laguna-el-congreso-de-mercadotecnia-decday-learning2connect","status":"publish","type":"post","link":"https:\/\/www.aquilaguna.com\/index.php\/2025\/05\/20\/realizan-en-la-uadec-unidad-laguna-el-congreso-de-mercadotecnia-decday-learning2connect\/","title":{"rendered":"Realizan en la UAdeC Unidad Laguna el Congreso de Mercadotecnia \u201cDecDay: Learning2Connect\u201d."},"content":{"rendered":"\n<p>TORRE\u00d3N, Coahuila. 19 de mayo de 2025. La Universidad Aut\u00f3noma de Coahuila a<br>trav\u00e9s de la Facultad de Econom\u00eda y Mercadotecnia (FEM) Unidad Laguna, realiz\u00f3 la<br>sexta edici\u00f3n del DecDay: Learning2Connect, un evento que se ha consolidado<br>como un espacio clave para explorar, aprender y construir el futuro del comercio<br>digital.<\/p>\n\n\n\n<p>El evento se llev\u00f3 a cabo en el Aula Magna del Centro Cultural \u201cBraulio Fern\u00e1ndez<br>Aguirre\u201d de Ciudad Universitaria, con la presencia de la coordinadora de Unidad<br>Laguna, Sandra L\u00f3pez Chavarr\u00eda, la directora de la FEM, Grace Aileen Ruiz<br>Santoyo, la secretaria acad\u00e9mica del plantel, Guadalupe Barrera Garc\u00eda, la<br>secretaria administrativa, Berenice Ju\u00e1rez L\u00f3pez, comunidad docente y estudiantil.<\/p>\n\n\n\n<p>En su mensaje, la coordinadora de Unidad Laguna, Sandra L\u00f3pez Chavarr\u00eda, se\u00f1al\u00f3<br>que la econom\u00eda digital es m\u00e1s que una tendencia pasajera, es una realidad que<br>est\u00e1 transformando notablemente la manera en que se hacen los negocios, la<br>conexi\u00f3n con los consumidores y el valor que se genera en un mundo cada vez m\u00e1s<br>interconectado.<\/p>\n\n\n\n<p>A\u00f1adi\u00f3 que actualmente el entorno digital ofrece oportunidades sin precedentes, as\u00ed<br>como oportunidades que, si las aprovechan, como el uso de la Inteligencia Artificial<br>(IA), les pueden abrir caminos para el emprendimiento, la innovaci\u00f3n y la expansi\u00f3n<br>de ideas y proyectos.<\/p>\n\n\n\n<p>Adem\u00e1s, L\u00f3pez Chavarr\u00eda dijo que este evento ha sido dise\u00f1ado para promover<br>iniciativas creativas, el de impulsar modelos de negocio disruptivos, y, sobre todo, el<br>de fomentar la colaboraci\u00f3n y el intercambio de experiencias entre estudiantes,<br>emprendedores, docentes, especialistas y l\u00edderes del ecosistema digital.<\/p>\n\n\n\n<p>La directora de la FEM, Grace Aileen Ruiz Santoyo, manifest\u00f3 que, en el marco del<br>D\u00eda del Mercad\u00f3logo, se realiza el Digital E-Commerce Day para crear un punto de<br>encuentro entre los estudiantes y el talento de ponentes y talleristas para aclarar las<br>dudas, hacer preguntas y exponer las expectativas que se tienen del mundo digital.<\/p>\n\n\n\n<p>Agreg\u00f3 que este evento naci\u00f3 con un prop\u00f3sito muy espec\u00edfico, el de acercar la<br>industria a las aulas, para que las y los alumnos aprendan a desarrollar estrategias y<br>soluciones eficientes para sus proyectos dentro de la facultad, pero sobre todo para<br>cuando emigren al campo laboral.<\/p>\n\n\n\n<p>Las actividades dieron inicio con las ponencias: \u201cDe los datos a la acci\u00f3n\u201d, a cargo<br>Nelsy Arzate; \u201cConstruyendo marcas ic\u00f3nicas\u201d, por Alejandra Gam\u00f3n; \u201cEstrategias de<br>contenido global para audiencias locales\u201d, a cargo de Estrella Alvarado; adem\u00e1s, los<\/p>\n\n\n\n<p>talleres: \u201c\u00bfC\u00f3mo ser creativo en tiempos de IA\u2019\u201d por V\u00edctor Mart\u00ednez, y \u201cCrea<br>contenido que conecte y convierta\u201d a cargo de Estrella Alvarado?<\/p>\n","protected":false},"excerpt":{"rendered":"<p>TORRE\u00d3N, Coahuila. 19 de mayo de 2025. La Universidad Aut\u00f3noma de Coahuila atrav\u00e9s de la Facultad de Econom\u00eda y Mercadotecnia (FEM) Unidad Laguna, realiz\u00f3 lasexta edici\u00f3n del DecDay: Learning2Connect, un evento que se ha consolidadocomo un espacio clave para explorar, aprender y construir el futuro del comerciodigital. El evento se llev\u00f3 a cabo en el Aula Magna del Centro Cultural \u201cBraulio Fern\u00e1ndezAguirre\u201d de Ciudad Universitaria, con la presencia de la&#8230;<\/p>\n","protected":false},"author":1,"featured_media":26186,"comment_status":"closed","ping_status":"","sticky":false,"template":"","format":"standard","meta":{"footnotes":""},"categories":[7,2],"tags":[],"class_list":["post-26185","post","type-post","status-publish","format-standard","has-post-thumbnail","hentry","category-torreon","category-uadec","wpcat-7-id","wpcat-2-id"],"_links":{"self":[{"href":"https:\/\/www.aquilaguna.com\/index.php\/wp-json\/wp\/v2\/posts\/26185","targetHints":{"allow":["GET"]}}],"collection":[{"href":"https:\/\/www.aquilaguna.com\/index.php\/wp-json\/wp\/v2\/posts"}],"about":[{"href":"https:\/\/www.aquilaguna.com\/index.php\/wp-json\/wp\/v2\/types\/post"}],"author":[{"embeddable":true,"href":"https:\/\/www.aquilaguna.com\/index.php\/wp-json\/wp\/v2\/users\/1"}],"replies":[{"embeddable":true,"href":"https:\/\/www.aquilaguna.com\/index.php\/wp-json\/wp\/v2\/comments?post=26185"}],"version-history":[{"count":1,"href":"https:\/\/www.aquilaguna.com\/index.php\/wp-json\/wp\/v2\/posts\/26185\/revisions"}],"predecessor-version":[{"id":26187,"href":"https:\/\/www.aquilaguna.com\/index.php\/wp-json\/wp\/v2\/posts\/26185\/revisions\/26187"}],"wp:featuredmedia":[{"embeddable":true,"href":"https:\/\/www.aquilaguna.com\/index.php\/wp-json\/wp\/v2\/media\/26186"}],"wp:attachment":[{"href":"https:\/\/www.aquilaguna.com\/index.php\/wp-json\/wp\/v2\/media?parent=26185"}],"wp:term":[{"taxonomy":"category","embeddable":true,"href":"https:\/\/www.aquilaguna.com\/index.php\/wp-json\/wp\/v2\/categories?post=26185"},{"taxonomy":"post_tag","embeddable":true,"href":"https:\/\/www.aquilaguna.com\/index.php\/wp-json\/wp\/v2\/tags?post=26185"}],"curies":[{"name":"wp","href":"https:\/\/api.w.org\/{rel}","templated":true}]}}