{"id":26191,"date":"2025-05-20T17:30:16","date_gmt":"2025-05-20T23:30:16","guid":{"rendered":"https:\/\/www.aquilaguna.com\/?p=26191"},"modified":"2025-05-20T17:30:16","modified_gmt":"2025-05-20T23:30:16","slug":"realizan-simuladores-de-entrevistas-en-la-segunda-feria-de-empleo-y-practicas-profesionales-de-la-uadec-unidad-laguna","status":"publish","type":"post","link":"https:\/\/www.aquilaguna.com\/index.php\/2025\/05\/20\/realizan-simuladores-de-entrevistas-en-la-segunda-feria-de-empleo-y-practicas-profesionales-de-la-uadec-unidad-laguna\/","title":{"rendered":"Realizan Simuladores de Entrevistas en la Segunda Feria de Empleo y Pr\u00e1cticas Profesionales de la UAdeC Unidad Laguna."},"content":{"rendered":"\n<p>TORRE\u00d3N, Coahuila. 20 de mayo de 2025. La Universidad Aut\u00f3noma de Coahuila,<br>a trav\u00e9s de la Coordinaci\u00f3n Unidad Laguna, realiz\u00f3 la Segunda Feria de Empleo y<br>Pr\u00e1cticas Profesionales en el Centro Cultural \u201cBraulio Fern\u00e1ndez Aguirre\u201d de Ciudad<br>Universitaria, con la participaci\u00f3n de 20 empresas, y con la finalidad de brindar un<br>espacio de conexi\u00f3n entre la comunidad universitaria y el mercado laboral.<\/p>\n\n\n\n<p>En esta edici\u00f3n, se cont\u00f3 dos \u00e1reas para la simulaci\u00f3n de entrevistas laborales,<br>donde los participantes pudieron realizar simulacros con retroalimentaci\u00f3n de<br>entrevistadores especialistas en recursos humanos, este ejercicio busca preparar a<br>los asistentes para enfrentar procesos de selecci\u00f3n con mayor confianza y<br>profesionalismo.<\/p>\n\n\n\n<p>Al evento, que busc\u00f3 fortalecer la conexi\u00f3n y vinculaci\u00f3n de universitarios con las<br>empresas, asisti\u00f3 la coordinadora de la Unidad Laguna, Sandra L\u00f3pez Chavarr\u00eda, el<br>jefe de departamento de Vinculaci\u00f3n de la UL, Ramiro Navarro, la secretaria t\u00e9cnica<br>Brenda \u00c1lvarez Tostado, la encargada de Pr\u00e1cticas Profesionales, Ver\u00f3nica L\u00f3pez<br>directivos de facultades, estudiantes y p\u00fablico en general.<\/p>\n\n\n\n<p>En su intervenci\u00f3n, el jefe del departamento de Vinculaci\u00f3n, Ramiro Navarro<br>Rosales, agradeci\u00f3 la presencia de estudiantes, egresadas y egresados, as\u00ed como a<br>las empresas participantes: \u201ceste evento que busca fortalecer el v\u00ednculo entre el<br>sector productivo y nuestra comunidad universitaria, es un espacio de encuentro<br>entre estudiantes, egresadas y egresados con empresas de la regi\u00f3n, con el objetivo<br>de facilitar su inserci\u00f3n en el mundo laboral a trav\u00e9s de vacantes de empleo o<br>pr\u00e1cticas profesionales\u201d, subray\u00f3.<\/p>\n\n\n\n<p>Cabe se\u00f1alar, que se tuvo la participaci\u00f3n de 24 empresas y organizaciones, que en<br>conjunto ofertaron 300 vacantes, para empleo y pr\u00e1cticas profesionales, algunas de<br>ellas: Carmona Impresores, BorgWarner, EQ Manufacturas S.A. de C.V., TEMSA,<br>Players of Life, Evidence Technology, Industria Sigrama, RentCo, CIMACO, Human<br>Staff, Ayuntamiento de Torre\u00f3n, a trav\u00e9s de su bolsa de trabajo, Grupo SIMSA y<br>Ventacero.<\/p>\n\n\n\n<p>Tambi\u00e9n se cont\u00f3 con el respaldo de organismos empresariales como CANACINTRA<br>Torre\u00f3n, CANACO Torre\u00f3n, as\u00ed como el Colegio de Arquitectos de la Comarca<br>Lagunera, estas organizaciones y sus empresas agremiadas tuvieron la oportunidad<br>de identificar perfiles con el sello de calidad de la m\u00e1xima casa de estudios del<br>estado.<\/p>\n","protected":false},"excerpt":{"rendered":"<p>TORRE\u00d3N, Coahuila. 20 de mayo de 2025. La Universidad Aut\u00f3noma de Coahuila,a trav\u00e9s de la Coordinaci\u00f3n Unidad Laguna, realiz\u00f3 la Segunda Feria de Empleo yPr\u00e1cticas Profesionales en el Centro Cultural \u201cBraulio Fern\u00e1ndez Aguirre\u201d de CiudadUniversitaria, con la participaci\u00f3n de 20 empresas, y con la finalidad de brindar unespacio de conexi\u00f3n entre la comunidad universitaria y el mercado laboral. En esta edici\u00f3n, se cont\u00f3 dos \u00e1reas para la simulaci\u00f3n de entrevistas&#8230;<\/p>\n","protected":false},"author":1,"featured_media":26192,"comment_status":"closed","ping_status":"","sticky":false,"template":"","format":"standard","meta":{"footnotes":""},"categories":[7,2],"tags":[],"class_list":["post-26191","post","type-post","status-publish","format-standard","has-post-thumbnail","hentry","category-torreon","category-uadec","wpcat-7-id","wpcat-2-id"],"_links":{"self":[{"href":"https:\/\/www.aquilaguna.com\/index.php\/wp-json\/wp\/v2\/posts\/26191","targetHints":{"allow":["GET"]}}],"collection":[{"href":"https:\/\/www.aquilaguna.com\/index.php\/wp-json\/wp\/v2\/posts"}],"about":[{"href":"https:\/\/www.aquilaguna.com\/index.php\/wp-json\/wp\/v2\/types\/post"}],"author":[{"embeddable":true,"href":"https:\/\/www.aquilaguna.com\/index.php\/wp-json\/wp\/v2\/users\/1"}],"replies":[{"embeddable":true,"href":"https:\/\/www.aquilaguna.com\/index.php\/wp-json\/wp\/v2\/comments?post=26191"}],"version-history":[{"count":1,"href":"https:\/\/www.aquilaguna.com\/index.php\/wp-json\/wp\/v2\/posts\/26191\/revisions"}],"predecessor-version":[{"id":26193,"href":"https:\/\/www.aquilaguna.com\/index.php\/wp-json\/wp\/v2\/posts\/26191\/revisions\/26193"}],"wp:featuredmedia":[{"embeddable":true,"href":"https:\/\/www.aquilaguna.com\/index.php\/wp-json\/wp\/v2\/media\/26192"}],"wp:attachment":[{"href":"https:\/\/www.aquilaguna.com\/index.php\/wp-json\/wp\/v2\/media?parent=26191"}],"wp:term":[{"taxonomy":"category","embeddable":true,"href":"https:\/\/www.aquilaguna.com\/index.php\/wp-json\/wp\/v2\/categories?post=26191"},{"taxonomy":"post_tag","embeddable":true,"href":"https:\/\/www.aquilaguna.com\/index.php\/wp-json\/wp\/v2\/tags?post=26191"}],"curies":[{"name":"wp","href":"https:\/\/api.w.org\/{rel}","templated":true}]}}