{"id":26197,"date":"2025-05-20T17:42:49","date_gmt":"2025-05-20T23:42:49","guid":{"rendered":"https:\/\/www.aquilaguna.com\/?p=26197"},"modified":"2025-05-20T17:42:49","modified_gmt":"2025-05-20T23:42:49","slug":"elementos-de-proteccion-civil-y-bomberos-se-capacitan-en-carolina-del-norte-en-materia-de-incendios","status":"publish","type":"post","link":"https:\/\/www.aquilaguna.com\/index.php\/2025\/05\/20\/elementos-de-proteccion-civil-y-bomberos-se-capacitan-en-carolina-del-norte-en-materia-de-incendios\/","title":{"rendered":"Elementos de Protecci\u00f3n Civil y Bomberos se capacitan en Carolina del Norte en materia de incendios."},"content":{"rendered":"\n<p>Torre\u00f3n, Coahuila. A 20 de mayo de 2025.<\/p>\n\n\n\n<p>Con el objetivo de brindar el mejor servicio a la ciudadan\u00eda, cinco elementos de<br>Protecci\u00f3n Civil y Bomberos se encuentran en Carolina del Norte, Estados Unidos,<br>participando en la capacitaci\u00f3n internacional denominada \u201cOperaci\u00f3n de Bombas<br>Contra Incendio en espa\u00f1ol \u2013 Primera Edici\u00f3n\u201d.<\/p>\n\n\n\n<p>Jorge Luis Ju\u00e1rez Llanas, director de Protecci\u00f3n Civil y Bomberos, se\u00f1al\u00f3 que la<br>capacitaci\u00f3n de desarrollar\u00e1 durante seis d\u00edas, del 19 al 24 de mayo, donde los<br>elementos adquieren la certificaci\u00f3n &#8220;International Fire Pump Operation Training<br>(IFPOT)&#8221;.<\/p>\n\n\n\n<p>\u201cEsta certificaci\u00f3n es parte de las capacitaciones que se les da a los bomberos y<br>personal de Protecci\u00f3n Civil, donde contamos con el total respaldo del alcalde<br>Rom\u00e1n Alberto Cepeda, pues su visi\u00f3n es contar con elementos que tengan todas<br>las herramientas posibles para brindar un buen servicio a la ciudadan\u00eda\u201d.<\/p>\n\n\n\n<p>Dijo que en el estado de Carolina del Norte en Guilford Technical Community<br>College (GTCC), se lleva a cabo esta capacitaci\u00f3n, misma que fue elaborada en<br>conjunto con el Programa Mayday M\u00e9xico espec\u00edficamente para Bomberos de<br>habla hispana.<\/p>\n\n\n\n<p>El director detall\u00f3 que este curso tiene como objetivo brindar las herramientas de<br>c\u00e1lculo, operaci\u00f3n y uso efectivo de la hidr\u00e1ulica en las operaciones de incendios<br>urbanos, industriales y forestales.<\/p>\n\n\n\n<p>\u201cEs una capacitaci\u00f3n donde los elementos aprenden m\u00e1s t\u00e9cnicas para el manejo<br>de incendios en este tipo, lo que es importante para atender estas situaciones de<br>manera adecuada\u201d, indic\u00f3.<\/p>\n\n\n\n<p>Asimismo, Ju\u00e1rez Llanas coment\u00f3 que como en cada capacitaci\u00f3n, los elementos<br>que acuden regresan para replicar lo aprendido con el personal de Protecci\u00f3n Civil<br>y Bomberos, adem\u00e1s con la comunidad en general mediante los cursos que se<br>brindan de manera abierta a la ciudadan\u00eda.<\/p>\n\n\n\n<p>Agreg\u00f3 que bajo el respaldo del alcalde Rom\u00e1n Alberto Cepeda Gonz\u00e1lez, se<br>busca que al menos dos veces al a\u00f1o, los elementos de Protecci\u00f3n Civil y<br>Bomberos acudan a este tipo de capacitaciones donde se les brinde una mayor<br>preparaci\u00f3n en los diversos temas que tienen que ver con la prevenci\u00f3n y la<br>atenci\u00f3n a las diversas situaciones que pudieran presentarse en la materia que les<br>corresponde.<\/p>\n","protected":false},"excerpt":{"rendered":"<p>Torre\u00f3n, Coahuila. A 20 de mayo de 2025. Con el objetivo de brindar el mejor servicio a la ciudadan\u00eda, cinco elementos deProtecci\u00f3n Civil y Bomberos se encuentran en Carolina del Norte, Estados Unidos,participando en la capacitaci\u00f3n internacional denominada \u201cOperaci\u00f3n de BombasContra Incendio en espa\u00f1ol \u2013 Primera Edici\u00f3n\u201d. Jorge Luis Ju\u00e1rez Llanas, director de Protecci\u00f3n Civil y Bomberos, se\u00f1al\u00f3 que lacapacitaci\u00f3n de desarrollar\u00e1 durante seis d\u00edas, del 19 al 24 de&#8230;<\/p>\n","protected":false},"author":1,"featured_media":26198,"comment_status":"closed","ping_status":"","sticky":false,"template":"","format":"standard","meta":{"footnotes":""},"categories":[5,28,7],"tags":[],"class_list":["post-26197","post","type-post","status-publish","format-standard","has-post-thumbnail","hentry","category-coahuila","category-la-laguna","category-torreon","wpcat-5-id","wpcat-28-id","wpcat-7-id"],"_links":{"self":[{"href":"https:\/\/www.aquilaguna.com\/index.php\/wp-json\/wp\/v2\/posts\/26197","targetHints":{"allow":["GET"]}}],"collection":[{"href":"https:\/\/www.aquilaguna.com\/index.php\/wp-json\/wp\/v2\/posts"}],"about":[{"href":"https:\/\/www.aquilaguna.com\/index.php\/wp-json\/wp\/v2\/types\/post"}],"author":[{"embeddable":true,"href":"https:\/\/www.aquilaguna.com\/index.php\/wp-json\/wp\/v2\/users\/1"}],"replies":[{"embeddable":true,"href":"https:\/\/www.aquilaguna.com\/index.php\/wp-json\/wp\/v2\/comments?post=26197"}],"version-history":[{"count":1,"href":"https:\/\/www.aquilaguna.com\/index.php\/wp-json\/wp\/v2\/posts\/26197\/revisions"}],"predecessor-version":[{"id":26199,"href":"https:\/\/www.aquilaguna.com\/index.php\/wp-json\/wp\/v2\/posts\/26197\/revisions\/26199"}],"wp:featuredmedia":[{"embeddable":true,"href":"https:\/\/www.aquilaguna.com\/index.php\/wp-json\/wp\/v2\/media\/26198"}],"wp:attachment":[{"href":"https:\/\/www.aquilaguna.com\/index.php\/wp-json\/wp\/v2\/media?parent=26197"}],"wp:term":[{"taxonomy":"category","embeddable":true,"href":"https:\/\/www.aquilaguna.com\/index.php\/wp-json\/wp\/v2\/categories?post=26197"},{"taxonomy":"post_tag","embeddable":true,"href":"https:\/\/www.aquilaguna.com\/index.php\/wp-json\/wp\/v2\/tags?post=26197"}],"curies":[{"name":"wp","href":"https:\/\/api.w.org\/{rel}","templated":true}]}}