{"id":26225,"date":"2025-05-21T19:57:53","date_gmt":"2025-05-22T01:57:53","guid":{"rendered":"https:\/\/www.aquilaguna.com\/?p=26225"},"modified":"2025-05-21T19:57:53","modified_gmt":"2025-05-22T01:57:53","slug":"entregan-lobos-en-accion-de-la-uadec-al-dif-saltillo-250-cajas-de-cereal","status":"publish","type":"post","link":"https:\/\/www.aquilaguna.com\/index.php\/2025\/05\/21\/entregan-lobos-en-accion-de-la-uadec-al-dif-saltillo-250-cajas-de-cereal\/","title":{"rendered":"Entregan \u201cLobos en Acci\u00f3n\u201d de la UAdeC al DIF Saltillo 250 Cajas de Cereal."},"content":{"rendered":"\n<p>SALTILLO, Coahuila. 21 de mayo de 2025. En un acto de solidaridad y compromiso<br>social, la Universidad Aut\u00f3noma de Coahuila, a trav\u00e9s de la Coordinaci\u00f3n General de<br>Extensi\u00f3n Universitaria y el Programa \u201cLobos en Acci\u00f3n\u201d, hizo entrega de 250 cajas<br>de cereal al Sistema para el Desarrollo Integral de la Familia (DIF) Saltillo, como<br>parte de la iniciativa \u201cCerealTON\u201d realizada durante el mes de marzo.<\/p>\n\n\n\n<p>La entrega fue encabezada por la presidenta honoraria del DIF Saltillo, Luly L\u00f3pez<br>Naranjo, acompa\u00f1ada por estudiantes integrantes de los comit\u00e9s de \u201cLobos en<br>Acci\u00f3n\u201d de diversas Escuelas y Facultades de la Unidad Sureste, quienes<br>participaron activamente en la colecta.<\/p>\n\n\n\n<p>El coordinador general de Extensi\u00f3n Universitaria, David Hern\u00e1ndez Barrera,<br>agradeci\u00f3 la participaci\u00f3n entusiasta de la comunidad estudiantil y, destac\u00f3 que esta<br>acci\u00f3n es una muestra del compromiso que la Universidad mantiene con su entorno;<br>agreg\u00f3 que la donaci\u00f3n se destinar\u00e1 a 10 centros comunitarios infantiles de la<br>ciudad, los cuales atienden a aproximadamente 300 ni\u00f1as y ni\u00f1os.<\/p>\n\n\n\n<p>Por su parte, la presidenta honoraria del DIF Saltillo, Luly L\u00f3pez agradeci\u00f3 a la<br>Universidad y a sus estudiantes por el donativo, el cual permitir\u00e1 fortalecer la<br>atenci\u00f3n alimentaria en los espacios comunitarios que m\u00e1s lo necesitan.<\/p>\n\n\n\n<p>El \u201cCerealTON\u201d en un programa que consiste en la colecta de cajas de cereal a<br>trav\u00e9s de la comunidad universitaria, escuelas, facultades e institutos y<br>dependencias administrativas, para otorgarlas a diferentes lugares como asilos,<br>casas hogar, albergues y ejidos que requieran el apoyo.<\/p>\n","protected":false},"excerpt":{"rendered":"<p>SALTILLO, Coahuila. 21 de mayo de 2025. En un acto de solidaridad y compromisosocial, la Universidad Aut\u00f3noma de Coahuila, a trav\u00e9s de la Coordinaci\u00f3n General deExtensi\u00f3n Universitaria y el Programa \u201cLobos en Acci\u00f3n\u201d, hizo entrega de 250 cajasde cereal al Sistema para el Desarrollo Integral de la Familia (DIF) Saltillo, comoparte de la iniciativa \u201cCerealTON\u201d realizada durante el mes de marzo. La entrega fue encabezada por la presidenta honoraria del&#8230;<\/p>\n","protected":false},"author":1,"featured_media":26226,"comment_status":"closed","ping_status":"","sticky":false,"template":"","format":"standard","meta":{"footnotes":""},"categories":[2],"tags":[],"class_list":["post-26225","post","type-post","status-publish","format-standard","has-post-thumbnail","hentry","category-uadec","wpcat-2-id"],"_links":{"self":[{"href":"https:\/\/www.aquilaguna.com\/index.php\/wp-json\/wp\/v2\/posts\/26225","targetHints":{"allow":["GET"]}}],"collection":[{"href":"https:\/\/www.aquilaguna.com\/index.php\/wp-json\/wp\/v2\/posts"}],"about":[{"href":"https:\/\/www.aquilaguna.com\/index.php\/wp-json\/wp\/v2\/types\/post"}],"author":[{"embeddable":true,"href":"https:\/\/www.aquilaguna.com\/index.php\/wp-json\/wp\/v2\/users\/1"}],"replies":[{"embeddable":true,"href":"https:\/\/www.aquilaguna.com\/index.php\/wp-json\/wp\/v2\/comments?post=26225"}],"version-history":[{"count":1,"href":"https:\/\/www.aquilaguna.com\/index.php\/wp-json\/wp\/v2\/posts\/26225\/revisions"}],"predecessor-version":[{"id":26227,"href":"https:\/\/www.aquilaguna.com\/index.php\/wp-json\/wp\/v2\/posts\/26225\/revisions\/26227"}],"wp:featuredmedia":[{"embeddable":true,"href":"https:\/\/www.aquilaguna.com\/index.php\/wp-json\/wp\/v2\/media\/26226"}],"wp:attachment":[{"href":"https:\/\/www.aquilaguna.com\/index.php\/wp-json\/wp\/v2\/media?parent=26225"}],"wp:term":[{"taxonomy":"category","embeddable":true,"href":"https:\/\/www.aquilaguna.com\/index.php\/wp-json\/wp\/v2\/categories?post=26225"},{"taxonomy":"post_tag","embeddable":true,"href":"https:\/\/www.aquilaguna.com\/index.php\/wp-json\/wp\/v2\/tags?post=26225"}],"curies":[{"name":"wp","href":"https:\/\/api.w.org\/{rel}","templated":true}]}}