{"id":26386,"date":"2025-05-28T20:32:06","date_gmt":"2025-05-29T02:32:06","guid":{"rendered":"https:\/\/www.aquilaguna.com\/?p=26386"},"modified":"2025-05-28T20:32:06","modified_gmt":"2025-05-29T02:32:06","slug":"aqui-laguna-415","status":"publish","type":"post","link":"https:\/\/www.aquilaguna.com\/index.php\/2025\/05\/28\/aqui-laguna-415\/","title":{"rendered":"Aqu\u00ed Laguna."},"content":{"rendered":"\n<p>\u00a1Terminan\u00a0 las campa\u00f1as! Una de las cuales, diremos, ni tan solo en los hechos comenz\u00f3, concretamente\u00a0 la que corresponde a la renovaci\u00f3n del Poder Judicial, en todos sus \u00e1mbitos, federal y estatal, pues m\u00e1s all\u00e1 de la retorica que se aplica\u00a0al\u00a0convocar, m\u00e1s que apresuradamente,\u00a0a\u00a0la poblaci\u00f3n a acudir a las urnas el pr\u00f3ximo domingo, priva, as\u00ed hay que decirlo, el desconocimiento\u00a0de nombres, mucho menos curr\u00edculas acad\u00e9micas y profesionales\u00a0de\u00a0 todos, pero todos sus participantes.\u00a0Se est\u00e1 pues ante un ejercicio &#8220;democr\u00e1tico&#8221;, al m\u00e1s puro estilo de la 4T,\u00a0singularizada por\u00a0el desorden, el\u00a0importa madr\u00edsmo\u00a0 \u00a0 rampante\u00a0que se advierte, el de\u00a0no respetar,\u00a0las reglas de un ejercicio\u00a0de tal importancia, penosamente\u00a0 constru\u00eddo a lo largo de su historia\u00a0por los mexicanos, m\u00e1s all\u00e1,\u00a0de su\u00a0tambi\u00e9n cuestionada\u00a0 motivaci\u00f3n,\u00a0 que\u00a0la puso en marcha\u00a0que no\u00a0fue para nada exigencia &#8220;del pueblo&#8221;, como se trata de justificar, sin negar por ello, que tal estructura era perfectible,\u00a0que requer\u00eda\u00a0el\u00a0fortalecer con mejores\u00a0elementos de vigilancia de las conductas de sus miembros,\u00a0y sanciones correspondientes. Obvio que hay\u00a0 juzgadores,\u00a0que no \u00a0 estuvieron a la altura de la tarea que les fuera encomendada y por el que prestaron juramento, que\u00a0se\u00a0 crearon verdaderas mafias al interior\u00a0del cuerpo judicial, pero tambi\u00e9n hubo y hay miembros del Poder Judicial que as\u00ed haya sido &#8220;electo&#8221; estuvieron a\u00a0 la altura de\u00a0 la tarea encomendada.<\/p>\n\n\n\n<p>Viendo lo anterior, la renovaci\u00f3n del cuerpo judicial no asegura para nada, que\u00a0sus nuevos integrantes, que sin duda quedaran electos por la mayor\u00eda de una minor\u00eda -con obvia\u00a0legitimidad mermada-, seg\u00fan se augura,\u00a0de no tener \u00a0una vigilancia ciudadana, que no de sus tribunales de\u00a0conciencia,\u00a0que dicen garantizar\u00e1n sus conductas, que no se olvide, hombres y mujeres sujetos a los avatares de\u00a0la\u00a0condici\u00f3n humana,\u00a0estar\u00e1n cayendo tambi\u00e9n en vicios y excesos,\u00a0nepotismo, corruptelas, etc., etc., amen de la crisis judicial en puerta, que genere la curva de aprendizaje a que quedar\u00e1n sometidos, quienes &#8220;ganen&#8221; para desempe\u00f1ar\u00a0en el \u00e1mbito de sus competencias.<\/p>\n\n\n\n<p>En fin,\u00a0 esta &#8220;elecci\u00f3n kafkiana&#8221; como ya se le califica\u00a0en el extranjero, estar\u00e1\u00a0 arrojando sus frutos, en poco tiempo y la incertidumbre que\u00a0tambi\u00e9n arrastra, complica aun m\u00e1s,\u00a0el \u00e1mbito econ\u00f3mico, ya\u00a0 bastante afectado en el mundo y en nuestro pa\u00eds, ante el embate del &#8220;enemigo externo&#8221; es decir,\u00a0del clima creado por\u00a0las pol\u00edticas\u00a0que de manera intermitente, seg\u00fan\u00a0como amanezca su voluntad, el Presidente del vecino pa\u00eds del norte. De ah\u00ed que resulte alentador, que en la zona lagunera,\u00a0el haber puesto en marcha, apenas ayer, la primea piedra de\u00a0una nueva empresa,\u00a0 la inicial en el Parque La Amistad, la empresa\u00a0 Buhler de\u00a0capital suizo, con una inversi\u00f3n inicial de mil millones de pesos y la creaci\u00f3n potencial de\u00a0500 nuevos empleos,\u00a0con m\u00e1s altos objetivos productivos de mayor calado, no mera inversi\u00f3n maquiladora, \u00a0 que deja atr\u00e1s, por ahora y al tipo de inversi\u00f3n que singulariz\u00f3\u00a0a la regi\u00f3n no hace muchos a\u00f1os, la nueva empresa que se localizar\u00e1 en\u00a0el ahora desolado\u00a0y yermo terreno del municipio\u00a0de Matamoros, cada vez m\u00e1s lejanos que\u00a0en otros tiempos fueron destinados a la agricultura. Con la empresa suiza, ya est\u00e1 en marcha,\u00a0y con ello, se env\u00eda\u00a0optimista mensaje al resto de los inversionistas que est\u00e1n en stand by y es\u00a0 \u00a0 muestra que los trabajos de promoci\u00f3n\u00a0econ\u00f3mica que desarrolla de manera\u00a0 tenaz, persistente, el Gobernador Manolo Jim\u00e9nez Salinas por sumar\u00a0inversiones\u00a0con la diversificaci\u00f3n que\u00a0 cada una de sus regiones\u00a0requiere.<\/p>\n\n\n\n<p>El gobernante no deja de hacer \u00e9nfasis en que es la seguridad\u00a0 ahora elevada a tolerancia cero como el eje de\u00a0tales esfuerzos, que\u00a0generan las reacciones positivas, que el inversionista como \u00e9l califica\u00a0quiz\u00e1s, como el\u00a0m\u00e1s importante\u00a0factor que garantice los capitales invertidos, luego se suman otros,\u00a0 algunos de estos intangibles, pero tambi\u00e9n sumamente valorados, como lo son la mano de obra abundante y calificada,\u00a0 ubicaci\u00f3n territorial estrat\u00e9gica, v\u00edas de comunicaci\u00f3n, calidad de vida, etc., etc.<\/p>\n\n\n\n<p>Y en el otro extremo\u00a0 de la poblaci\u00f3n, el del sector social que corresponde al campesinado que se niega a renunciar al cultivo de la tierra, as\u00ed sea\u00a0bajo las condiciones que la naturaleza impone, el sector campesino, que se niega a\u00a0la\u00a0 extinci\u00f3n\u00a0de su vocaci\u00f3n primigenia; el cultivo\u00a0de la tierra\u00a0y que en este Ciclo Agr\u00edcola\u00a0Primavera\u00a0-Verano 25\/25, ciclos\u00a0que determinaron por\u00a0muchas d\u00e9cadas el ritmo de sus vidas. Hoy, la crisis hidrica que registra\u00a0el pa\u00eds, en\u00a0especial la zona norte, donde vivimos nuestras vidas,\u00a0 gener\u00f3 que el reparto de los caudales acumulados\u00a0del R\u00edo Nazas en los Vasos de las Presa Laguneras, solo haya dado para que la mayor\u00eda de sus derechosos, en especial los ubicados\u00a0en el municipio de San Pedro, solo hayan alcanzado su dotaci\u00f3n de agua para riego, m\u00e1s que\u00a0disminu\u00edda, a solo una tercera parte de\u00a0las\u00a0 ya mermadas asignaciones, optando muchos, por renunciar a cultivo alguno este a\u00f1o.<\/p>\n\n\n\n<p>La Presidenta Claudia Sheinbaum autoriz\u00f3 una asignaci\u00f3n\u00a0extraordinaria para realizar un Programa de Empleo Emergente que pueda paliar\u00a0las necesidades urgentes de la poblaci\u00f3n en tal aprietos, pero resulta que su burocracia,\u00a0representada\u00a0por la Secretar\u00eda de Agricultura y la Comisi\u00f3n Nacional\u00a0 del Agua\u00a0 no atinan\u00a0aun el\u00a0entregar\u00a0apoyo alguno a los afectados, que por lo visto, tendr\u00e1n que ejercer mayor presi\u00f3n, incluso\u00a0movilizaciones,\u00a0claro,\u00a0para que la burocracia federal se ponga las pilas y no dejen quedar mal a su Presidenta&#8230;<\/p>\n\n\n\n<p>Y en marcha, en Torre\u00f3n, la administraci\u00f3n\u00a0municipal, realizar\u00e1 su primera Feria del Empleo, cuya organizaci\u00f3n quedo a cargo del &#8220;alto funcionario&#8221;\u00a0Antonio Hern\u00e1ndez, titular de la Direcci\u00f3n de Desarrollo Econ\u00f3mico, que probar\u00e1 as\u00ed sus\u00a0capacidades en estos temas, que para empezar\u00a0presentan una v\u00eda de acceso a la demanda laboral, que se espera tenga el\u00a0seguimiento\u00a0correspondiente\u00a0y que los saldos\u00a0 no queden\u00a0en meras estad\u00edsticas para presumir.<\/p>\n\n\n\n<p>Y volviendo\u00a0 al tema &#8220;elecciones&#8221;, pues que decir, la\u00a0de las que tendr\u00e1n lugar en el vecino Estado, al llegar este mismo mi\u00e9rcoles al t\u00e9rmino del tiempo que la ley\u00a0 fija a sus\u00a0participantes a realizar\u00a0campa\u00f1a o promoci\u00f3n alguna de sus aspiraciones\u00a0de manera p\u00fablica, pues deber\u00e1n dejar los d\u00edas que cuentan hasta el domingo\u00a0 pr\u00f3ximo, para organizar y determinar, repartir billetes\u00a0seg\u00fan sea el caso, como dice\u00a0 la leyenda urbana,\u00a0se hace a\u00a0quienes piensen estar\u00e1n votando a su favor. Ni modo que en esta ocasi\u00f3n sea diferente.<\/p>\n\n\n\n<p>Ya estaremos viendo los resultados\u00a0 que arroje este &#8220;ejercicio democr\u00e1tico&#8221; que\u00a0s\u00ed\u00a0deber\u00e1\u00a0 tener y cumplir todos los requisitos que la ley\u00a0contempla y sanciona el INE\u00a0y elorgano electoral\u00a0 duranguense, la ley seca que va a imperar, arrojar\u00e1 tambi\u00e9n buenos resultados a los abastecedores clandestinos, que lo hay y que estar\u00e1n haciendo su agosto en junio.\u00a0<\/p>\n","protected":false},"excerpt":{"rendered":"<p>\u00a1Terminan\u00a0 las campa\u00f1as! Una de las cuales, diremos, ni tan solo en los hechos comenz\u00f3, concretamente\u00a0 la que corresponde a la renovaci\u00f3n del Poder Judicial, en todos sus \u00e1mbitos, federal y estatal, pues m\u00e1s all\u00e1 de la retorica que se aplica\u00a0al\u00a0convocar, m\u00e1s que apresuradamente,\u00a0a\u00a0la poblaci\u00f3n a acudir a las urnas el pr\u00f3ximo domingo, priva, as\u00ed hay que decirlo, el desconocimiento\u00a0de nombres, mucho menos curr\u00edculas acad\u00e9micas y profesionales\u00a0de\u00a0 todos, pero todos&#8230;<\/p>\n","protected":false},"author":2,"featured_media":0,"comment_status":"closed","ping_status":"","sticky":false,"template":"","format":"standard","meta":{"footnotes":""},"categories":[1],"tags":[],"class_list":["post-26386","post","type-post","status-publish","format-standard","hentry","category-uncategorized","wpcat-1-id"],"_links":{"self":[{"href":"https:\/\/www.aquilaguna.com\/index.php\/wp-json\/wp\/v2\/posts\/26386","targetHints":{"allow":["GET"]}}],"collection":[{"href":"https:\/\/www.aquilaguna.com\/index.php\/wp-json\/wp\/v2\/posts"}],"about":[{"href":"https:\/\/www.aquilaguna.com\/index.php\/wp-json\/wp\/v2\/types\/post"}],"author":[{"embeddable":true,"href":"https:\/\/www.aquilaguna.com\/index.php\/wp-json\/wp\/v2\/users\/2"}],"replies":[{"embeddable":true,"href":"https:\/\/www.aquilaguna.com\/index.php\/wp-json\/wp\/v2\/comments?post=26386"}],"version-history":[{"count":1,"href":"https:\/\/www.aquilaguna.com\/index.php\/wp-json\/wp\/v2\/posts\/26386\/revisions"}],"predecessor-version":[{"id":26387,"href":"https:\/\/www.aquilaguna.com\/index.php\/wp-json\/wp\/v2\/posts\/26386\/revisions\/26387"}],"wp:attachment":[{"href":"https:\/\/www.aquilaguna.com\/index.php\/wp-json\/wp\/v2\/media?parent=26386"}],"wp:term":[{"taxonomy":"category","embeddable":true,"href":"https:\/\/www.aquilaguna.com\/index.php\/wp-json\/wp\/v2\/categories?post=26386"},{"taxonomy":"post_tag","embeddable":true,"href":"https:\/\/www.aquilaguna.com\/index.php\/wp-json\/wp\/v2\/tags?post=26386"}],"curies":[{"name":"wp","href":"https:\/\/api.w.org\/{rel}","templated":true}]}}