{"id":26394,"date":"2025-05-29T18:49:32","date_gmt":"2025-05-30T00:49:32","guid":{"rendered":"https:\/\/www.aquilaguna.com\/?p=26394"},"modified":"2025-05-29T18:49:32","modified_gmt":"2025-05-30T00:49:32","slug":"con-gran-exito-se-realizo-la-primera-edicion-de-la-feria-de-empleo-municipal-2025","status":"publish","type":"post","link":"https:\/\/www.aquilaguna.com\/index.php\/2025\/05\/29\/con-gran-exito-se-realizo-la-primera-edicion-de-la-feria-de-empleo-municipal-2025\/","title":{"rendered":"Con gran \u00e9xito se realiz\u00f3 la primera edici\u00f3n de la \u201cFeria de Empleo Municipal 2025\u201d."},"content":{"rendered":"\n<p>Torre\u00f3n, Coahuila. A 29 de mayo de 2025.<\/p>\n\n\n\n<p>Con gran \u00e9xito se llev\u00f3 a cabo la primera edici\u00f3n de la \u201cFeria de Empleo Municipal<br>2025\u201d en las instalaciones del Museo Arocena, donde estuvieron presentes<br>alrededor de 20 empresas ofertando m\u00e1s de 700 vacantes en distintos giros y<br>niveles educativos. Acudieron m\u00e1s de 400 aspirantes.<\/p>\n\n\n\n<p>En representaci\u00f3n del alcalde Rom\u00e1n Alberto Cepeda Gonz\u00e1lez, el director de<br>Desarrollo Econ\u00f3mico, Antonio Hern\u00e1ndez Gonz\u00e1lez, brind\u00f3 un mensaje en donde<br>agradeci\u00f3 la participaci\u00f3n de las c\u00e1maras empresariales, as\u00ed como el trabajo<br>coordinado con el Gobierno del Estado a trav\u00e9s del Servicio Nacional del Empleo.<\/p>\n\n\n\n<p>Mencion\u00f3 que se tuvo una muy buena respuesta con la asistencia de m\u00e1s de 400<br>aspirantes quienes acudieron en busca de una oportunidad laboral.<\/p>\n\n\n\n<p>Asimismo, resalt\u00f3 que las vacantes ofertadas fueron desde los niveles de<br>secundaria hasta profesional, con rangos de salarios van desde los 8 mil hasta los<br>30 mil pesos mensuales, adem\u00e1s de que se ofrecieron oportunidades laborales<br>para adultos mayores y personas con alguna discapacidad.<\/p>\n\n\n\n<p>El objetivo este tipo de eventos, resalt\u00f3, es el vincular la oferta laboral con quienes<br>buscan una oportunidad de empleo, ofreciendo una variedad de vacantes a trav\u00e9s<br>de las empresas tanto locales como trasnacionales que ofrecieron sus vacantes<br>para integrar nuevos perfiles a su plantilla laboral.<\/p>\n\n\n\n<p>En la inauguraci\u00f3n de la estuvieron presentes: Jos\u00e9 Antonio Guti\u00e9rrez,<br>vicepresidente de CANACO Torre\u00f3n; Ahmed Jalife Lozano, tesorero de<br>CANACINTRA Torre\u00f3n; Fabiola Favila Gallegos, directora del Museo Arocena y<br>Javier P\u00e9rez, en representaci\u00f3n del Servicio Nacional del Empleo.<\/p>\n","protected":false},"excerpt":{"rendered":"<p>Torre\u00f3n, Coahuila. A 29 de mayo de 2025. Con gran \u00e9xito se llev\u00f3 a cabo la primera edici\u00f3n de la \u201cFeria de Empleo Municipal2025\u201d en las instalaciones del Museo Arocena, donde estuvieron presentesalrededor de 20 empresas ofertando m\u00e1s de 700 vacantes en distintos giros yniveles educativos. Acudieron m\u00e1s de 400 aspirantes. En representaci\u00f3n del alcalde Rom\u00e1n Alberto Cepeda Gonz\u00e1lez, el director deDesarrollo Econ\u00f3mico, Antonio Hern\u00e1ndez Gonz\u00e1lez, brind\u00f3 un mensaje en&#8230;<\/p>\n","protected":false},"author":1,"featured_media":26395,"comment_status":"closed","ping_status":"","sticky":false,"template":"","format":"standard","meta":{"footnotes":""},"categories":[5,28,7],"tags":[],"class_list":["post-26394","post","type-post","status-publish","format-standard","has-post-thumbnail","hentry","category-coahuila","category-la-laguna","category-torreon","wpcat-5-id","wpcat-28-id","wpcat-7-id"],"_links":{"self":[{"href":"https:\/\/www.aquilaguna.com\/index.php\/wp-json\/wp\/v2\/posts\/26394","targetHints":{"allow":["GET"]}}],"collection":[{"href":"https:\/\/www.aquilaguna.com\/index.php\/wp-json\/wp\/v2\/posts"}],"about":[{"href":"https:\/\/www.aquilaguna.com\/index.php\/wp-json\/wp\/v2\/types\/post"}],"author":[{"embeddable":true,"href":"https:\/\/www.aquilaguna.com\/index.php\/wp-json\/wp\/v2\/users\/1"}],"replies":[{"embeddable":true,"href":"https:\/\/www.aquilaguna.com\/index.php\/wp-json\/wp\/v2\/comments?post=26394"}],"version-history":[{"count":1,"href":"https:\/\/www.aquilaguna.com\/index.php\/wp-json\/wp\/v2\/posts\/26394\/revisions"}],"predecessor-version":[{"id":26396,"href":"https:\/\/www.aquilaguna.com\/index.php\/wp-json\/wp\/v2\/posts\/26394\/revisions\/26396"}],"wp:featuredmedia":[{"embeddable":true,"href":"https:\/\/www.aquilaguna.com\/index.php\/wp-json\/wp\/v2\/media\/26395"}],"wp:attachment":[{"href":"https:\/\/www.aquilaguna.com\/index.php\/wp-json\/wp\/v2\/media?parent=26394"}],"wp:term":[{"taxonomy":"category","embeddable":true,"href":"https:\/\/www.aquilaguna.com\/index.php\/wp-json\/wp\/v2\/categories?post=26394"},{"taxonomy":"post_tag","embeddable":true,"href":"https:\/\/www.aquilaguna.com\/index.php\/wp-json\/wp\/v2\/tags?post=26394"}],"curies":[{"name":"wp","href":"https:\/\/api.w.org\/{rel}","templated":true}]}}