{"id":26459,"date":"2025-06-02T20:03:48","date_gmt":"2025-06-03T02:03:48","guid":{"rendered":"https:\/\/www.aquilaguna.com\/?p=26459"},"modified":"2025-06-02T20:04:03","modified_gmt":"2025-06-03T02:04:03","slug":"cierra-de-frontera-a-hatos-ganaderos-genera-perdidas-de-20-millones-de-dolares-por-semana","status":"publish","type":"post","link":"https:\/\/www.aquilaguna.com\/index.php\/2025\/06\/02\/cierra-de-frontera-a-hatos-ganaderos-genera-perdidas-de-20-millones-de-dolares-por-semana\/","title":{"rendered":"Ciere de frontera a hatos ganaderos genera p\u00e9rdidas de 20 millones de dolares por semana."},"content":{"rendered":"\n<p>Torre\u00f3n, Coahuila.- A 20 millones\u00a0de d\u00f3lares semanales, ascienden ya las p\u00e9rdidas que genera\u00a0el cierre de la frontera\u00a0de Estados Unidos,\u00a0a los hatos ganaderos que tradicionalmente\u00a0se ven\u00edan exportando al vecino pa\u00eds del norte, luego de la contingencia que en materia de sanidad\u00a0animal plantea\u00a0los productores,\u00a0la aparici\u00f3n y avance del Gusano Barrenador\u00a0luego\u00a0de haberse detectado su presencia en la zona sur del pa\u00eds a finales del a\u00f1o anterior.<\/p>\n\n\n\n<p>Tal estimaci\u00f3n estuvo a cargo de Diego\u00a0Montenegro Ernest, representante\u00a0y Coordinador Regional del Instituto Interamericano de Cooperaci\u00f3n para la Agricultura -IICA-, destacado participante en el Seminario-Ejercicio-Simulacro\u00a0sobre el Plan de Emergencia para la Prevenci\u00f3n\u00a0y el Control del Gusano\u00a0 Barrenador,\u00a0a partir de esta fecha y hasta el dia 6 del presente, siendo el segundo de esta naturaleza que se realiza en el pa\u00eds,\u00a0con la presencia del titular de la SENASICA,\u00a0de la Oficina\u00a0de Asuntos Agr\u00edcolas de Estados Unidos\u00a0y\u00a0la Secretar\u00eda de Agricultura, Ganader\u00eda y\u00a0 Desarrollo Rural\u00a0y\u00a0expertos en el tema.\u00a0\u00a0\u00a0\u00a0\u00a0<\/p>\n\n\n\n<p>El citado,\u00a0estim\u00f3 que la coordinaci\u00f3n establecida\u00a0es uno de los factores a considerar para tener los resultados esperados esperado en\u00a0estas acciones,\u00a0y citar luego\u00a0que &#8220;el sector acad\u00e9mico es fundamental en este trabajo,\u00a0en materia de coordinaci\u00f3n, control, vigilancia, radicaci\u00f3n y eventualmente en preservar el status\u00a0en la eliminaci\u00f3n de unan plaga o una enfermedad, pues siempre hemos considerado que el Sector Acad\u00e9mico\u00a0juega un rol\u00a0central en la formaci\u00f3n de nuevas generaciones de especialistas, de\u00a0 t\u00e9cnicas de nuevas generaciones de ganaderos\u00a0que deben cumplir reglas. Es pues un factor \u00a0 fundamental&#8221;.<\/p>\n\n\n\n<p>&#8220;Tenemos adem\u00e1s, el compromiso\u00a0de parte del Sector Acad\u00e9mico de ir trabajando de la mano con nosotros&#8221;.<\/p>\n\n\n\n<p>&#8220;El hecho que el segundo simulacro\u00a0se celebre en M\u00e9xico, en coordinaci\u00f3n\u00a0con el IICA, con el Departamento\u00a0de Agricultura de Estados Unidos, en un Estado del norte del pa\u00eds\u00a0y en la sede de la Universidad Aut\u00f3noma Agraria Antonio Narro -Unidad Laguna-,\u00a0 el Departamento de\u00a0Agricultura de Estados Unidos,\u00a0demuestra la importancia\u00a0que estamos dando\u00a0los Organismo Internacionales\u00a0al rol de las Universidades en esta materia&#8221;.<\/p>\n\n\n\n<p>El simulacro &#8220;arranca este d\u00eda, con su parte conceptual y te\u00f3rica&#8221;, explicando a todos los presentes de\u00a0un p\u00fablico muy diverso, en el que donde hay ganaderos, t\u00e9cnicos de los servicios sanitarios especializados, autoridades locales,\u00a0del\u00a0 Estado y\u00a0autoridades federales y la Guardia, se\u00f1alando que el tema, &#8220;es un asunto de seguridad nacional&#8221;.<\/p>\n\n\n\n<p>La idea, dijo, &#8220;es poner en perspectiva, un escenario de qu\u00e9\u00a0pasar\u00eda en Coahuila y los Estados del Norte, si apareciera el primer caso positivo, sobre c\u00f3mo se\u00a0activar\u00eda el sistema de dispositivo de emergencia&#8221;.<\/p>\n\n\n\n<p>Comentaba, dijo, &#8220;que la miasis est\u00e1 siendo controlada\u00a0en los\u00a0 estados del Sur y del Sureste del \u1e55ais&#8221;.\u00a0<\/p>\n\n\n\n<p>Sobre la experiencia derivada de la realizaci\u00f3n del primer simulacro realizado en una entidad del sur del pa\u00eds, indico que &#8220;la acci\u00f3n se realiz\u00f3 un d\u00eda antes o un d\u00eda despu\u00e9s -a finales del mes de noviembre del 2024-,\u00a0 de que se detectara\u00a0la presencia del Gusano Barrenador\u00a0y recuerdo\u00a0que indicamos que m\u00e1s bien, era la oportunidad\u00a0sobre c\u00f3mo se aplicaba\u00a0el dispositivo de emergencia&#8221;.\u00a0<\/p>\n\n\n\n<p>&#8220;Fue en Tapachula donde se desarroll\u00f3 ese\u00a0simulacro\u00a0y se activaron ya todos los protocolos sobre la aparici\u00f3n real del primer caso,\u00a0que coincidi\u00f3 casi con el mismo d\u00eda&#8221;.\u00a0<\/p>\n\n\n\n<p>En cuanto al registro decasos en\u00a0humanos de\u00a0esta afectaci\u00f3n,\u00a0 &#8220;a la fecha, hay ya dos casos confirmados&#8221;.<\/p>\n\n\n\n<p>Explic\u00f3 luego que, &#8220;la mosca pone sus larvas, sus huevecillos en cualquier herida, puede ser humano, mascotas, ganado bovino o cualquier otra especie de mam\u00edfero&#8221;.<\/p>\n\n\n\n<p>Preguntado sobre\u00a0si en el pa\u00eds se registr\u00f3 &#8220;descuido&#8221; en materia de prevenci\u00f3n de esta plaga, expres\u00f3 que, &#8220;las plagas y las enfermedades est\u00e1n siempre en los ecosistemas, entonces hay que estar siempre de manera preventiva tomando las acciones necesarias&#8221;.<\/p>\n\n\n\n<p>Se dejo, dijo, &#8220;de utilizar la t\u00e9cnica de la mosca est\u00e9ril, que se dispersa de a\u00e9rea, ahora y m\u00e1s bien se apoy\u00f3 mucho en el manejo del hato ganadero, pero creo que hoy d\u00eda con la aparici\u00f3n ya del gusano barrenador tenemos ya que volver a activar todos los protocolos que incluyen la t\u00e9cnica del gusano est\u00e9ril y el tema del manejo del hato en la prevenci\u00f3n&#8221;.<\/p>\n\n\n\n<p>En cuanto a la afectaci\u00f3n\u00a0econ\u00f3mica que implica para el sector ganadero de exportaci\u00f3n el cierre de la frontera de nuestro pa\u00eds, con la del vecino pa\u00eds del norte, &#8220;genera una p\u00e9rdida de alrededor de 20 millones de d\u00f3lares semanales&#8221;.<\/p>\n","protected":false},"excerpt":{"rendered":"<p>Torre\u00f3n, Coahuila.- A 20 millones\u00a0de d\u00f3lares semanales, ascienden ya las p\u00e9rdidas que genera\u00a0el cierre de la frontera\u00a0de Estados Unidos,\u00a0a los hatos ganaderos que tradicionalmente\u00a0se ven\u00edan exportando al vecino pa\u00eds del norte, luego de la contingencia que en materia de sanidad\u00a0animal plantea\u00a0los productores,\u00a0la aparici\u00f3n y avance del Gusano Barrenador\u00a0luego\u00a0de haberse detectado su presencia en la zona sur del pa\u00eds a finales del a\u00f1o anterior. Tal estimaci\u00f3n estuvo a cargo de Diego\u00a0Montenegro&#8230;<\/p>\n","protected":false},"author":2,"featured_media":0,"comment_status":"closed","ping_status":"","sticky":false,"template":"","format":"standard","meta":{"footnotes":""},"categories":[5,91,7,72],"tags":[],"class_list":["post-26459","post","type-post","status-publish","format-standard","hentry","category-coahuila","category-ganaderia","category-torreon","category-uaaan","wpcat-5-id","wpcat-91-id","wpcat-7-id","wpcat-72-id"],"_links":{"self":[{"href":"https:\/\/www.aquilaguna.com\/index.php\/wp-json\/wp\/v2\/posts\/26459","targetHints":{"allow":["GET"]}}],"collection":[{"href":"https:\/\/www.aquilaguna.com\/index.php\/wp-json\/wp\/v2\/posts"}],"about":[{"href":"https:\/\/www.aquilaguna.com\/index.php\/wp-json\/wp\/v2\/types\/post"}],"author":[{"embeddable":true,"href":"https:\/\/www.aquilaguna.com\/index.php\/wp-json\/wp\/v2\/users\/2"}],"replies":[{"embeddable":true,"href":"https:\/\/www.aquilaguna.com\/index.php\/wp-json\/wp\/v2\/comments?post=26459"}],"version-history":[{"count":2,"href":"https:\/\/www.aquilaguna.com\/index.php\/wp-json\/wp\/v2\/posts\/26459\/revisions"}],"predecessor-version":[{"id":26461,"href":"https:\/\/www.aquilaguna.com\/index.php\/wp-json\/wp\/v2\/posts\/26459\/revisions\/26461"}],"wp:attachment":[{"href":"https:\/\/www.aquilaguna.com\/index.php\/wp-json\/wp\/v2\/media?parent=26459"}],"wp:term":[{"taxonomy":"category","embeddable":true,"href":"https:\/\/www.aquilaguna.com\/index.php\/wp-json\/wp\/v2\/categories?post=26459"},{"taxonomy":"post_tag","embeddable":true,"href":"https:\/\/www.aquilaguna.com\/index.php\/wp-json\/wp\/v2\/tags?post=26459"}],"curies":[{"name":"wp","href":"https:\/\/api.w.org\/{rel}","templated":true}]}}