{"id":26477,"date":"2025-06-03T20:35:30","date_gmt":"2025-06-04T02:35:30","guid":{"rendered":"https:\/\/www.aquilaguna.com\/?p=26477"},"modified":"2025-06-03T20:35:30","modified_gmt":"2025-06-04T02:35:30","slug":"gobierno-de-coahuila-se-suma-a-music-make-day-2025-este-21-de-junio","status":"publish","type":"post","link":"https:\/\/www.aquilaguna.com\/index.php\/2025\/06\/03\/gobierno-de-coahuila-se-suma-a-music-make-day-2025-este-21-de-junio\/","title":{"rendered":"GOBIERNO DE COAHUILA SE SUMA A MUSIC MAKE DAY 2025 ESTE 21 de JUNIO."},"content":{"rendered":"\n<p>\u00b7&nbsp;&nbsp;&nbsp;&nbsp;&nbsp;&nbsp;<strong><em>&nbsp;CCT y Puerto Noas ser\u00e1n sedes de este evento de car\u00e1cter mundial&nbsp;&nbsp;<\/em><\/strong><\/p>\n\n\n\n<p>Torre\u00f3n, Coahuila de Zaragoza; a 03 de Junio de 2025.- El Gobierno de Coahuila a trav\u00e9s del Centro de Convenciones de Torre\u00f3n, el Telef\u00e9rico Torre\u00f3n y Puerto Noas y el Ayuntamiento de Torre\u00f3n se suman al Make Music Day 2025 que organiza Grupo Gonher.<\/p>\n\n\n\n<p>Esta celebraci\u00f3n musical toma su origen en la conmemoraci\u00f3n internacional del Make Music Day, que es un evento anual que ocurre cada 21 de junio para promover y celebrar la m\u00fasica en espacios p\u00fablicos y que busca que cualquier persona pueda dejar salir el m\u00fasico que lleva dentro, sin importar su nivel de experiencia.<\/p>\n\n\n\n<p>Jorge Gonz\u00e1lez S\u00e1nchez, director de E-Commerce de Grupo Gonher, explic\u00f3 que esta es la cuarta vez que se llevar\u00e1 a cabo este evento en Torre\u00f3n, \u201ceste a\u00f1o hemos tenido much\u00edsimo apoyo del Gobierno del Estado, del Municipio de Torre\u00f3n, del Centro de Convenciones y otros, son eventos musicales muy padres los que tenemos preparados y cl\u00ednicas de producci\u00f3n musical y totalmente gratuitos\u201d.<\/p>\n\n\n\n<p>Al momento se han registrado 16 sedes, la idea es llenar de m\u00fasica las ciudades, las plazas, las calles, es una iniciativa sin fines de lucro y buscamos llevarla a todos los rincones de Torre\u00f3n, habr\u00e1 m\u00fasica electr\u00f3nica, m\u00fasica cl\u00e1sica, rock, DJs y para todos los interesados en conocer el programa o en inscribirse para participar, lo pueden consultar en&nbsp;<a href=\"https:\/\/gaabcdh.r.bh.d.sendibt3.com\/tr\/cl\/wzm3VpaDuiLubu2f18NTbcWqjzxODTniJQP41KSTgSw9O6Y_zuenR8FlHKnhBX3PWD-pAJ-jfcW3Tr6D79yY6nk74Fsf-DRl5UQjlM0a9eLAmnW14jDgIUO7AO6NOxxcJFJ75tEh25J57ttyDV_iQtBHkY7AtvlE44pJRaLRQ4ExIzOGzhP-XjuB7MoJTjgXiUh44Hj8-qk3TM51AQNPVMXc7B81YF04PViu-QEsQFtAjQL91IvFtXgdmulYY0I638OI90xdh3wrTPvraQQ\" rel=\"noreferrer noopener\" target=\"_blank\">https:\/\/makemusic.mx\/<\/a><\/p>\n\n\n\n<p>Para quienes visiten el Centro de Convenciones de Torre\u00f3n, podr\u00e1n participar en la rifa de un auto (renault kwid), para lo cual deber\u00e1n descargar la aplicaci\u00f3n \u201cidealz\u201d, registrarse y autom\u00e1ticamente estar\u00e1n concursando. En esta sede habr\u00e1 cl\u00ednicas de producci\u00f3n musical desde las 11:00 horas y de las 16:00 hasta las 02:00 horas habr\u00e1 DJs internacionales y locales encabezados por Oso Humprey y Gamboa DJ.<\/p>\n\n\n\n<p>Por su parte Rodrigo Gonz\u00e1lez Fern\u00e1ndez, Director del CCT coment\u00f3 que est\u00e1n listos para ser sede de este evento de car\u00e1cter mundial y para recibir a m\u00e1s de siete DJs con sus cl\u00ednicas y presentaciones, donde dar\u00e1n a conocer todo sobre las nuevas tendencias.<\/p>\n\n\n\n<p>Adem\u00e1s, Ver\u00f3nica Soto D\u00edaz, Directora del Telef\u00e9rico de Torre\u00f3n y Puerto Noas afirm\u00f3 que ya est\u00e1n preparados para recibir a la Banda Toro Viejo en este parque ecol\u00f3gico, el evento empezar\u00e1 a las 19:00 horas.<\/p>\n\n\n\n<p>Antonio M\u00e9ndez Vigat\u00e1, Director del Instituto de Municipal de Cultura y Educaci\u00f3n coment\u00f3 que este es el cuarto a\u00f1o consecutivo que el Ayuntamiento de Torre\u00f3n colabora con Make Music, la fiesta de la m\u00fasica. En la Casa del Cerro habr\u00e1&nbsp;&nbsp;una gala de \u00f3pera; en la Plaza de Armas con presentaciones art\u00edsticas de m\u00fasica mexicana; en el Aeropuerto Internacional de Torre\u00f3n con un ensamble del Instituto de M\u00fasica de Coahuila.<\/p>\n\n\n\n<p>Porque la m\u00fasica nos mueve, Music Make M\u00e9xico busca fomentar la participaci\u00f3n activa de las personas en la m\u00fasica, eliminando barreras y promoviendo la creatividad en cada una de las ciudades de la rep\u00fablica donde se realiza; en Torre\u00f3n se espera que m\u00e1s de 12 mil personas acudan a una de las 16 sedes registradas hasta hoy.&nbsp;<\/p>\n\n\n\n<p>En esta presentaci\u00f3n ante medios de comunicaci\u00f3n estuvieron: Natalia Hoyos Guerrero, Directora de Turismo de Torre\u00f3n; Lilia Aguilera Mascorro, Coordinadora de Desarrollo Institucional del Museo Arocena; Jairo Ortiz, vocalista de Toro Viejo; Fernanda Sol\u00eds, representante de Hijos del Sol; Emilio Gonz\u00e1lez de Grupo Shire Lagoon; Ethan Eager, Director del Instituto de M\u00fasica de Coahuila y Brandon Rocha de Grupo Los R,s.<\/p>\n","protected":false},"excerpt":{"rendered":"<p>\u00b7&nbsp;&nbsp;&nbsp;&nbsp;&nbsp;&nbsp;&nbsp;CCT y Puerto Noas ser\u00e1n sedes de este evento de car\u00e1cter mundial&nbsp;&nbsp; Torre\u00f3n, Coahuila de Zaragoza; a 03 de Junio de 2025.- El Gobierno de Coahuila a trav\u00e9s del Centro de Convenciones de Torre\u00f3n, el Telef\u00e9rico Torre\u00f3n y Puerto Noas y el Ayuntamiento de Torre\u00f3n se suman al Make Music Day 2025 que organiza Grupo Gonher. Esta celebraci\u00f3n musical toma su origen en la conmemoraci\u00f3n internacional del Make Music Day,&#8230;<\/p>\n","protected":false},"author":1,"featured_media":26478,"comment_status":"closed","ping_status":"","sticky":false,"template":"","format":"standard","meta":{"footnotes":""},"categories":[5,12,15,28,7],"tags":[],"class_list":["post-26477","post","type-post","status-publish","format-standard","has-post-thumbnail","hentry","category-coahuila","category-cultura","category-gobierno-de-coahuila","category-la-laguna","category-torreon","wpcat-5-id","wpcat-12-id","wpcat-15-id","wpcat-28-id","wpcat-7-id"],"_links":{"self":[{"href":"https:\/\/www.aquilaguna.com\/index.php\/wp-json\/wp\/v2\/posts\/26477","targetHints":{"allow":["GET"]}}],"collection":[{"href":"https:\/\/www.aquilaguna.com\/index.php\/wp-json\/wp\/v2\/posts"}],"about":[{"href":"https:\/\/www.aquilaguna.com\/index.php\/wp-json\/wp\/v2\/types\/post"}],"author":[{"embeddable":true,"href":"https:\/\/www.aquilaguna.com\/index.php\/wp-json\/wp\/v2\/users\/1"}],"replies":[{"embeddable":true,"href":"https:\/\/www.aquilaguna.com\/index.php\/wp-json\/wp\/v2\/comments?post=26477"}],"version-history":[{"count":1,"href":"https:\/\/www.aquilaguna.com\/index.php\/wp-json\/wp\/v2\/posts\/26477\/revisions"}],"predecessor-version":[{"id":26479,"href":"https:\/\/www.aquilaguna.com\/index.php\/wp-json\/wp\/v2\/posts\/26477\/revisions\/26479"}],"wp:featuredmedia":[{"embeddable":true,"href":"https:\/\/www.aquilaguna.com\/index.php\/wp-json\/wp\/v2\/media\/26478"}],"wp:attachment":[{"href":"https:\/\/www.aquilaguna.com\/index.php\/wp-json\/wp\/v2\/media?parent=26477"}],"wp:term":[{"taxonomy":"category","embeddable":true,"href":"https:\/\/www.aquilaguna.com\/index.php\/wp-json\/wp\/v2\/categories?post=26477"},{"taxonomy":"post_tag","embeddable":true,"href":"https:\/\/www.aquilaguna.com\/index.php\/wp-json\/wp\/v2\/tags?post=26477"}],"curies":[{"name":"wp","href":"https:\/\/api.w.org\/{rel}","templated":true}]}}