{"id":26494,"date":"2025-06-04T19:25:53","date_gmt":"2025-06-05T01:25:53","guid":{"rendered":"https:\/\/www.aquilaguna.com\/?p=26494"},"modified":"2025-06-04T19:25:53","modified_gmt":"2025-06-05T01:25:53","slug":"coahuila-celebra-el-dia-mundial-del-medio-ambiente-con-feria-sin-contaminacion-por-plasticos","status":"publish","type":"post","link":"https:\/\/www.aquilaguna.com\/index.php\/2025\/06\/04\/coahuila-celebra-el-dia-mundial-del-medio-ambiente-con-feria-sin-contaminacion-por-plasticos\/","title":{"rendered":"COAHUILA CELEBRA EL D\u00cdA MUNDIAL DEL MEDIO AMBIENTE CON \u201cFERIA SIN CONTAMINACI\u00d3N POR PL\u00c1STICOS\u201d."},"content":{"rendered":"\n<p>Saltillo, Coahuila. 04 de junio del 2025.\u2014 En el marco del D\u00eda Mundial del Medio Ambiente, que se celebra el 5 de junio, el Gobierno del Estado de Coahuila, a trav\u00e9s de la Secretar\u00eda de Medio Ambiente (SMA), llevar\u00e1 a cabo una feria tem\u00e1tica el pr\u00f3ximo 8 de junio, en la Explanada del Bosque Urbano Ej\u00e9rcito Mexicano, Etapa 1, en un horario de 10:00 a 15:00 horas.<\/p>\n\n\n\n<p>Con el lema \u201cSin contaminaci\u00f3n por pl\u00e1sticos\u201d, esta jornada busca sensibilizar a la ciudadan\u00eda sobre la urgencia de reducir el uso de pl\u00e1sticos de un solo uso y fomentar pr\u00e1cticas sostenibles en la vida diaria. La feria estar\u00e1 abierta al p\u00fablico y contar\u00e1 con m\u00faltiples actividades enfocadas en la educaci\u00f3n ambiental, la econom\u00eda circular y el bienestar animal.<\/p>\n\n\n\n<p>Entre las actividades programadas se incluyen talleres educativos, exposiciones industriales y art\u00edsticas, muestra de artesan\u00edas, as\u00ed como servicios veterinarios gratuitos o a bajo costo. Tambi\u00e9n se ofrecer\u00e1 la posibilidad de adoptar mascotas y adquirir art\u00edculos tanto para el cuidado de animales como de segunda oportunidad, promoviendo el reciclaje y la reutilizaci\u00f3n.<\/p>\n\n\n\n<p>Como parte del compromiso con el medio ambiente, se invita a las y los asistentes a llevar residuos valorizados, como pl\u00e1sticos, cart\u00f3n, latas y otros materiales reciclables, para canjearlos por plantas o tierra. Asimismo, se recomienda asistir con vasos o cilindros reutilizables, ya que habr\u00e1 estaciones para rellenarlos con agua, y utilizar bolsas de reus\u00f3 para realizar compras dentro del evento.<\/p>\n\n\n\n<p>La feria representa una oportunidad para que familias, estudiantes y ciudadan\u00eda en general se acerquen de forma l\u00fadica y educativa a los temas ambientales que hoy demandan atenci\u00f3n urgente. Con actividades pensadas para todas las edades, esta celebraci\u00f3n busca fortalecer la conciencia ecol\u00f3gica y sumar esfuerzos hacia un Coahuila m\u00e1s limpio, responsable y resiliente.<\/p>\n\n\n\n<p>El evento forma parte de las acciones que impulsa la administraci\u00f3n y que refleja el compromiso de construir un futuro m\u00e1s verde y saludable para todas y todos.<\/p>\n","protected":false},"excerpt":{"rendered":"<p>Saltillo, Coahuila. 04 de junio del 2025.\u2014 En el marco del D\u00eda Mundial del Medio Ambiente, que se celebra el 5 de junio, el Gobierno del Estado de Coahuila, a trav\u00e9s de la Secretar\u00eda de Medio Ambiente (SMA), llevar\u00e1 a cabo una feria tem\u00e1tica el pr\u00f3ximo 8 de junio, en la Explanada del Bosque Urbano Ej\u00e9rcito Mexicano, Etapa 1, en un horario de 10:00 a 15:00 horas. Con el lema&#8230;<\/p>\n","protected":false},"author":1,"featured_media":26495,"comment_status":"closed","ping_status":"","sticky":false,"template":"","format":"standard","meta":{"footnotes":""},"categories":[5,50,15],"tags":[],"class_list":["post-26494","post","type-post","status-publish","format-standard","has-post-thumbnail","hentry","category-coahuila","category-ecologia","category-gobierno-de-coahuila","wpcat-5-id","wpcat-50-id","wpcat-15-id"],"_links":{"self":[{"href":"https:\/\/www.aquilaguna.com\/index.php\/wp-json\/wp\/v2\/posts\/26494","targetHints":{"allow":["GET"]}}],"collection":[{"href":"https:\/\/www.aquilaguna.com\/index.php\/wp-json\/wp\/v2\/posts"}],"about":[{"href":"https:\/\/www.aquilaguna.com\/index.php\/wp-json\/wp\/v2\/types\/post"}],"author":[{"embeddable":true,"href":"https:\/\/www.aquilaguna.com\/index.php\/wp-json\/wp\/v2\/users\/1"}],"replies":[{"embeddable":true,"href":"https:\/\/www.aquilaguna.com\/index.php\/wp-json\/wp\/v2\/comments?post=26494"}],"version-history":[{"count":1,"href":"https:\/\/www.aquilaguna.com\/index.php\/wp-json\/wp\/v2\/posts\/26494\/revisions"}],"predecessor-version":[{"id":26496,"href":"https:\/\/www.aquilaguna.com\/index.php\/wp-json\/wp\/v2\/posts\/26494\/revisions\/26496"}],"wp:featuredmedia":[{"embeddable":true,"href":"https:\/\/www.aquilaguna.com\/index.php\/wp-json\/wp\/v2\/media\/26495"}],"wp:attachment":[{"href":"https:\/\/www.aquilaguna.com\/index.php\/wp-json\/wp\/v2\/media?parent=26494"}],"wp:term":[{"taxonomy":"category","embeddable":true,"href":"https:\/\/www.aquilaguna.com\/index.php\/wp-json\/wp\/v2\/categories?post=26494"},{"taxonomy":"post_tag","embeddable":true,"href":"https:\/\/www.aquilaguna.com\/index.php\/wp-json\/wp\/v2\/tags?post=26494"}],"curies":[{"name":"wp","href":"https:\/\/api.w.org\/{rel}","templated":true}]}}