{"id":26504,"date":"2025-06-04T19:50:40","date_gmt":"2025-06-05T01:50:40","guid":{"rendered":"https:\/\/www.aquilaguna.com\/?p=26504"},"modified":"2025-06-04T19:50:40","modified_gmt":"2025-06-05T01:50:40","slug":"roman-alberto-cepeda-no-contempla-separacion-de-su-cargo-como-presidente-municipal-de-torreon","status":"publish","type":"post","link":"https:\/\/www.aquilaguna.com\/index.php\/2025\/06\/04\/roman-alberto-cepeda-no-contempla-separacion-de-su-cargo-como-presidente-municipal-de-torreon\/","title":{"rendered":"Rom\u00e1n Alberto Cepeda no contempla separaci\u00f3n de su cargo como Presidente Municipal de Torre\u00f3n."},"content":{"rendered":"\n<p>Torre\u00f3n, Coahuila.- No tiene contemplada separaci\u00f3n\u00a0a su cargo como alcalde de\u00a0este municipio el Licenciado Rom\u00e1n Alberto Cepeda Gonz\u00e1lez, luego de que\u00a0versiones medi\u00e1ticas\u00a0reiterativas, y rumores \u00a0 en torno a este tema, que\u00a0se difunden en los mentideros\u00a0 pol\u00edticos en esta poblaci\u00f3n, atizadas por  la\u00a0 presunta condici\u00f3n de salud y otros motivos en las ultimas semanas.\u00a0<\/p>\n\n\n\n<p>Enf\u00e1tico, muy seguro de s\u00ed, el alcalde admite que en efecto, parodiando\u00a0al vuelo el verso de un poeta, \u00a0 puede\u00a0responder\u00a0a quienes\u00a0se presumen\u00a0los difusores\u00a0de la versi\u00f3n\u00a0de\u00a0una presunta separaci\u00f3n de su\u00a0 cargo,\u00a0y que en efecto\u00a0puede decir que &#8220;los muertos que\u00a0vos matais, gozan de cabal salud&#8221;.<\/p>\n\n\n\n<p>Preguntado el edil record\u00f3, que &#8220;as\u00ed es,\u00a0Gracias a Dios, y como lo dije aquel d\u00eda\u00a0que el tema, en conferencia de prensa memorable, afortunadamente es as\u00ed. Yo creo que de ese tama\u00f1o, es el miedo&#8221;.\u00a0<\/p>\n\n\n\n<p>&#8220;Del mismo tama\u00f1o\u00a0en que me quieran, pues como\u00a0 me quieran enterrar, o como lo quieran llamar\u00a0 algunos personajes, o algunos Medios, bueno algunos\u00a0pasquines de comunicaci\u00f3n&#8221;.\u00a0\u00a0<\/p>\n\n\n\n<p>&#8220;Yo creo, que de ese tama\u00f1o es el temor que nos tienen. Sin embargo\u00a0estamos bien, seguiremos bien como yo lo dije&#8221;.<\/p>\n\n\n\n<p>&#8220;Estamos bien, como\u00a0yo lo dije, tuve algunas intervenciones, sigo mi tratamiento. Y gracias a Dios no hay nada absolutamente que ponga en riesgo, ni mi tiempo, ni mis labores, ni mi actividad f\u00edsica o personal\u00a0 nada&#8221;.<\/p>\n\n\n\n<p>&#8220;Yo como yo lo dije el tema, lo dejo en\u00a0 ese \u00e1mbito personal, porque creo que es un tema de consumo\u00a0 personal&#8221;.<\/p>\n\n\n\n<p>&#8220;Pero afortunadamente ando al cien, siguiendo el tratamiento que me indicaron, y gracias a Dios\u00a0y firmes\u00a0 y creo que eso, es lo que le importa a un servidor, a la familia y a quienes se\u00a0han ocupado y preocupado\u00a0en verdad, de coraz\u00f3n yo les agradezco much\u00eds\u00edmo, porque tambi\u00e9n afortunadamente he recibido muchas muestras de\u00a0apoyo y de cari\u00f1o, y oraciones que llevo en mi coraz\u00f3n, y para quienes lo han hecho de buen coraz\u00f3n, mi agradecimiento, yo los llevo\u00a0conmigo siempre&#8221;.<\/p>\n\n\n\n<p>Luego, preguntado si con todo\u00a0y lo anterior, contempla solicitar licencia para separarse del cargo, \u00a0 reiterativo dijo, &#8220;pues all\u00e1 por el 2028, a lo mejor cuando termine, a ver que pasa&#8221;.<\/p>\n\n\n\n<p>&#8220;Pero no, ni tengo la necesidad ni lo tengo en mi haber, ni lo tengo pensado, ni esta en ning\u00fan tipo de acci\u00f3n. Yo creo que eso est\u00e1 en quienes nos quieren ver en otro lugar, no solamente\u00a0con licencia, sino\u00a0 descansando en paz&#8221;.\u00a0<\/p>\n\n\n\n<p>Abund\u00f3 diciendo que el tema anterior, &#8220;no lo he puesto en el ambiente,\u00a0porque no es tema&#8221; y sobre el manejo dijo desconocer los motivos que lo animan, admitiendo\u00a0que &#8220;es desagradable, denostable que se\u00a0 juegue\u00a0a hacer pol\u00edtica\u00a0criticando\u00a0o se\u00f1alando o jugando con la salud de cualquier persona, no lo he puesto en el ambiente\u00a0 porque no, no es tema&#8221;.<\/p>\n\n\n\n<p>Eso yo lo veo, dijo, &#8220;como lo m\u00e1s bajo, lo m\u00e1s bajuno, lo m\u00e1s deplorable\u00a0que me ha tocado en 30 a\u00f1os de\u00a0mi vida pol\u00edtica, lo cual lo repruebo totalmente. Pero\u00a0eso,\u00a0al tiempo&#8221;.\u00a0\u00a0<\/p>\n\n\n\n<p>Agreg\u00f3 que, &#8220;tal tema,\u00a0yo lo mantengo\u00a0en el orden personal, y as\u00ed lo dejar\u00e9&#8221;.\u00a0<\/p>\n\n\n\n<p>Reiter\u00f3 su negativa a\u00a0presentar, licencia alguna. &#8220;No lo voy a hacer, ni lo tengo pensado. Creo\u00a0que el d\u00eda que lo tuviese que hacer, por\u00a0alguna raz\u00f3n proceder\u00eda con mucha responsabilidad y compromiso, lo har\u00eda en el caso\u00a0no solamente en\u00a0esta Administraci\u00f3n\u00a0sino el cualquier cargo\u00a0que hubiese tenido o que posteriormente pudiera tener&#8221;.<\/p>\n\n\n\n<p>&#8220;Creo que ser\u00eda una\u00a0irresponsabilidad\u00a0de que si tienen que atender\u00a0un tema, de cualquier\u00a0orden, incluso de salud, no hacerlo, pero ahorita, no hay nada que se avizore; eso es politiquer\u00eda\u00a0barata, denostable, deplorable,\u00a0 lo m\u00e1s bajuno que yo he visto\u00a0 en lo que llevo en los 30 a\u00f1os de servicio\u00a0p\u00fablico&#8221;.\u00a0\u00a0<\/p>\n","protected":false},"excerpt":{"rendered":"<p>Torre\u00f3n, Coahuila.- No tiene contemplada separaci\u00f3n\u00a0a su cargo como alcalde de\u00a0este municipio el Licenciado Rom\u00e1n Alberto Cepeda Gonz\u00e1lez, luego de que\u00a0versiones medi\u00e1ticas\u00a0reiterativas, y rumores \u00a0 en torno a este tema, que\u00a0se difunden en los mentideros\u00a0 pol\u00edticos en esta poblaci\u00f3n, atizadas por la\u00a0 presunta condici\u00f3n de salud y otros motivos en las ultimas semanas.\u00a0 Enf\u00e1tico, muy seguro de s\u00ed, el alcalde admite que en efecto, parodiando\u00a0al vuelo el verso de un&#8230;<\/p>\n","protected":false},"author":2,"featured_media":0,"comment_status":"closed","ping_status":"","sticky":false,"template":"","format":"standard","meta":{"footnotes":""},"categories":[5,28,7],"tags":[],"class_list":["post-26504","post","type-post","status-publish","format-standard","hentry","category-coahuila","category-la-laguna","category-torreon","wpcat-5-id","wpcat-28-id","wpcat-7-id"],"_links":{"self":[{"href":"https:\/\/www.aquilaguna.com\/index.php\/wp-json\/wp\/v2\/posts\/26504","targetHints":{"allow":["GET"]}}],"collection":[{"href":"https:\/\/www.aquilaguna.com\/index.php\/wp-json\/wp\/v2\/posts"}],"about":[{"href":"https:\/\/www.aquilaguna.com\/index.php\/wp-json\/wp\/v2\/types\/post"}],"author":[{"embeddable":true,"href":"https:\/\/www.aquilaguna.com\/index.php\/wp-json\/wp\/v2\/users\/2"}],"replies":[{"embeddable":true,"href":"https:\/\/www.aquilaguna.com\/index.php\/wp-json\/wp\/v2\/comments?post=26504"}],"version-history":[{"count":1,"href":"https:\/\/www.aquilaguna.com\/index.php\/wp-json\/wp\/v2\/posts\/26504\/revisions"}],"predecessor-version":[{"id":26505,"href":"https:\/\/www.aquilaguna.com\/index.php\/wp-json\/wp\/v2\/posts\/26504\/revisions\/26505"}],"wp:attachment":[{"href":"https:\/\/www.aquilaguna.com\/index.php\/wp-json\/wp\/v2\/media?parent=26504"}],"wp:term":[{"taxonomy":"category","embeddable":true,"href":"https:\/\/www.aquilaguna.com\/index.php\/wp-json\/wp\/v2\/categories?post=26504"},{"taxonomy":"post_tag","embeddable":true,"href":"https:\/\/www.aquilaguna.com\/index.php\/wp-json\/wp\/v2\/tags?post=26504"}],"curies":[{"name":"wp","href":"https:\/\/api.w.org\/{rel}","templated":true}]}}