{"id":26552,"date":"2025-06-06T21:47:13","date_gmt":"2025-06-07T03:47:13","guid":{"rendered":"https:\/\/www.aquilaguna.com\/?p=26552"},"modified":"2025-06-06T21:47:13","modified_gmt":"2025-06-07T03:47:13","slug":"roman-alberto-cepeda-gonzalez-arranca-la-construccion-de-techumbre-y-rehabilitacion-de-la-plaza-de-la-francisco-i-madero","status":"publish","type":"post","link":"https:\/\/www.aquilaguna.com\/index.php\/2025\/06\/06\/roman-alberto-cepeda-gonzalez-arranca-la-construccion-de-techumbre-y-rehabilitacion-de-la-plaza-de-la-francisco-i-madero\/","title":{"rendered":"Rom\u00e1n Alberto Cepeda Gonz\u00e1lez arranca la construcci\u00f3n de techumbre y rehabilitaci\u00f3n de la plaza de la Francisco I. Madero."},"content":{"rendered":"\n<p>Torre\u00f3n, Coahuila. A 6 de junio de 2025.<\/p>\n\n\n\n<p>El alcalde Rom\u00e1n Alberto Cepeda Gonz\u00e1lez presidi\u00f3 este viernes el arranque de<br>obra para la construcci\u00f3n de una techumbre y rehabilitaci\u00f3n completa de plaza en<br>la colonia Francisco I. Madero, con una inversi\u00f3n superior a los 2 millones de<br>pesos.<\/p>\n\n\n\n<p>El arranque se dio durante la d\u00e9cima brigada multidisciplinaria \u201cEl Alcalde y su<br>equipo en tu colonia hacen m\u00e1s\u201d, en beneficio de m\u00e1s de 2 mil personas de<br>sectores como: Zacatecas, Nueva Creaci\u00f3n, Diana Galindo y Justo Sierra, entre<br>otros.<\/p>\n\n\n\n<p>Adem\u00e1s, el Presidente Municipal y la se\u00f1ora Selina Bremer de Cepeda, presidenta<br>honoraria del DIF Torre\u00f3n, entregaron aparatos de movilidad como bastones de<br>cuatro puntos, andador con asiento y sillas de ruedas.<\/p>\n\n\n\n<p>En su mensaje, Cepeda Gonz\u00e1lez dijo que adem\u00e1s de llevar los descuentos de<br>predial, del SIMAS Torre\u00f3n, as\u00ed como los servicios de atenci\u00f3n a la salud, y dem\u00e1s<br>dependencias, las brigadas cumplen el objetivo de mantener el contacto con los<br>torreonenses y atender de cerca sus necesidades.<\/p>\n\n\n\n<p>\u201cAqu\u00ed estamos y aqu\u00ed seguimos, porque cuando coordinamos acciones, cuando<br>trabajamos en unidad con el gobernador Manolo Jim\u00e9nez en un solo equipo,<br>siempre el resultado es mayor\u201d.<\/p>\n\n\n\n<p>El edil dijo que, as\u00ed como hace cuatro a\u00f1os la ciudadan\u00eda le dio su confianza, y<br>hace un a\u00f1o la ratific\u00f3 con su voto, \u00e9l mantiene su compromiso de trabajar en la<br>construcci\u00f3n de un mejor Torre\u00f3n.<\/p>\n\n\n\n<p>\u201cLa confianza no se regresa desde el s\u00e9ptimo piso, se regresa con resultados, con<br>trabajo, con responsabilidad, compromiso y presencia para seguir trabajando por<br>un Torre\u00f3n m\u00e1s seguro, con m\u00e1s empleo y mejores condiciones de vida para<br>todos\u201d.<\/p>\n\n\n\n<p>En atenci\u00f3n a un compromiso del Alcalde con los vecinos de este sector, esta<br>ma\u00f1ana se dio el banderazo de arranque de obra que contempla adem\u00e1s, la<br>rehabilitaci\u00f3n completa de la plaza.<\/p>\n\n\n\n<p>\u201cTorre\u00f3n no se detiene y Coahuila tampoco, seguimos siendo ejemplo nacional de<br>seguridad, de empleo, certeza jur\u00eddica, estabilidad laboral y eso es gracias a<br>ustedes, con quienes hacemos equipo para seguir cambiando la ciudad para bien.<\/p>\n\n\n\n<p>M\u00e9xico tiene 2 mil 497 municipios y en muy pocos se puede hacer este tipo de<br>eventos, o salir a trabajar, estudiar o divertirse, y aqu\u00ed lo podemos hacer con<br>seguridad. Ay\u00fadenos a mantenerlo igual, porque este trabajo es de sociedad y<br>gobierno\u201d, se\u00f1al\u00f3.<\/p>\n\n\n\n<p>Cepeda Gonz\u00e1lez reafirm\u00f3 su compromiso por seguir trabajando en equipo con el<br>Gobernador, para atender cada sector del municipio y dedicar sus esfuerzos a dar<br>resultados, escuchando a la gente para hacer de Torre\u00f3n la mejor ciudad del pa\u00eds.<\/p>\n\n\n\n<p>Por su parte, Hugo D\u00e1vila Prado, coordinador municipal de Mejora Coahuila,<br>reconoci\u00f3 el trabajo permanente e intenso del Alcalde y su presencia en las<br>colonias y ejidos de Torre\u00f3n, y destac\u00f3 el trabajo conjunto con el Gobernador.<\/p>\n\n\n\n<p>De igual forma, Felipe Gonz\u00e1lez Miranda, diputado local, destac\u00f3 las condiciones<br>en las que est\u00e1 Torre\u00f3n debido al trabajo del Presidente Municipal. \u201cCon Rom\u00e1n<br>Alberto Cepeda se ha conformado un gran equipo de trabajo que sigue esta<br>pol\u00edtica p\u00fablica cercana a la gente, siempre chambeando en territorio. Tenemos<br>alcalde para mucho\u201d.<\/p>\n\n\n\n<p>Algunas de las acciones realizadas en esta brigada fueron: la rehabilitaci\u00f3n de<br>cancha en la colonia Nueva Creaci\u00f3n, limpieza de dos puntos cr\u00edticos y 26 puntos<br>de basura, bacheo de 14 calles como la calzada R\u00edo Bravo, desazolves de ocho<br>drenajes, reparaci\u00f3n de fugas de agua potable, entre otras.<\/p>\n\n\n\n<p>Entre los servicios destaca la presencia del Colegio de Notarios con tr\u00e1mites<br>gratuitos.<\/p>\n\n\n\n<p>Estuvieron presentes: Ver\u00f3nica Mart\u00ednez Garc\u00eda, diputada federal; Luis Jorge<br>Cuerda Serna, primer regidor; Jos\u00e9 Ganem Guerrero, secretario del Ayuntamiento;<br>Ariel Mart\u00ednez Mendoza, Jefe de Gabinete; Ximena Villareal, regidora presidenta<br>de la comisi\u00f3n de Obras P\u00fablicas; Juan Adolfo Von Bertrab, director Obras<br>P\u00fablicas; Marlene Mart\u00ednez Vald\u00e9s, directora DIF Torre\u00f3n; y Jos\u00e9 Hern\u00e1ndez,<br>coordinador de zona, Dulce Pereda Ezquerra, Coordinadora Sector; y Ver\u00f3nica<br>Dom\u00ednguez, beneficiaria.<\/p>\n","protected":false},"excerpt":{"rendered":"<p>Torre\u00f3n, Coahuila. A 6 de junio de 2025. El alcalde Rom\u00e1n Alberto Cepeda Gonz\u00e1lez presidi\u00f3 este viernes el arranque deobra para la construcci\u00f3n de una techumbre y rehabilitaci\u00f3n completa de plaza enla colonia Francisco I. Madero, con una inversi\u00f3n superior a los 2 millones depesos. El arranque se dio durante la d\u00e9cima brigada multidisciplinaria \u201cEl Alcalde y suequipo en tu colonia hacen m\u00e1s\u201d, en beneficio de m\u00e1s de 2 mil&#8230;<\/p>\n","protected":false},"author":1,"featured_media":26553,"comment_status":"closed","ping_status":"","sticky":false,"template":"","format":"standard","meta":{"footnotes":""},"categories":[5,28,7],"tags":[],"class_list":["post-26552","post","type-post","status-publish","format-standard","has-post-thumbnail","hentry","category-coahuila","category-la-laguna","category-torreon","wpcat-5-id","wpcat-28-id","wpcat-7-id"],"_links":{"self":[{"href":"https:\/\/www.aquilaguna.com\/index.php\/wp-json\/wp\/v2\/posts\/26552","targetHints":{"allow":["GET"]}}],"collection":[{"href":"https:\/\/www.aquilaguna.com\/index.php\/wp-json\/wp\/v2\/posts"}],"about":[{"href":"https:\/\/www.aquilaguna.com\/index.php\/wp-json\/wp\/v2\/types\/post"}],"author":[{"embeddable":true,"href":"https:\/\/www.aquilaguna.com\/index.php\/wp-json\/wp\/v2\/users\/1"}],"replies":[{"embeddable":true,"href":"https:\/\/www.aquilaguna.com\/index.php\/wp-json\/wp\/v2\/comments?post=26552"}],"version-history":[{"count":1,"href":"https:\/\/www.aquilaguna.com\/index.php\/wp-json\/wp\/v2\/posts\/26552\/revisions"}],"predecessor-version":[{"id":26554,"href":"https:\/\/www.aquilaguna.com\/index.php\/wp-json\/wp\/v2\/posts\/26552\/revisions\/26554"}],"wp:featuredmedia":[{"embeddable":true,"href":"https:\/\/www.aquilaguna.com\/index.php\/wp-json\/wp\/v2\/media\/26553"}],"wp:attachment":[{"href":"https:\/\/www.aquilaguna.com\/index.php\/wp-json\/wp\/v2\/media?parent=26552"}],"wp:term":[{"taxonomy":"category","embeddable":true,"href":"https:\/\/www.aquilaguna.com\/index.php\/wp-json\/wp\/v2\/categories?post=26552"},{"taxonomy":"post_tag","embeddable":true,"href":"https:\/\/www.aquilaguna.com\/index.php\/wp-json\/wp\/v2\/tags?post=26552"}],"curies":[{"name":"wp","href":"https:\/\/api.w.org\/{rel}","templated":true}]}}