{"id":26558,"date":"2025-06-06T21:53:37","date_gmt":"2025-06-07T03:53:37","guid":{"rendered":"https:\/\/www.aquilaguna.com\/?p=26558"},"modified":"2025-06-06T21:53:37","modified_gmt":"2025-06-07T03:53:37","slug":"se-esperan-lluvias-vientos-fuertes-y-posible-formacion-de-torbellinos-en-coahuila","status":"publish","type":"post","link":"https:\/\/www.aquilaguna.com\/index.php\/2025\/06\/06\/se-esperan-lluvias-vientos-fuertes-y-posible-formacion-de-torbellinos-en-coahuila\/","title":{"rendered":"SE ESPERAN LLUVIAS, VIENTOS FUERTES Y POSIBLE FORMACI\u00d3N DE TORBELLINOS EN COAHUILA."},"content":{"rendered":"\n<p>Saltillo, Coahuila de Zaragoza; 6 de junio de 2025.\u2013 La Secretar\u00eda de Gobierno, a trav\u00e9s de la Subsecretar\u00eda de Protecci\u00f3n Civil del Estado, informa que este viernes se esperan condiciones clim\u00e1ticas adversas en varias regiones de Coahuila. Una zona de inestabilidad en el norte del pa\u00eds favorecer\u00e1 la presencia de lluvias aisladas, fuertes rachas de viento de hasta 70 km\/h con tolvaneras, as\u00ed como la posible formaci\u00f3n de torbellinos en el norte del estado.<\/p>\n\n\n\n<p>Asimismo, continuar\u00e1 la onda de calor, con temperaturas muy altas en gran parte del territorio. Estas condiciones extremas representan un riesgo para la salud, especialmente en ni\u00f1as, ni\u00f1os, personas adultas mayores y quienes padecen enfermedades cr\u00f3nicas. Por ello, se recomienda seguir las medidas preventivas y atender las indicaciones de Protecci\u00f3n Civil.<\/p>\n\n\n\n<p><strong>De acuerdo con el Servicio Meteorol\u00f3gico Nacional, se prev\u00e9 lo siguiente:<\/strong><\/p>\n\n\n\n<p>&#8211; Lluvias ligeras (de 0.1 a 5 mm) en las cinco regiones del estado.<\/p>\n\n\n\n<p>&#8211; Temperaturas m\u00e1ximas de entre 40 y 45 \u00b0C.<\/p>\n\n\n\n<p>&#8211; Viento de 30 a 40 km\/h, con rachas de hasta 70 km\/h y posibilidad de torbellinos en la Regi\u00f3n Norte.<\/p>\n\n\n\n<p><strong>Pron\u00f3stico por regi\u00f3n:<\/strong><\/p>\n\n\n\n<p><strong>Regi\u00f3n Norte<\/strong><\/p>\n\n\n\n<p>&#8211; Viernes: 38\u00b0C \/ 26\u00b0C \u2013 5% de probabilidad de lluvia<\/p>\n\n\n\n<p>&#8211; S\u00e1bado: 39\u00b0C \/ 26\u00b0C \u2013 5% de probabilidad de lluvia<\/p>\n\n\n\n<p>&#8211; Domingo: 40\u00b0C \/ 26\u00b0C \u2013 Sin probabilidad de lluvia<\/p>\n\n\n\n<p>&#8211; Lunes: 38\u00b0C \/ 24\u00b0C \u2013 5% de probabilidad de lluvia<\/p>\n\n\n\n<p><strong>Regi\u00f3n Carbon\u00edfera<\/strong><\/p>\n\n\n\n<p>&#8211; Viernes: 38\u00b0C \/ 25\u00b0C \u2013 5% de probabilidad de lluvia<\/p>\n\n\n\n<p>&#8211; S\u00e1bado: 39\u00b0C \/ 25\u00b0C \u2013 5% de probabilidad de lluvia<\/p>\n\n\n\n<p>&#8211; Domingo: 40\u00b0C \/ 26\u00b0C \u2013 5% de probabilidad de lluvia<\/p>\n\n\n\n<p>&#8211; Lunes: 39\u00b0C \/ 25\u00b0C \u2013 5% de probabilidad de lluvia<\/p>\n\n\n\n<p><strong>Regi\u00f3n Centro<\/strong><\/p>\n\n\n\n<p>&#8211; Viernes: 37\u00b0C \/ 24\u00b0C \u2013 5% de probabilidad de lluvia<\/p>\n\n\n\n<p>&#8211; S\u00e1bado: 39\u00b0C \/ 25\u00b0C \u2013 5% de probabilidad de lluvia<\/p>\n\n\n\n<p>&#8211; Domingo: 39\u00b0C \/ 25\u00b0C \u2013 Sin probabilidad de lluvia<\/p>\n\n\n\n<p>&#8211; Lunes: 38\u00b0C \/ 25\u00b0C \u2013 10% de probabilidad de lluvia<\/p>\n\n\n\n<p><strong>Regi\u00f3n Laguna<\/strong><\/p>\n\n\n\n<p>&#8211; Viernes: 37\u00b0C \/ 24\u00b0C \u2013 5% de probabilidad de lluvia<\/p>\n\n\n\n<p>&#8211; S\u00e1bado: 39\u00b0C \/ 25\u00b0C \u2013 5% de probabilidad de lluvia<\/p>\n\n\n\n<p>&#8211; Domingo: 39\u00b0C \/ 25\u00b0C \u2013 Sin probabilidad de lluvia<\/p>\n\n\n\n<p>&#8211; Lunes: 38\u00b0C \/ 25\u00b0C \u2013 10% de probabilidad de lluvia<\/p>\n\n\n\n<p><strong>Regi\u00f3n Sureste<\/strong><\/p>\n\n\n\n<p>&#8211; Viernes: 30\u00b0C \/ 18\u00b0C \u2013 5% de probabilidad de lluvia<\/p>\n\n\n\n<p>&#8211; S\u00e1bado: 32\u00b0C \/ 18\u00b0C \u2013 5% de probabilidad de lluvia<\/p>\n\n\n\n<p>&#8211; Domingo: 32\u00b0C \/ 19\u00b0C \u2013 5% de probabilidad de lluvia<\/p>\n\n\n\n<p>&#8211; Lunes: 32\u00b0C \/ 18\u00b0C \u2013 5% de probabilidad de lluvia<\/p>\n\n\n\n<p><strong>Recomendaciones por lluvias, viento fuerte y posible formaci\u00f3n de torbellinos:<\/strong><\/p>\n\n\n\n<p>&#8211; Asegura techos, l\u00e1minas, lonas y objetos que puedan volarse.<\/p>\n\n\n\n<p>&#8211; Retira macetas, muebles u otros art\u00edculos sueltos en balcones o patios.<\/p>\n\n\n\n<p>&#8211; No estaciones veh\u00edculos debajo de \u00e1rboles, postes o estructuras inestables.<\/p>\n\n\n\n<p>&#8211; Conduce con precauci\u00f3n; la lluvia reduce la visibilidad y el viento puede desestabilizar veh\u00edculos.<\/p>\n\n\n\n<p>&#8211; Evita resguardarte bajo \u00e1rboles durante tormentas el\u00e9ctricas.<\/p>\n\n\n\n<p>&#8211; Si ves que se forma un torbellino o tornado, resgu\u00e1rdate en una habitaci\u00f3n sin ventanas, preferentemente en la planta baja.<\/p>\n\n\n\n<p><strong>Recomendaciones por altas temperaturas:<\/strong><\/p>\n\n\n\n<p>&#8211; Toma agua constantemente, aunque no tengas sed.<\/p>\n\n\n\n<p>&#8211; Evita bebidas alcoh\u00f3licas o con cafe\u00edna.<\/p>\n\n\n\n<p>&#8211; No realices actividades al aire libre entre las 10:00 y las 16:00 horas.<\/p>\n\n\n\n<p>&#8211; Usa ropa ligera, clara y de preferencia de algod\u00f3n.<\/p>\n\n\n\n<p>&#8211; Permanece en lugares frescos y ventilados.<\/p>\n\n\n\n<p>&#8211; Presta atenci\u00f3n a s\u00edntomas como mareo, n\u00e1useas o sudoraci\u00f3n excesiva.<\/p>\n\n\n\n<p>&#8211; Cuida especialmente a ni\u00f1as, ni\u00f1os, personas adultas mayores y quienes tengan enfermedades cr\u00f3nicas.<\/p>\n\n\n\n<p>&#8211; Usa protector solar (FPS 30 o m\u00e1s) y reaplica cada dos horas.<\/p>\n\n\n\n<p>La Subsecretar\u00eda de Protecci\u00f3n Civil del Estado mantiene vigilancia permanente sobre las condiciones del clima e invita a la poblaci\u00f3n a mantenerse informada a trav\u00e9s de medios oficiales.<\/p>\n\n\n\n<p>En caso de emergencia, llama al 911.<\/p>\n","protected":false},"excerpt":{"rendered":"<p>Saltillo, Coahuila de Zaragoza; 6 de junio de 2025.\u2013 La Secretar\u00eda de Gobierno, a trav\u00e9s de la Subsecretar\u00eda de Protecci\u00f3n Civil del Estado, informa que este viernes se esperan condiciones clim\u00e1ticas adversas en varias regiones de Coahuila. Una zona de inestabilidad en el norte del pa\u00eds favorecer\u00e1 la presencia de lluvias aisladas, fuertes rachas de viento de hasta 70 km\/h con tolvaneras, as\u00ed como la posible formaci\u00f3n de torbellinos en&#8230;<\/p>\n","protected":false},"author":1,"featured_media":26559,"comment_status":"closed","ping_status":"","sticky":false,"template":"","format":"standard","meta":{"footnotes":""},"categories":[27,5,15,54],"tags":[],"class_list":["post-26558","post","type-post","status-publish","format-standard","has-post-thumbnail","hentry","category-clima","category-coahuila","category-gobierno-de-coahuila","category-proteccion-civil","wpcat-27-id","wpcat-5-id","wpcat-15-id","wpcat-54-id"],"_links":{"self":[{"href":"https:\/\/www.aquilaguna.com\/index.php\/wp-json\/wp\/v2\/posts\/26558","targetHints":{"allow":["GET"]}}],"collection":[{"href":"https:\/\/www.aquilaguna.com\/index.php\/wp-json\/wp\/v2\/posts"}],"about":[{"href":"https:\/\/www.aquilaguna.com\/index.php\/wp-json\/wp\/v2\/types\/post"}],"author":[{"embeddable":true,"href":"https:\/\/www.aquilaguna.com\/index.php\/wp-json\/wp\/v2\/users\/1"}],"replies":[{"embeddable":true,"href":"https:\/\/www.aquilaguna.com\/index.php\/wp-json\/wp\/v2\/comments?post=26558"}],"version-history":[{"count":1,"href":"https:\/\/www.aquilaguna.com\/index.php\/wp-json\/wp\/v2\/posts\/26558\/revisions"}],"predecessor-version":[{"id":26560,"href":"https:\/\/www.aquilaguna.com\/index.php\/wp-json\/wp\/v2\/posts\/26558\/revisions\/26560"}],"wp:featuredmedia":[{"embeddable":true,"href":"https:\/\/www.aquilaguna.com\/index.php\/wp-json\/wp\/v2\/media\/26559"}],"wp:attachment":[{"href":"https:\/\/www.aquilaguna.com\/index.php\/wp-json\/wp\/v2\/media?parent=26558"}],"wp:term":[{"taxonomy":"category","embeddable":true,"href":"https:\/\/www.aquilaguna.com\/index.php\/wp-json\/wp\/v2\/categories?post=26558"},{"taxonomy":"post_tag","embeddable":true,"href":"https:\/\/www.aquilaguna.com\/index.php\/wp-json\/wp\/v2\/tags?post=26558"}],"curies":[{"name":"wp","href":"https:\/\/api.w.org\/{rel}","templated":true}]}}