{"id":26571,"date":"2025-06-06T22:14:11","date_gmt":"2025-06-07T04:14:11","guid":{"rendered":"https:\/\/www.aquilaguna.com\/?p=26571"},"modified":"2025-06-06T22:14:11","modified_gmt":"2025-06-07T04:14:11","slug":"anuncian-arribo-de-elementos-de-la-marina-que-se-sumaran-a-estrategia-de-seguridad-de-coahuila","status":"publish","type":"post","link":"https:\/\/www.aquilaguna.com\/index.php\/2025\/06\/06\/anuncian-arribo-de-elementos-de-la-marina-que-se-sumaran-a-estrategia-de-seguridad-de-coahuila\/","title":{"rendered":"Anuncian arribo de elementos de la Marina que se sumar\u00e1n a estrategia de seguridad de Coahuila."},"content":{"rendered":"\n<p>Torre\u00f3n, Coahuila.- Por arribar a la zona lagunera de Coahuila, elementos de la Marina Armada de M\u00e9xico, que estar\u00e1n sum\u00e1ndose a la estrategia destinada a reforzar el blindaje\u00a0 y\u00a0 la estrategia de\u00a0 seguridad del l\u00edmite\u00a0estatal, en\u00a0 su flanco poniente fronterizo con el vecino Estado de Durango, para sumarse as\u00ed\u00a0 a las acciones de\u00a0blindaje de contenci\u00f3n delictiva.<\/p>\n\n\n\n<p>Lo anterior fue expresado por el Coordinador de la Direcci\u00f3n de Seguridad P\u00fablica Municipal\u00a0 Alfredo Flores Originales, al ser preguntado sobre tal tema y ante el cambio de administraciones en los municipios vecinos de Durango, que son parte de la zona metropolitana.\u00a0<\/p>\n\n\n\n<p>&#8220;El tema para nosotros, es que nunca se ha dejado de tener seguridad&#8221;, dijo. &#8220;Nosotros esa frontera la tenemos al 100%. No se va a dejar porque ellos, traigan el tema pol\u00edtico ahorita. Nosotros la\u00a0 tenemos reforzada porque sabemos\u00a0la problem\u00e1tica que traemos con los vecinos&#8221;.<\/p>\n\n\n\n<p>Es un \u00e1rea, dijo, &#8220;que no la podemos dejar ni tan solo un ratito de estar revisando&#8221;.<\/p>\n\n\n\n<p>Explic\u00f3 luego que, &#8220;sabemos que all\u00e1, hay\u00a0 un poquito m\u00e1s de delincuencia organizada, de otros temas, de grupos armados, que aqu\u00ed, no los tenemos\u00a0 y\u00a0 pues no vamos a permitir que entren para este lado&#8221;.<\/p>\n\n\n\n<p>Entonces, afirm\u00f3,\u00a0&#8220;y en cuanto a otros tipos de expresiones de los intereses \u00a0 delictivos, como es la presi\u00f3n que se viene ejerciendo sobre\u00a0 gremios de tareas diversas\u00a0 de la zona lagunera de Coahuila, por parte de\u00a0 personajes\u00a0muy bien identificados, estamos bien coordinados con el Estado, con Guardia Nacional y SEDENA y que se tienen ah\u00ed a la vista&#8221;.<\/p>\n\n\n\n<p>&#8220;Nosotros hacemos juntas cada 15\u00a0 d\u00edas en la base a\u00e9rea, en donde a veces nos acompa\u00f1a el Gobernador, el Fiscal, en Mando \u00danico&#8221;, para anunciar\u00a0 luego que, &#8220;que en d\u00edas pr\u00f3ximos se va a incorporar la Marina aqu\u00ed, ya para dar\u00a0 seguridad&#8221;.<\/p>\n\n\n\n<p>Expres\u00f3 luego que &#8220;todo lo que se sume al tema de seguridad y venga a apoyarnos es\u00a0 bienvenido, y es para nosotros\u00a0con tema ese que tenemos ac\u00e1, con los vecinos&#8221;.<\/p>\n\n\n\n<p>&#8220;Lo estamos reforzando d\u00eda a d\u00eda, pero si hay alg\u00fan temita\u00a0que pase para ac\u00e1, los tenemos siempre a la vista&#8221;.<\/p>\n\n\n\n<p>&#8221;\u00a0Estamos atentos\u00a0 a lo que pase y se habla con ellos, con\u00a0 el Gobierno de all\u00e1, para que\u00a0 nos apoyen en esas cuestiones&#8221;.<\/p>\n\n\n\n<p>&#8220;S\u00ed nos apoyan, tenemos una buena coordinaci\u00f3n con ellos.\u00a0 Sus Mandos,\u00a0 vienen para ac\u00e1\u00a0 pero hay temas que no nos competen,\u00a0 les competen a los de all\u00e1, pero por ahora estaos en coordinaci\u00f3n&#8221;.<\/p>\n\n\n\n<p>&#8220;En el el tema del paso\u00a0 de los que vienen de all\u00e1, para ac\u00e1\u00a0 est\u00e1 m\u00e1s que asegurado,\u00a0 los que tienen de all\u00e1 para ac\u00e1, esta m\u00e1s que asegurado al 100 %, pues no podemos bajar para nada tal porcentaje; tenemos c\u00e1maras, elementos\u00a0 permanentes, que se relevan cada tres horas para que no registren cansancio y descuidan tal tarea, y que la vigilancia la realicen bien&#8221;.<\/p>\n\n\n\n<p>\u00a0Son cosas, dijo, &#8220;ah\u00ed\u00a0 las tenemos bien clara, que no podemos bajar la guardia&#8221;.<\/p>\n\n\n\n<p>Desech\u00f3 que haya\u00a0 recrudecimiento pronto de tal situaci\u00f3n pues sostuvo que, &#8220;para ac\u00e1, no entran, nosotros seguimos con lo nuestro&#8221;.<\/p>\n\n\n\n<p>En cuanto a las actividades\u00a0 relacionadas con el narcomenudeo, acept\u00f3 que, &#8220;lo tenemos, no podemos decir que no, se da a veces tenemos bastante, pero no tenemos\u00a0delincuencia\u00a0 organizada alguna. Eso s\u00ed lo aseguro&#8221;.\u00a0<\/p>\n\n\n\n<p>Preguntado, revel\u00f3 que, &#8220;mucha gente\u00a0va y la compra, se brinca a G\u00f3mez,\u00a0y a mucha gente la detenemos cuando regresan y traen su mercanc\u00eda para su venta. A veces, llega por paqueter\u00eda, a veces, hemos hecho decomisos por ese medio, cuando llegan los j\u00f3venes\u00a0a la empresa\u00a0para\u00a0recogerla y\u00a0venderla luego&#8221;.<\/p>\n\n\n\n<p>&#8220;Sabemos que la droga llega por muchas partes, no necesariamente tiene que\u00a0un C\u00e1rtel la traiga aqu\u00ed, pero se han ido modernizando, pero nosotros, estamos\u00a0 atendiendo, con nuestros operativos&#8221;.<\/p>\n\n\n\n<p>&#8220;Con los caninos hemos logrado decomisar droga, la semana anterior se quitaron 4\u00a0 kilogramos de droga&#8221;.<\/p>\n\n\n\n<p>Preguntado indic\u00f3 que hasta hoy &#8220;no hay tema alguno de fentanilo, solo cristal, coca y marihuana&#8221;, drogas que afirm\u00f3, &#8220;tambi\u00e9n se mandan por paqueter\u00eda&#8221;.<\/p>\n","protected":false},"excerpt":{"rendered":"<p>Torre\u00f3n, Coahuila.- Por arribar a la zona lagunera de Coahuila, elementos de la Marina Armada de M\u00e9xico, que estar\u00e1n sum\u00e1ndose a la estrategia destinada a reforzar el blindaje\u00a0 y\u00a0 la estrategia de\u00a0 seguridad del l\u00edmite\u00a0estatal, en\u00a0 su flanco poniente fronterizo con el vecino Estado de Durango, para sumarse as\u00ed\u00a0 a las acciones de\u00a0blindaje de contenci\u00f3n delictiva. Lo anterior fue expresado por el Coordinador de la Direcci\u00f3n de Seguridad P\u00fablica Municipal\u00a0&#8230;<\/p>\n","protected":false},"author":2,"featured_media":0,"comment_status":"closed","ping_status":"","sticky":false,"template":"","format":"standard","meta":{"footnotes":""},"categories":[5,28,24,7],"tags":[],"class_list":["post-26571","post","type-post","status-publish","format-standard","hentry","category-coahuila","category-la-laguna","category-seguridad","category-torreon","wpcat-5-id","wpcat-28-id","wpcat-24-id","wpcat-7-id"],"_links":{"self":[{"href":"https:\/\/www.aquilaguna.com\/index.php\/wp-json\/wp\/v2\/posts\/26571","targetHints":{"allow":["GET"]}}],"collection":[{"href":"https:\/\/www.aquilaguna.com\/index.php\/wp-json\/wp\/v2\/posts"}],"about":[{"href":"https:\/\/www.aquilaguna.com\/index.php\/wp-json\/wp\/v2\/types\/post"}],"author":[{"embeddable":true,"href":"https:\/\/www.aquilaguna.com\/index.php\/wp-json\/wp\/v2\/users\/2"}],"replies":[{"embeddable":true,"href":"https:\/\/www.aquilaguna.com\/index.php\/wp-json\/wp\/v2\/comments?post=26571"}],"version-history":[{"count":1,"href":"https:\/\/www.aquilaguna.com\/index.php\/wp-json\/wp\/v2\/posts\/26571\/revisions"}],"predecessor-version":[{"id":26572,"href":"https:\/\/www.aquilaguna.com\/index.php\/wp-json\/wp\/v2\/posts\/26571\/revisions\/26572"}],"wp:attachment":[{"href":"https:\/\/www.aquilaguna.com\/index.php\/wp-json\/wp\/v2\/media?parent=26571"}],"wp:term":[{"taxonomy":"category","embeddable":true,"href":"https:\/\/www.aquilaguna.com\/index.php\/wp-json\/wp\/v2\/categories?post=26571"},{"taxonomy":"post_tag","embeddable":true,"href":"https:\/\/www.aquilaguna.com\/index.php\/wp-json\/wp\/v2\/tags?post=26571"}],"curies":[{"name":"wp","href":"https:\/\/api.w.org\/{rel}","templated":true}]}}