{"id":26604,"date":"2025-06-09T21:16:37","date_gmt":"2025-06-10T03:16:37","guid":{"rendered":"https:\/\/www.aquilaguna.com\/?p=26604"},"modified":"2025-06-09T21:16:37","modified_gmt":"2025-06-10T03:16:37","slug":"afirma-alcalde-de-torreon-que-aumento-en-servicio-de-transporte-publico-esta-ligada-a-su-modernizacion","status":"publish","type":"post","link":"https:\/\/www.aquilaguna.com\/index.php\/2025\/06\/09\/afirma-alcalde-de-torreon-que-aumento-en-servicio-de-transporte-publico-esta-ligada-a-su-modernizacion\/","title":{"rendered":"Afirma Alcalde de Torre\u00f3n que aumento en servicio de transporte p\u00fablico est\u00e1 ligada a su modernizaci\u00f3n."},"content":{"rendered":"\n<p>Torre\u00f3n, Coahuila.- &#8220;La mejora del transporte p\u00fablico\u00a0 tiene que ir ligada al aumento de su tarifa,\u00a0 misma que no ser\u00e1 atribu\u00edble al beneficiario&#8221;, afirma el alcalde Rom\u00e1n Alberto Cepeda Gonz\u00e1lez,\u00a0 en torno al tema de\u00a0 sobre los nuevos precios de tal servicio p\u00fablico, cuyo aforo en\u00a0la\u00a0ciudad, suma, seg\u00fan cifra estimada en\u00a0los m\u00e1s de 180\u00a0mil usuarios diarios.\u00a0\u00a0\u00a0<\/p>\n\n\n\n<p>La modernizaci\u00f3n del transporte, dijo, &#8220;obviamente lleva un aumento de tarifa, no sin antes no tener un cami\u00f3n nuevo, un cami\u00f3n con aire,\u00a0y contar adem\u00e1s con wifi, o internet, y en la f\u00f3rmula que se va a dar es incluso m\u015bs econ\u00f3mico\u00a0que la forma en la que est\u00e1 saliendo ahorita, al \u00a0 tomar varias rutas, sino otro tipo de transporte&#8221;.<\/p>\n\n\n\n<p>&#8220;El concepto que se va a poner sobre la mesa, porque vamos por la modernizaci\u00f3n del transporte, de Torre\u00f3n,\u00a0es hacerlo bien hecho, pensando siempre\u00a0en el beneficiario, nunca\u00a0\u00fanicamente por un aumento&#8221;.<\/p>\n\n\n\n<p>&#8220;La modernizaci\u00f3n\u00a0lleva como consecuencia un aumento en el costo del transporte, lleva una mejora, una mejor calificaci\u00f3n, una uniformidad entre los que conducen eso, que incluye uniformes, capacitaci\u00f3n, con aire acondicionado, camiones nuevos, lo que llevar\u00e1 un aumento&#8221;.<\/p>\n\n\n\n<p>Pero al final del d\u00eda, dice el edil,\u00a0&#8220;en\u00a0la medici\u00f3n, y ya lo daremos a conocer, va a salir mucho m\u00e1s barato que como est\u00e1 costando hoy y la forma de movilidad que tenemos&#8221;.<\/p>\n\n\n\n<p>En\u00a0cuanto a que fecha estimada\u00a0estar\u00e1 oper\u00e1ndose\u00a0 el servicio de transporte p\u00fablico bajo estos conceptos y bajo una\u00a0nueva cuota por servicio, expres\u00f3 que, &#8220;en cuanto lo tengamos calculando para junio\/julio ya tengamos todo listo&#8221;.<\/p>\n\n\n\n<p>&#8220;Hay que\u00a0 hacer un mecanismos para ver cuantos de los concesionarios le van a entrar a este tema, que parece hay\u00a0una buena disposici\u00f3n y posteriormente ya, ver todo lo que sigue que es, cu\u00e1ndo llegan los nuevos camiones, la disponibilidad y no hay un solo de los ingredientes que lleve a la modernizaci\u00f3n, como es el caso del aumento, no hay anda\u00a0de eso, hasta no tener los nuevos camiones que dar\u00e1n el servicio&#8221;.<\/p>\n\n\n\n<p>Indic\u00f3 que\u00a0las concesiones en usufructo con los transportistas, &#8220;ser\u00e1n la garant\u00eda para los cr\u00e9ditos necesarios&#8221;.<\/p>\n\n\n\n<p>Dijo luego que\u00a0encabeza\u00a0el primer lugar en quejas de parte de los usuarios, &#8220;tiene que ver con el trato que los choferes del transporte p\u00fablico sobre\u00a0los\u00a0usuarios, as\u00ed como lo referente a la imagen de los conductores&#8221;.<\/p>\n\n\n\n<p>&#8220;El\u00a0concepto de modernizaci\u00f3n incluye,\u00a0todo lo relativo a rutas nuevas, \u00e1reas de\u00a0 oportunidad, horarios, el tipo de\u00a0transporte que se requiere&#8221;.\u00a0\u00a0<\/p>\n\n\n\n<p>Finaliz\u00f3 diciendo que &#8220;se espera, que\u00a0el servicio que se proyecta, sea loable para el usuario, y que incluso se\u00a0ver\u00e1 un mecanismos que a determinado tiempo\u00a0tal servicio sea totalmente gratuito&#8221;.<\/p>\n\n\n\n<p>&#8220;Creo que se ha est\u00e1 haciendo un esquema en un marco general puntualizando y cuidando cada detalle no solo del servicio, sino de su calidad&#8221;.<\/p>\n\n\n\n<p>Anticip\u00f3 incluso que se planee una nueva central de servicio, a ubicar a la altura del Puente Plateado.<\/p>\n\n\n\n<p><strong>MICROCREDITOS.<\/strong><\/p>\n\n\n\n<p>Esta ma\u00f1ana se puso en marcha el Programa de Microcr\u00e9ditos, hasta por 19 millones de pesos, para los cual hay ya una demanda registrada de por lo menos 50 grupos de\u00a0 solicitantes, que podr\u00e1n alcanzar\u00a0 \u00a0 cr\u00e9ditos\u00a0bajo tal sistema, hasta por seis mil pesos iniciales.<\/p>\n\n\n\n<p>La estrategia para poner en condiciones\u00a0de emprendedoras, corre a cargo de la Direcci\u00f3n de Desarrollo Econ\u00f3mico a cargo del Licenciado Antonio\u00a0Hern\u00e1ndez, e instituciones bancarias, participantes,\u00a0con el aval del ayuntamiento, como garante del monto citado, adem\u00e1s de\u00a0destinar de los recursos p\u00fablicos, los intereses que se devengan en el ejercicio de los mismos.<\/p>\n","protected":false},"excerpt":{"rendered":"<p>Torre\u00f3n, Coahuila.- &#8220;La mejora del transporte p\u00fablico\u00a0 tiene que ir ligada al aumento de su tarifa,\u00a0 misma que no ser\u00e1 atribu\u00edble al beneficiario&#8221;, afirma el alcalde Rom\u00e1n Alberto Cepeda Gonz\u00e1lez,\u00a0 en torno al tema de\u00a0 sobre los nuevos precios de tal servicio p\u00fablico, cuyo aforo en\u00a0la\u00a0ciudad, suma, seg\u00fan cifra estimada en\u00a0los m\u00e1s de 180\u00a0mil usuarios diarios.\u00a0\u00a0\u00a0 La modernizaci\u00f3n del transporte, dijo, &#8220;obviamente lleva un aumento de tarifa, no sin antes&#8230;<\/p>\n","protected":false},"author":2,"featured_media":0,"comment_status":"closed","ping_status":"","sticky":false,"template":"","format":"standard","meta":{"footnotes":""},"categories":[5,28,7,68],"tags":[],"class_list":["post-26604","post","type-post","status-publish","format-standard","hentry","category-coahuila","category-la-laguna","category-torreon","category-transporte","wpcat-5-id","wpcat-28-id","wpcat-7-id","wpcat-68-id"],"_links":{"self":[{"href":"https:\/\/www.aquilaguna.com\/index.php\/wp-json\/wp\/v2\/posts\/26604","targetHints":{"allow":["GET"]}}],"collection":[{"href":"https:\/\/www.aquilaguna.com\/index.php\/wp-json\/wp\/v2\/posts"}],"about":[{"href":"https:\/\/www.aquilaguna.com\/index.php\/wp-json\/wp\/v2\/types\/post"}],"author":[{"embeddable":true,"href":"https:\/\/www.aquilaguna.com\/index.php\/wp-json\/wp\/v2\/users\/2"}],"replies":[{"embeddable":true,"href":"https:\/\/www.aquilaguna.com\/index.php\/wp-json\/wp\/v2\/comments?post=26604"}],"version-history":[{"count":1,"href":"https:\/\/www.aquilaguna.com\/index.php\/wp-json\/wp\/v2\/posts\/26604\/revisions"}],"predecessor-version":[{"id":26605,"href":"https:\/\/www.aquilaguna.com\/index.php\/wp-json\/wp\/v2\/posts\/26604\/revisions\/26605"}],"wp:attachment":[{"href":"https:\/\/www.aquilaguna.com\/index.php\/wp-json\/wp\/v2\/media?parent=26604"}],"wp:term":[{"taxonomy":"category","embeddable":true,"href":"https:\/\/www.aquilaguna.com\/index.php\/wp-json\/wp\/v2\/categories?post=26604"},{"taxonomy":"post_tag","embeddable":true,"href":"https:\/\/www.aquilaguna.com\/index.php\/wp-json\/wp\/v2\/tags?post=26604"}],"curies":[{"name":"wp","href":"https:\/\/api.w.org\/{rel}","templated":true}]}}