{"id":26620,"date":"2025-06-10T19:08:14","date_gmt":"2025-06-11T01:08:14","guid":{"rendered":"https:\/\/www.aquilaguna.com\/?p=26620"},"modified":"2025-06-10T19:08:14","modified_gmt":"2025-06-11T01:08:14","slug":"se-renuevan-los-comites-ciudadanos-de-los-pueblos-magicos-de-coahuila","status":"publish","type":"post","link":"https:\/\/www.aquilaguna.com\/index.php\/2025\/06\/10\/se-renuevan-los-comites-ciudadanos-de-los-pueblos-magicos-de-coahuila\/","title":{"rendered":"SE RENUEVAN LOS COMIT\u00c9S CIUDADANOS DE LOS PUEBLOS M\u00c1GICOS DE COAHUILA."},"content":{"rendered":"\n<p>\u2022&nbsp;&nbsp;&nbsp;&nbsp;&nbsp;&nbsp;&nbsp;&nbsp;&nbsp;&nbsp;&nbsp;&nbsp;&nbsp;&nbsp;&nbsp;<strong><em>La titular de SECTUR estatal, Cristina Amezcua les toma la protesta a M\u00fazquiz y Guerrero<\/em><\/strong><\/p>\n\n\n\n<p>Melchor M\u00fazquiz, Coahuila de Zaragoza; a 9 de junio de 2025.- Con los municipios de M\u00fazquiz y de Guerrero, iniciaron las ceremonias de toma de protesta de los nuevos comit\u00e9s ciudadanos de Pueblos M\u00e1gicos en el estado, con lo que se fortalece el trabajo y promoci\u00f3n tur\u00edstica de estas localidades con el apoyo del gobierno de Manolo Jim\u00e9nez Salinas.<\/p>\n\n\n\n<p>Este lunes y en eventos por separado en M\u00fazquiz y en Guerrero, la secretaria de Turismo y Desarrollo de Pueblos M\u00e1gicos, Cristina Amezcua Gonz\u00e1lez tom\u00f3 la protesta a los comit\u00e9s ciudadanos y encabez\u00f3 la sesi\u00f3n de instalaci\u00f3n del consejo consultivo tur\u00edstico de los dos Pueblos M\u00e1gicos, acompa\u00f1ada de la alcaldesa Laura Patricia Jim\u00e9nez Guti\u00e9rrez y del alcalde Mario Cedillo Infante, respectivamente.<\/p>\n\n\n\n<p>Los comit\u00e9s ciudadanos cumplir\u00e1n los objetivos y la estrategia nacional de Pueblos M\u00e1gicos, apegados a la normatividad y reglamentos de la Secretar\u00eda de Turismo del Gobierno de la Rep\u00fablica.<\/p>\n\n\n\n<p>Mientras que los consejos consultivos tendr\u00e1n entre sus funciones el analizar, proponer y evaluar estrategias, pol\u00edticas y acciones dirigidas al desarrollo, promoci\u00f3n y sostenibilidad del turismo en el Pueblo M\u00e1gico.<\/p>\n\n\n\n<p>En su mensaje, la titular de SECTUR estatal, Cristina Amezcua se\u00f1al\u00f3 que \u201cen Coahuila, con el liderazgo del gobernador Manolo Jim\u00e9nez Salinas, trabajamos en equipo para destacar lo mejor de nuestro estado, es por ello que es de vital importancia hacer sinergia con los ciudadanos para seguir resaltando las bellezas y bondades de nuestros Pueblos M\u00e1gicos\u201d.<\/p>\n\n\n\n<p>Para promover su desarrollo tur\u00edstico y mejorar la calidad de vida de sus habitantes, a\u00f1adi\u00f3. \u201cTenemos un estado pr\u00f3spero y seguro, factores fundamentales para el \u00e9xito de este proyecto\u201d, afirm\u00f3.<\/p>\n\n\n\n<p>La estrategia nacional de Pueblos M\u00e1gicos, explic\u00f3, busca promover y preservar la riqueza cultural y natural de nuestros pueblos, y ustedes ser\u00e1n los encargados de implementarla, dijo a los comit\u00e9s ciudadanos.<\/p>\n\n\n\n<p>\u201cLes deseo \u00e9xito en esta importante labor y reiterar el respaldo y compromiso del Gobierno del Estado a trav\u00e9s de la Secretar\u00eda de Turismo para M\u00fazquiz y Guerrero\u201d, expres\u00f3 Amezcua Gonz\u00e1lez.<\/p>\n\n\n\n<p>En los pr\u00f3ximos d\u00edas se tomar\u00e1 la protesta a los comit\u00e9s ciudadanos de los Pueblos M\u00e1gicos de Candela, Cuatro Ci\u00e9negas, Arteaga, Viesca, Parras y General Cepeda, donde adem\u00e1s se realizar\u00e1n las sesiones de instalaci\u00f3n de sus respectivos consejos consultivos tur\u00edsticos.<\/p>\n","protected":false},"excerpt":{"rendered":"<p>\u2022&nbsp;&nbsp;&nbsp;&nbsp;&nbsp;&nbsp;&nbsp;&nbsp;&nbsp;&nbsp;&nbsp;&nbsp;&nbsp;&nbsp;&nbsp;La titular de SECTUR estatal, Cristina Amezcua les toma la protesta a M\u00fazquiz y Guerrero Melchor M\u00fazquiz, Coahuila de Zaragoza; a 9 de junio de 2025.- Con los municipios de M\u00fazquiz y de Guerrero, iniciaron las ceremonias de toma de protesta de los nuevos comit\u00e9s ciudadanos de Pueblos M\u00e1gicos en el estado, con lo que se fortalece el trabajo y promoci\u00f3n tur\u00edstica de estas localidades con el apoyo del gobierno&#8230;<\/p>\n","protected":false},"author":1,"featured_media":26621,"comment_status":"closed","ping_status":"","sticky":false,"template":"","format":"standard","meta":{"footnotes":""},"categories":[5,15,34],"tags":[],"class_list":["post-26620","post","type-post","status-publish","format-standard","has-post-thumbnail","hentry","category-coahuila","category-gobierno-de-coahuila","category-turismo","wpcat-5-id","wpcat-15-id","wpcat-34-id"],"_links":{"self":[{"href":"https:\/\/www.aquilaguna.com\/index.php\/wp-json\/wp\/v2\/posts\/26620","targetHints":{"allow":["GET"]}}],"collection":[{"href":"https:\/\/www.aquilaguna.com\/index.php\/wp-json\/wp\/v2\/posts"}],"about":[{"href":"https:\/\/www.aquilaguna.com\/index.php\/wp-json\/wp\/v2\/types\/post"}],"author":[{"embeddable":true,"href":"https:\/\/www.aquilaguna.com\/index.php\/wp-json\/wp\/v2\/users\/1"}],"replies":[{"embeddable":true,"href":"https:\/\/www.aquilaguna.com\/index.php\/wp-json\/wp\/v2\/comments?post=26620"}],"version-history":[{"count":1,"href":"https:\/\/www.aquilaguna.com\/index.php\/wp-json\/wp\/v2\/posts\/26620\/revisions"}],"predecessor-version":[{"id":26622,"href":"https:\/\/www.aquilaguna.com\/index.php\/wp-json\/wp\/v2\/posts\/26620\/revisions\/26622"}],"wp:featuredmedia":[{"embeddable":true,"href":"https:\/\/www.aquilaguna.com\/index.php\/wp-json\/wp\/v2\/media\/26621"}],"wp:attachment":[{"href":"https:\/\/www.aquilaguna.com\/index.php\/wp-json\/wp\/v2\/media?parent=26620"}],"wp:term":[{"taxonomy":"category","embeddable":true,"href":"https:\/\/www.aquilaguna.com\/index.php\/wp-json\/wp\/v2\/categories?post=26620"},{"taxonomy":"post_tag","embeddable":true,"href":"https:\/\/www.aquilaguna.com\/index.php\/wp-json\/wp\/v2\/tags?post=26620"}],"curies":[{"name":"wp","href":"https:\/\/api.w.org\/{rel}","templated":true}]}}