{"id":26633,"date":"2025-06-10T19:29:32","date_gmt":"2025-06-11T01:29:32","guid":{"rendered":"https:\/\/www.aquilaguna.com\/?p=26633"},"modified":"2025-06-10T19:29:32","modified_gmt":"2025-06-11T01:29:32","slug":"revira-alcalde-de-torreon-a-senador-fernando-salazar","status":"publish","type":"post","link":"https:\/\/www.aquilaguna.com\/index.php\/2025\/06\/10\/revira-alcalde-de-torreon-a-senador-fernando-salazar\/","title":{"rendered":"Revira Alcalde de Torre\u00f3n a Senador Fernando Salazar."},"content":{"rendered":"\n<p>Torre\u00f3n, Coahuila.-\u00a0El alcalde\u00a0Rom\u00e1n Alberto Cepeda Gonz\u00e1lez, revira a uno de su recientes cr\u00edticos, el Senador\u00a0de MORENA, Luis Fernando Salazar,\u00a0 al calificar como mero acto de\u00a0 campa\u00f1a anticipada &#8220;en pos de la\u00a0 presidencia de este municipio&#8221;, los cuesionamientos y\u00a0ya hasta denuncias contra su administraci\u00f3n, al tiempo que le\u00a0se\u00f1ala\u00a0 al legislador, su falta de\u00a0 compromisos tangible,\u00a0de trabajo a favor de la poblaci\u00f3n lagunera.\u00a0<\/p>\n\n\n\n<p>Cuestion\u00f3 el edil, al legislador, ex panista y hoy\u00a0militante de MORENA, el\u00a0 por qu\u00e9 no se preocupa de las fallas que en materia de suministro de energ\u00eda el\u00e9ctrica registra la regi\u00f3n y que genera m\u00faltiples\u00a0 impactos, como lo es\u00a0el suministro de agua,\u00a0 como uno de los verdaderos, entre otros,\u00a0problemas de\u00a0 Torre\u00f3n.<\/p>\n\n\n\n<p>Yo creo, afirm\u00f3 al ser cuestionado sobre las acciones pol\u00edticas y hasta judiciales que ha emprendido\u00a0 Salazar Fern\u00e1ndez\u00a0que, &#8220;a m\u00ed me ocupa decir, que\u00a0no me ocupa m\u00e1s esta persona. Yo estoy ocupado y creo que est\u00e1 anticipando cosas de campa\u00f1a&#8221;.<\/p>\n\n\n\n<p>&#8220;Como no tienen un tema de resultados ni de trabajo, esa gente\u00a0pretenden con reflectores ganar espacios en los Medios, o que la gente los conozca a trav\u00e9s de este tipo de acciones que realizan&#8221;.<\/p>\n\n\n\n<p>&#8220;Es lamentable de verdad, pero yo, les digo una cosa, Torre\u00f3n ha tenido una administraci\u00f3n del\u00a022, 24, 25, 26 y 27, y la\u00a0 que estamos en tr\u00e1nsito que tiene claro\u00a0 a d\u00f3nde va, la ruta que tiene que seguir, la transparencia con la que se ha conducido&#8221;.<\/p>\n\n\n\n<p>&#8220;Creo que es importante que los torreonenses tengamos claro que\u00a0es el momento de seguir creciendo. Tenemos un gobernador que est\u00e1 comprometido\u00a0 con Torre\u00f3n&#8221;.<\/p>\n\n\n\n<p>&#8220;Sabemos,\u00a0 y tengo bien claro qui\u00e9nes est\u00e1n detr\u00e1s de estos personajes, en los que insisto, los reflectores es lo \u00fanico que buscan&#8221;.\u00a0<\/p>\n\n\n\n<p>&#8220;Siempre ha sido\u00a0 transparente, y que las investigaciones, de hacerse, lleguen hasta donde tengan que llegar. No tengo duda que son temas que no tiene ning\u00fan fundamento\u00a0 que\u00a0por llegar a pretender\u00a0 hacer un acto de campa\u00f1a anticipado&#8221;.<\/p>\n\n\n\n<p>&#8220;Creo que es importante que lo que no han ganado con votos, que lo que tuvieron\u00a0fue miedo de\u00a0competir \u00a0 en el\u00a024, porque no quer\u00edan\u00a0la Senadur\u00eda, quer\u00edan la alcald\u00eda, pero\u00a0tuvieron miedo\u00a0de enfrentarse en ese momento, pues hoy lo est\u00e1n buscando con se\u00f1alamientos y banalidades donde es lamentable que todav\u00eda se\u00a0 pretende hacer pol\u00edtica,\u00a0cuando vivimos en un pa\u00eds, donde la incertidumbre, la inseguridad es lo que tenemos todos los d\u00edas&#8221;.<\/p>\n\n\n\n<p>&#8220;En Torre\u00f3n, hay certeza, hay claridad, hay rumbo como lo es en todo Coahuila&#8221;.<\/p>\n\n\n\n<p>Jam\u00e1s, dijo luego,\u00a0&#8220;estaremos en contra, ni minizaremos\u00a0 ninguna denuncia\u00a0ni tema de ning\u00fan otro orden, pero lo que s\u00ed es importante es que\u00a0la gente tenga claro es que todos sepamos que no se est\u00e1n preocupando ni ocup\u00e1ndose por Torre\u00f3n, que lo que est\u00e1n haciendo es tratar de saquear a Torre\u00f3n en el momento oportuno que ser\u00eda el 27, y que nosotros vamos a hacer lo conveniente para que esta gente no llegue y que Torre\u00f3n no se convierta en el resto del pa\u00eds&#8221;.<\/p>\n","protected":false},"excerpt":{"rendered":"<p>Torre\u00f3n, Coahuila.-\u00a0El alcalde\u00a0Rom\u00e1n Alberto Cepeda Gonz\u00e1lez, revira a uno de su recientes cr\u00edticos, el Senador\u00a0de MORENA, Luis Fernando Salazar,\u00a0 al calificar como mero acto de\u00a0 campa\u00f1a anticipada &#8220;en pos de la\u00a0 presidencia de este municipio&#8221;, los cuesionamientos y\u00a0ya hasta denuncias contra su administraci\u00f3n, al tiempo que le\u00a0se\u00f1ala\u00a0 al legislador, su falta de\u00a0 compromisos tangible,\u00a0de trabajo a favor de la poblaci\u00f3n lagunera.\u00a0 Cuestion\u00f3 el edil, al legislador, ex panista y hoy\u00a0militante&#8230;<\/p>\n","protected":false},"author":2,"featured_media":0,"comment_status":"closed","ping_status":"","sticky":false,"template":"","format":"standard","meta":{"footnotes":""},"categories":[5,28,19,16,7],"tags":[],"class_list":["post-26633","post","type-post","status-publish","format-standard","hentry","category-coahuila","category-la-laguna","category-morena","category-pri","category-torreon","wpcat-5-id","wpcat-28-id","wpcat-19-id","wpcat-16-id","wpcat-7-id"],"_links":{"self":[{"href":"https:\/\/www.aquilaguna.com\/index.php\/wp-json\/wp\/v2\/posts\/26633","targetHints":{"allow":["GET"]}}],"collection":[{"href":"https:\/\/www.aquilaguna.com\/index.php\/wp-json\/wp\/v2\/posts"}],"about":[{"href":"https:\/\/www.aquilaguna.com\/index.php\/wp-json\/wp\/v2\/types\/post"}],"author":[{"embeddable":true,"href":"https:\/\/www.aquilaguna.com\/index.php\/wp-json\/wp\/v2\/users\/2"}],"replies":[{"embeddable":true,"href":"https:\/\/www.aquilaguna.com\/index.php\/wp-json\/wp\/v2\/comments?post=26633"}],"version-history":[{"count":1,"href":"https:\/\/www.aquilaguna.com\/index.php\/wp-json\/wp\/v2\/posts\/26633\/revisions"}],"predecessor-version":[{"id":26634,"href":"https:\/\/www.aquilaguna.com\/index.php\/wp-json\/wp\/v2\/posts\/26633\/revisions\/26634"}],"wp:attachment":[{"href":"https:\/\/www.aquilaguna.com\/index.php\/wp-json\/wp\/v2\/media?parent=26633"}],"wp:term":[{"taxonomy":"category","embeddable":true,"href":"https:\/\/www.aquilaguna.com\/index.php\/wp-json\/wp\/v2\/categories?post=26633"},{"taxonomy":"post_tag","embeddable":true,"href":"https:\/\/www.aquilaguna.com\/index.php\/wp-json\/wp\/v2\/tags?post=26633"}],"curies":[{"name":"wp","href":"https:\/\/api.w.org\/{rel}","templated":true}]}}