{"id":26635,"date":"2025-06-10T19:39:50","date_gmt":"2025-06-11T01:39:50","guid":{"rendered":"https:\/\/www.aquilaguna.com\/?p=26635"},"modified":"2025-06-10T19:39:50","modified_gmt":"2025-06-11T01:39:50","slug":"reafirma-gobernador-cero-tolerancia-a-organizaciones-sindicales-vinculadas-con-delincuencia-organizada","status":"publish","type":"post","link":"https:\/\/www.aquilaguna.com\/index.php\/2025\/06\/10\/reafirma-gobernador-cero-tolerancia-a-organizaciones-sindicales-vinculadas-con-delincuencia-organizada\/","title":{"rendered":"Reafirma Gobernador Cero Tolerancia a organizaciones sindicales vinculadas con delincuencia organizada."},"content":{"rendered":"\n<p>Torre\u00f3n, Coahuila.- &#8220;Mas claro, ni el agua, ni se les ocurra\u00a0asomarse, a organizaciones\u00a0y sindicatos\u00a0 relacionados\u00a0con la delincuencia\u00a0organizada. Habr\u00e1 Cero Tolerancia\u00a0a situaci\u00f3n alguna que se registra \u00a0 injerencia alguna de estos grupos&#8221;, afirm\u00f3 esta ma\u00f1ana\u00a0el Gobernador Manolo Jim\u00e9nez Salinas\u00a0 ratificando\u00a0as\u00ed, en encuentro con los Medios,\u00a0tema que fuera central en su intervenci\u00f3n esta ma\u00f1ana, ante el empresariado regional\u00a0 y el l\u00edder nacional de la C\u00e1mara Mexicana\u00a0 de la Industria de la Construcci\u00f3n, Luis M\u00e9ndez Jaled.\u00a0\u00a0\u00a0\u00a0\u00a0\u00a0<\/p>\n\n\n\n<p>Abund\u00f3 luego\u00a0en entrevista que &#8220;son acuerdos que\u00a0se hicieron\u00a0con la Presidenta\u00a0en su visita\u00a0en el tema de seguridad,\u00a0y como\u00a0obviamente est\u00e1 enterada\u00a0de algunas situaciones, no solo obviamente\u00a0de la Laguna, sino de todo el pa\u00eds, con algunas organizaciones y sindicatos que tienen en sus filas  a gentes relacionadas con la delincuencia organizada y bueno, en el caso de Coahuila, aqu\u00ed,\u00a0 Cero Tolerancia, y\u00a0 que ni se les ocurra asomarse&#8221;.<\/p>\n\n\n\n<p>&#8220;El\u00a0mensaje es\u00a0muy claro, y quien trae toda la informaci\u00f3n y quien est\u00e1 dando seguimiento a las investigaciones es la Fiscal\u00eda\u00a0del Estado junto con la Fiscal\u00eda General de la Rep\u00fablica&#8221;.<\/p>\n\n\n\n<p>Yo creo, afirm\u00f3, &#8220;que en las ultimas semanas se han enviado mensajes muy claros aqu\u00ed&#8221;.\u00a0<\/p>\n\n\n\n<p>&#8220;Aqu\u00ed, no\u00a0andamos por las ramas en el tema de\u00a0 seguridad\u00a0 y aqu\u00ed, mandan o mandamos las instituciones. Hay un trabajo sumamente coordinado con la Marina, con el Ej\u00e9rcito, con la Guardia, con la Fiscal\u00eda\u00a0y con el Gobierno Federal&#8221;.<\/p>\n\n\n\n<p>Revel\u00f3 luego que\u00a0&#8220;la\u00a0Marina, ya est\u00e1 aqu\u00ed, y ha estado siempre\u00a0presente, tanto en operativos\u00a0visuales como en operativos\u00a0de inteligencia&#8221;.<\/p>\n\n\n\n<p>&#8220;Hay varias l\u00edneas de Investigaci\u00f3n que estamos haciendo en conjunto y estamos trabajando para blindar nuestro Estado, con la Polic\u00eda Municipal de Torre\u00f3n se ha avanzado muy bien, con los nuevos Mandos\u00a0 y de esta manera se fortalecen nuestros operativos de seguridad en la Laguna, de Coahuila&#8221;.\u00a0<\/p>\n\n\n\n<p>Luego remiti\u00f3 a los reporteros con el Fiscal, &#8220;quien trae estas investigaciones, y para luego no mermarlas, prefiero dejar esto en la cancha de la Fiscal\u00eda&#8221;.\u00a0<\/p>\n\n\n\n<p>Dijo luego &#8220;sentir el apoyo, la preocupaci\u00f3n y el respaldo\u00a0del empresariado, de las sus C\u00e1maras\u00a0 de Torre\u00f3n y de la Laguna de Coahuila y de la poblaci\u00f3n en general. Yo pienso que en el tema de seguridad siempre hay \u00e1reas de oportunidad, siempre hay tuercas que apretar. Nunca se est\u00e1 al cien por ciento, sin ning\u00fan tipo de detalles, pero en lo global,\u00a0si bien las comparaciones son odiosas a veces son necesarias para saber donde estamos parados, la realidad\u00a0 es que hemos avanzado muy bien y la gente que vive en la laguna de Coahuila puede notar una gran diferencia de la gente que vive en otros Estados del pa\u00eds&#8221;.\u00a0<\/p>\n\n\n\n<p>En cuanto que mensaje  puede dirigirse a agrupaciones laborales, sindicatos\u00a0cuya vida institucional y actividades est\u00e1n ajustadas a la ley,\u00a0 pues lo hay, expreso que &#8220;\u00e9ste seria que en este Estado, los sindicatos\u00a0 que trabajen bajo el marco de la ley, que est\u00e9n integrados por gente de bien, por verdaderos representantes de los trabajadores de Coahuila, que comparten los valores de este Estado de que somos gente echados\u00a0pa&#8217;delante, que somos gente trabajadora\u00a0 que queremos prosperar, que queremos salir adelante, como marca el manual, haciendo las cosas bien, con esfuerzo y disciplina, aqu\u00ed todos\u00a0quienes cumplan con esas caracter\u00edsticas, son bienvenidos&#8221;.\u00a0\u00a0<\/p>\n\n\n\n<p>Asegur\u00f3 luego que\u00a0&#8220;con el Gobierno de Durango hay una coordinaci\u00f3n total,\u00a0comunicaci\u00f3n con nuestro amigo Esteban, se va a fortalecer el Mando Especial\u00a0 son parte de los Acuerdos que traemos\u00a0con el General Ibarra&#8221;.\u00a0<\/p>\n\n\n\n<p>En cuanto al origen de\u00a0las definiciones de\u00a0 Cero Tolerancia\u00a0a manifestaci\u00f3n alguna de\u00a0grupos delictivos en las \u00e1reas sindicales, el gobernador\u00a0dijo que, &#8220;todo nace\u00a0de pronunciamiento p\u00fablico\u00a0que hacen las C\u00e1maras hace un par de semanas, relacionadas con el tema de seguridad, con algunos detalles con ciertos grupos de la polic\u00eda, pero tambi\u00e9n abiertamente\u00a0se manifestaron en torno a\u00a0extorsiones que estaban recibiendo por parte de sindicatos o de algunos sindicatos\u00a0de aqu\u00ed, de la regi\u00f3n&#8221;.<\/p>\n\n\n\n<p>Nosotros, afirm\u00f3 &#8220;ya ven\u00edamos con al estrategia, con operativos y eso, pues incentiva y fortalece nuestra participaci\u00f3n; blindar\u00a0espec\u00edficamente la Laguna de Coahuila, que es lo que nos corresponde&#8221;.<\/p>\n\n\n\n<p>Preguntado sobre la\u00a0potencial\u00a0 vulnerabilidad\u00a0de a l\u00ednea fronteriza con los municipios de la zona lagunera de Durango, en especial los que tocan su \u00e1rea Metropolitana el gobernante expres\u00f3 que, &#8220;por eso, los operativos que se han hecho con la\u00a0Marina,\u00a0 la polic\u00eda municipal\u00a0 y la estatal\u00a0se han ido fortaleciendo&#8221;.<\/p>\n\n\n\n<p>&#8220;Le ped\u00ed al Fiscal el d\u00eda de ayer, que en la reuni\u00f3n del jueves, fueran viendo como \u00edbamos avanzando con el las estrategias de aqu\u00ed en la Laguna, y nosotros,\u00a0 vamos a actuar con Cero Tolerancia, porque es muy sencillo\u00a0si les\u00a0vas abriendo ventanitas, se van permitiendo varias cosas, pues se abre la puerta y luego, se abre la casa y no&#8221;.<\/p>\n\n\n\n<p>&#8220;Y\u00a0 si ya ven\u00edamos actuando con determinaci\u00f3n, ahora con el apoyo presidencial, con esta nueva estrategia y la voluntad dela Presidenta pues ahora si vamos con todo&#8221;.<\/p>\n\n\n\n<p><strong>GUSANO BARRENADOR.<\/strong><\/p>\n\n\n\n<p>El Gobernador reconoci\u00f3 que el tema de la plaga citada, como &#8220;un asunto muy fuerte y es importante&#8221;, dijo, &#8220;reconocer\u00a0que es a ra\u00edz de pol\u00edticas p\u00fablicas fallidas\u00a0del Gobierno anterior,\u00a0porque abrieron la frontera sur, no se chec\u00f3 bien, hubo un contrabando impresionante y al final de cuentas\u00a0entr\u00f3 ganado infectado&#8221;.<\/p>\n\n\n\n<p>&#8220;No se revis\u00f3 y hoy nos est\u00e1 generando un problema\u00a0zoosanitario para el ganado de Coahuila, de los mejores del pa\u00eds y adem\u00e1s est\u00e1 pegando en una tema econ\u00f3mico&#8221;, se\u00f1alando\u00a0 el alza de precios que registra hoy el precio de la carne, &#8220;am\u00e9n de\u00a0 lo que se deja\u00a0 de ganar&#8221;.<\/p>\n","protected":false},"excerpt":{"rendered":"<p>Torre\u00f3n, Coahuila.- &#8220;Mas claro, ni el agua, ni se les ocurra\u00a0asomarse, a organizaciones\u00a0y sindicatos\u00a0 relacionados\u00a0con la delincuencia\u00a0organizada. Habr\u00e1 Cero Tolerancia\u00a0a situaci\u00f3n alguna que se registra \u00a0 injerencia alguna de estos grupos&#8221;, afirm\u00f3 esta ma\u00f1ana\u00a0el Gobernador Manolo Jim\u00e9nez Salinas\u00a0 ratificando\u00a0as\u00ed, en encuentro con los Medios,\u00a0tema que fuera central en su intervenci\u00f3n esta ma\u00f1ana, ante el empresariado regional\u00a0 y el l\u00edder nacional de la C\u00e1mara Mexicana\u00a0 de la Industria de la Construcci\u00f3n,&#8230;<\/p>\n","protected":false},"author":2,"featured_media":0,"comment_status":"closed","ping_status":"","sticky":false,"template":"","format":"standard","meta":{"footnotes":""},"categories":[5,15,24],"tags":[],"class_list":["post-26635","post","type-post","status-publish","format-standard","hentry","category-coahuila","category-gobierno-de-coahuila","category-seguridad","wpcat-5-id","wpcat-15-id","wpcat-24-id"],"_links":{"self":[{"href":"https:\/\/www.aquilaguna.com\/index.php\/wp-json\/wp\/v2\/posts\/26635","targetHints":{"allow":["GET"]}}],"collection":[{"href":"https:\/\/www.aquilaguna.com\/index.php\/wp-json\/wp\/v2\/posts"}],"about":[{"href":"https:\/\/www.aquilaguna.com\/index.php\/wp-json\/wp\/v2\/types\/post"}],"author":[{"embeddable":true,"href":"https:\/\/www.aquilaguna.com\/index.php\/wp-json\/wp\/v2\/users\/2"}],"replies":[{"embeddable":true,"href":"https:\/\/www.aquilaguna.com\/index.php\/wp-json\/wp\/v2\/comments?post=26635"}],"version-history":[{"count":1,"href":"https:\/\/www.aquilaguna.com\/index.php\/wp-json\/wp\/v2\/posts\/26635\/revisions"}],"predecessor-version":[{"id":26636,"href":"https:\/\/www.aquilaguna.com\/index.php\/wp-json\/wp\/v2\/posts\/26635\/revisions\/26636"}],"wp:attachment":[{"href":"https:\/\/www.aquilaguna.com\/index.php\/wp-json\/wp\/v2\/media?parent=26635"}],"wp:term":[{"taxonomy":"category","embeddable":true,"href":"https:\/\/www.aquilaguna.com\/index.php\/wp-json\/wp\/v2\/categories?post=26635"},{"taxonomy":"post_tag","embeddable":true,"href":"https:\/\/www.aquilaguna.com\/index.php\/wp-json\/wp\/v2\/tags?post=26635"}],"curies":[{"name":"wp","href":"https:\/\/api.w.org\/{rel}","templated":true}]}}