{"id":26644,"date":"2025-06-11T21:17:14","date_gmt":"2025-06-12T03:17:14","guid":{"rendered":"https:\/\/www.aquilaguna.com\/?p=26644"},"modified":"2025-06-11T21:17:14","modified_gmt":"2025-06-12T03:17:14","slug":"aqui-laguna-419","status":"publish","type":"post","link":"https:\/\/www.aquilaguna.com\/index.php\/2025\/06\/11\/aqui-laguna-419\/","title":{"rendered":"Aqu\u00ed Laguna."},"content":{"rendered":"\n<p>\u00bfFin\u00a0 de una estirpe? As\u00ed parece, y\u00a0m\u00e1s all\u00e1 de los muy restringidos c\u00edrculos culturales y acad\u00e9micos, pues es mucho decir que en los c\u00edrculos\u00a0intelectuales el fin del se\u00f1or Eneko\u00a0 Belausteguigoitia Arocena, su deceso, paso de noche a miles y miles de laguneros, ante la falta de presencia\u00a0 formal de grupo oficial alguno\u00a0dieran relevancia al fin de\u00a0 quien fuera, hasta estas fechas, el heredero formal\u00a0de los restos de la colosal fortuna, que &#8220;el reino del algod\u00f3n&#8221; gest\u00f3\u00a0a favor de sus\u00a0 antecesores, encabezados por el se\u00f1or Rafael Arocena\u00a0en estas tierras, luego de su arribo como un inmigrante espa\u00f1ol m\u00e1s, all\u00e1 por la d\u00e9cada de los a\u00f1os 1870, para alcanzar, con tenacidad, mucho esfuerzo y visi\u00f3n,\u00a0 ser considerado como\u00a0&#8220;el rey del algod\u00f3n&#8221;, cultivo que fuera, como pionero, el eje de su fortuna,\u00a0all\u00e1 por las \u00falimas d\u00e9cadas del Siglo XIX y las\u00a0 primeras d\u00e9cadas del Siglo XX,\u00a0 y que supo y pudo\u00a0superar\u00a0tal emporio, que alcanz\u00f3 su esplendor \u00a0 durante el\u00a0 Porfiriato como el latifundio m\u00e1s grande de esta regi\u00f3n\u00a0en Coahuila y lo que signific\u00f3, en t\u00e9rminos sociales y pol\u00edticos en tal tiempo, y las transformaciones que registr\u00f3 su capital econ\u00f3mico, fincado en la que fuera considerada la hacienda algodonera m\u00e1s grande\u00a0y productiva\u00a0de la zona lagunera; &#8220;Santa Teresa y Anexas&#8221;,\u00a0 y que hoy en su mayor\u00eda\u00a0 forman parte del municipio m\u00e1s joven de la regi\u00f3n; Francisco I. Madero despu\u00e9s del Reparto Agrario de 1936. <\/p>\n\n\n\n<p>Las vicisitudes hist\u00f3ricas que se han\u00a0vivido en esta regi\u00f3n a lo\u00a0largo de esa historia\u00a0y sus impactos\u00a0 \u00a0 pudieran ser superados, con las mermas territoriales obvias\u00a0en parte por\u00a0 tal emporio, que modific\u00f3 su condici\u00f3n de empresa algodonera y deriv\u00f3 a actividades agroindustriales, sin abandonar las actividades\u00a0 agr\u00edcolas ganaderas -Beta Santa M\u00f3nica-,\u00a0a lo largo de los \u00faltimos 150 a\u00f1os. Hoy\u00a0 los laguneros\u00a0 disfrutan, al menos visualmente parte del caudal hereditario,\u00a0de orden cultural\u00a0 de\u00a0la zaga\u00a0Arocena, que se alberga y se exhibe\u00a0 en parte, con las aportaciones de tal familia, que incluye\u00a0el edificio que lo alberga\u00a0y exhibe las colecciones de arte acumulados\u00a0en d\u00e9cadas de riqueza y cultura,\u00a0herencia\u00a0que tal familia de vascos, con todo y que algunos de sus pocos\u00a0descendientes tuvieron poca presencia f\u00edsica por esas tierras, pues\u00a0 vivieron y murieron en el extranjero en su mayor\u00eda\u00a0pues sus intereses\u00a0econ\u00f3micos, sus negocios, su explotaci\u00f3n, su patrimonio inmobiliario siempre qued\u00f3 en manos de diligentes administradores, uno de los \u00faltimos, el se\u00f1or \u00a0 Gustavo D\u00edaz de Le\u00f3n, Descanse en Paz, el se\u00f1or Belaustiguigoitia\u00a0 Arocena, quien no dej\u00f3 de recibir la consabida y tradicional esquela de condolencia\u00a0 que hace publicar\u00a0 en un Medio local, cual si fuera ya tradici\u00f3n de alguno de los miembros de la Familia Issa Tafich\u00a0y sobre todo, los nombres de poblados de\u00a0 Vizcaya, Espa\u00f1a, impuestos por a\u00f1oranza\u00a0a\u00a0poblados y ejidos\u00a0laguneros\u00a0ubicados\u00a0sobre todo en los municipios de\u00a0 Ch\u00e1vez y San Pedro, cual huella y recuerdo del paso de tan notables vascos por esas tierras, como\u00a0son Otzanduri,\u00a0Oquendogena, entre otros&#8230;\u00a0 <\/p>\n\n\n\n<p>Y\u00a0 nada que\u00a0solo a sotto\u00a0 vocce, trasciende el cisma que sigue registrando la muy mermada elite directiva del Partido Acci\u00f3n nacional en Coahuila, las\u00a0desaveniencias manifestadas entre el diputado Gerardo Aguado -es apellido, que conste-, quien al parecer ha sido desconocido\u00a0como coordinador de la\u00a0tambi\u00e9n escasa\u00a0bancada legislativa blanquiazul, por parte del resto de sus integrantes,\u00a0en la que desata el verbo y la acci\u00f3n del diputado monclovense,\u00a0y una vez que el tiempo pol\u00edtico que se vive ha dejado m\u00e1s que descobijado del\u00a0 fuerte color\u00a0tricolor que dejaba ver\u00a0en la pasada administraci\u00f3n estatal,\u00a0 y\u00a0tratando de rescatar su perdida\u00a0identidad ideol\u00f3gica\u00a0 y partidista con la que inici\u00f3 su trayectoria en asuntos p\u00fablicos. Con \u00e9l, dicen, va\u00a0la diputada local de Torre\u00f3n Blanca Llamas.<\/p>\n\n\n\n<p>En tanto en estas tierras y ante la falta de publico agradecido a su favor, el diputado federal Guillermo Anaya se ha convertido en asiduo asistente, a veces acompa\u00f1ados por el diputado\u00a0 Marcelo Torres, para capear alg\u00fan saludo o aplauso, pues no hay que olvidar que el sujeto pol\u00edtico se nutre\u00a0de los mismos, as\u00ed sean prestados o falsos.<\/p>\n\n\n\n<p>Y vaya calificativo que propin\u00f3 en p\u00fablico y\u00a0 luego en entrevista por el Gobernador Manolo Jim\u00e9nez Salinas\u00a0al calificar\u00a0tajante\u00a0de &#8220;nidos de malandros&#8221; a organizaciones sindicales o que pretenden\u00a0serlo, con base en\u00a0 extorsiones y amenazas, no solo a los trabajadores que pretenden uncir a su carro, sino de paso a los empresarios\u00a0que se resisten a los piales que les lanzan. Lo\u00a0dicho frente a los grupos\u00a0 empresariales\u00a0 que encabezados por el dirigente nacional\u00a0 de la C\u00e1mara\u00a0 Mexicana de la Industria de la\u00a0Construcci\u00f3n que asistieron a la toma de posesi\u00f3n del nuevo titular de tal c\u00e1mara a nivel regional. El Gobernador de Coahuila no se anduvo por las ramas y de frente y fuerte advirti\u00f3\u00a0 cero tolerancia\u00a0 para\u00a0el accionar de tales gr\u00fapusculos que al parecer tiene fuerte arraigo, asiento allende del Nazas, con todo y que a nivel local, aparece\u00a0como su &#8220;l\u00edder&#8221; el empresario Miguel Batarse, que por cierto constituye aut\u00e9ntica paradoja el que funja como representante de trabajadores, cuando es m\u00e1s que conocido que\u00a0es\u00a0pr\u00f3spero comerciante zapatero y de la herbolaria, ex miembro del\u00a0 Partido Acci\u00f3n Nacional cuyas filas abandon\u00f3\u00a0para unirse a las de\u00a0MORENA, luego de no lograr\u00a0postulaci\u00f3n alguna a cargo de elecci\u00f3n popular por el primer organismo citado. Ha de andar por ah\u00ed, en sus negocios zapateros o de herbolaria\u00a0haciendo capital y ya estar\u00e1 reapareciendo en las v\u00edsperas electorales\u00a0 del ya no tan lejano 2026.<\/p>\n\n\n\n<p>Resta y mucho por conocer finalmente cuales fueron los aspirantes\u00a0a\u00a0alguno de los\u00a0casi 90 cargos de juez, en juego en la cuestionada\u00a0 elecci\u00f3n judicial en Coahuila, as\u00ed como sus suplentes y otro tanto en el nivel federal, por ahora el\u00a0 sonido y la furia que desatan los impactos &#8220;de la guerra civil&#8221; que se vive\u00a0en las calles de Los Angeles, California y considerable n\u00famero de ciudades del vecino pa\u00eds, como resistencia a las acciones\u00a0contra inmigrantes desatada\u00a0por Trump, en especial contra los latinos\u00a0que\u00a0en n\u00famero \u00a0 impresionante\u00a0viven en tales territorios,\u00a0mera resistencia a un trato que es a todas luces, inhumano, cazados cual si fueran animales.\u00a0La resistencia\u00a0ya le surgi\u00f3 a Trump, tanta que incluso sus connacionales,\u00a0 en la\u00a0persona de Gade Newson\u00a0ya la naci\u00f3 competidor, aspirando a ser postulado\u00a0como candidato presidencial que\u00a0le compita\u00a0a Trump su reelecci\u00f3n.\u00a0<\/p>\n","protected":false},"excerpt":{"rendered":"<p>\u00bfFin\u00a0 de una estirpe? As\u00ed parece, y\u00a0m\u00e1s all\u00e1 de los muy restringidos c\u00edrculos culturales y acad\u00e9micos, pues es mucho decir que en los c\u00edrculos\u00a0intelectuales el fin del se\u00f1or Eneko\u00a0 Belausteguigoitia Arocena, su deceso, paso de noche a miles y miles de laguneros, ante la falta de presencia\u00a0 formal de grupo oficial alguno\u00a0dieran relevancia al fin de\u00a0 quien fuera, hasta estas fechas, el heredero formal\u00a0de los restos de la colosal fortuna,&#8230;<\/p>\n","protected":false},"author":2,"featured_media":0,"comment_status":"closed","ping_status":"","sticky":false,"template":"","format":"standard","meta":{"footnotes":""},"categories":[8],"tags":[],"class_list":["post-26644","post","type-post","status-publish","format-standard","hentry","category-aqui-laguna","wpcat-8-id"],"_links":{"self":[{"href":"https:\/\/www.aquilaguna.com\/index.php\/wp-json\/wp\/v2\/posts\/26644","targetHints":{"allow":["GET"]}}],"collection":[{"href":"https:\/\/www.aquilaguna.com\/index.php\/wp-json\/wp\/v2\/posts"}],"about":[{"href":"https:\/\/www.aquilaguna.com\/index.php\/wp-json\/wp\/v2\/types\/post"}],"author":[{"embeddable":true,"href":"https:\/\/www.aquilaguna.com\/index.php\/wp-json\/wp\/v2\/users\/2"}],"replies":[{"embeddable":true,"href":"https:\/\/www.aquilaguna.com\/index.php\/wp-json\/wp\/v2\/comments?post=26644"}],"version-history":[{"count":1,"href":"https:\/\/www.aquilaguna.com\/index.php\/wp-json\/wp\/v2\/posts\/26644\/revisions"}],"predecessor-version":[{"id":26645,"href":"https:\/\/www.aquilaguna.com\/index.php\/wp-json\/wp\/v2\/posts\/26644\/revisions\/26645"}],"wp:attachment":[{"href":"https:\/\/www.aquilaguna.com\/index.php\/wp-json\/wp\/v2\/media?parent=26644"}],"wp:term":[{"taxonomy":"category","embeddable":true,"href":"https:\/\/www.aquilaguna.com\/index.php\/wp-json\/wp\/v2\/categories?post=26644"},{"taxonomy":"post_tag","embeddable":true,"href":"https:\/\/www.aquilaguna.com\/index.php\/wp-json\/wp\/v2\/tags?post=26644"}],"curies":[{"name":"wp","href":"https:\/\/api.w.org\/{rel}","templated":true}]}}