{"id":26646,"date":"2025-06-12T16:00:13","date_gmt":"2025-06-12T22:00:13","guid":{"rendered":"https:\/\/www.aquilaguna.com\/?p=26646"},"modified":"2025-06-12T16:00:13","modified_gmt":"2025-06-12T22:00:13","slug":"estudia-en-la-uadec-la-maestria-en-derecho-con-cinco-acentuaciones","status":"publish","type":"post","link":"https:\/\/www.aquilaguna.com\/index.php\/2025\/06\/12\/estudia-en-la-uadec-la-maestria-en-derecho-con-cinco-acentuaciones\/","title":{"rendered":"Estudia en la UAdeC la Maestr\u00eda en Derecho con Cinco Acentuaciones."},"content":{"rendered":"\n<p>SALTILLO, Coahuila. 12 de junio de 2025. La Universidad Aut\u00f3noma de Coahuila a<br>trav\u00e9s de la Facultad de Jurisprudencia Unidad Sureste, convoca a abogados y a<br>egresados de licenciaturas de las \u00e1reas de ciencias sociales y administrativas, as\u00ed<br>como a funcionarios p\u00fablicos a cursar la Maestr\u00eda en Derecho con Acentuaci\u00f3n en<br>Derecho Corporativo, Derecho Fiscal, Gobierno y Pol\u00edticas P\u00fablicas, Derecho Penal<br>y Derecho Laboral.<\/p>\n\n\n\n<p>La Maestr\u00eda en Derecho tiene como objetivo ofrecer una formaci\u00f3n continua<br>especializada de profesionales e investigadores para la construcci\u00f3n de l\u00edneas de<br>generaci\u00f3n y aplicaci\u00f3n del conocimiento jur\u00eddico y humano, a trav\u00e9s de la<br>compresi\u00f3n y dominio del derecho mexicano e internacional, que permita el<br>desarrollo de las habilidades de interpretaci\u00f3n para la soluci\u00f3n de problemas<br>sociales.<\/p>\n\n\n\n<p>Los requisitos para postularse son: acreditar estudios de licenciatura, contar con<br>t\u00edtulo y c\u00e9dula profesional, original y copia de K\u00e1rdex de licenciatura, carta de<br>motivos para ingresar a la maestr\u00eda, presentar el examen de admisi\u00f3n y obtener<br>dictamen favorable del Comit\u00e9 de Admisiones.<\/p>\n\n\n\n<p>Al concluir sus estudios, el egresado de la Acentuaci\u00f3n en Derecho Corporativo<br>conocer\u00e1 el marco jur\u00eddico de las exportaciones, la transferencia de tecnolog\u00eda, la<br>propiedad intelectual y la planeaci\u00f3n estrat\u00e9gica para constituir empresas s\u00f3lidas y<br>competitivas, considerando su estructura financiera y jur\u00eddica.<\/p>\n\n\n\n<p>El egresado de la Acentuaci\u00f3n en Gobierno y Pol\u00edticas P\u00fablicas tendr\u00e1 la capacidad<br>de dise\u00f1ar propuestas de pol\u00edticas p\u00fablicas y su habilidad de an\u00e1lisis e interpretaci\u00f3n<br>de las fuentes nacionales e internacionales le brindar\u00e1 una amplia capacidad de<br>comunicaci\u00f3n t\u00e9cnica escrita y oral con habilidad de argumentaci\u00f3n y<br>fundamentaci\u00f3n.<\/p>\n\n\n\n<p>Por otro lado, el egresado de la Acentuaci\u00f3n en Derecho Fiscal tendr\u00e1 un amplio<br>conocimiento de las reformas fiscales, lo que le permitir\u00e1 ejercer su profesi\u00f3n<br>asegurando la formalizaci\u00f3n y el cumplimiento de las disposiciones tributarias de las<br>personas o instituciones a las que brinde sus servicios o asesor\u00eda.<\/p>\n\n\n\n<p>Mientras que, el egresado de la Acentuaci\u00f3n en Derecho Laboral estar\u00e1 actualizado<br>en cuanto a las reformas laborales que afectan el desarrollo social y empresarial,<br>partiendo de la dimensi\u00f3n hist\u00f3rica de los cambios en los procesos productivos y en<br>las relaciones sociales que se construyen en el trabajo.<\/p>\n\n\n\n<p>Por otra parte, el egresado de la Acentuaci\u00f3n en Derecho Penal, conocer\u00e1 a fondo<br>las reformas penales de la legislaci\u00f3n mexicana, ser\u00e1 un especialista en el sistema<br>de justicia penal acusatorio con la capacidad de analizar, aplicar y evaluar los<\/p>\n\n\n\n<p>postulados, principios y t\u00e9cnicas, proporcionando bases te\u00f3rico-pr\u00e1cticas y<br>metodol\u00f3gicas que profundicen y ampl\u00eden las destrezas que requiere el ejercicio<br>profesional.<\/p>\n\n\n\n<p>La duraci\u00f3n del programa es de dos a\u00f1os, el pre registro es hasta el 20 de junio, el<br>registro del 1 al 11 de julio, examen pr\u00e1ctico el 5 de agosto y la aplicaci\u00f3n de la<br>prueba el 9 de agosto; para m\u00e1s informaci\u00f3n escribir al correo<br>cpi.jurisprudencia@uadec.edu.mx, llamar a los tel\u00e9fonos (844) 416 86 40 y (844) 430<br>88 76 o consultar la convocatoria que se encuentra publicada en la p\u00e1gina de<br>Facebook Facultad de Jurisprudencia UAdeC Oficial.<\/p>\n","protected":false},"excerpt":{"rendered":"<p>SALTILLO, Coahuila. 12 de junio de 2025. La Universidad Aut\u00f3noma de Coahuila atrav\u00e9s de la Facultad de Jurisprudencia Unidad Sureste, convoca a abogados y aegresados de licenciaturas de las \u00e1reas de ciencias sociales y administrativas, as\u00edcomo a funcionarios p\u00fablicos a cursar la Maestr\u00eda en Derecho con Acentuaci\u00f3n enDerecho Corporativo, Derecho Fiscal, Gobierno y Pol\u00edticas P\u00fablicas, Derecho Penaly Derecho Laboral. La Maestr\u00eda en Derecho tiene como objetivo ofrecer una formaci\u00f3n continuaespecializada&#8230;<\/p>\n","protected":false},"author":1,"featured_media":26647,"comment_status":"closed","ping_status":"","sticky":false,"template":"","format":"standard","meta":{"footnotes":""},"categories":[2],"tags":[],"class_list":["post-26646","post","type-post","status-publish","format-standard","has-post-thumbnail","hentry","category-uadec","wpcat-2-id"],"_links":{"self":[{"href":"https:\/\/www.aquilaguna.com\/index.php\/wp-json\/wp\/v2\/posts\/26646","targetHints":{"allow":["GET"]}}],"collection":[{"href":"https:\/\/www.aquilaguna.com\/index.php\/wp-json\/wp\/v2\/posts"}],"about":[{"href":"https:\/\/www.aquilaguna.com\/index.php\/wp-json\/wp\/v2\/types\/post"}],"author":[{"embeddable":true,"href":"https:\/\/www.aquilaguna.com\/index.php\/wp-json\/wp\/v2\/users\/1"}],"replies":[{"embeddable":true,"href":"https:\/\/www.aquilaguna.com\/index.php\/wp-json\/wp\/v2\/comments?post=26646"}],"version-history":[{"count":1,"href":"https:\/\/www.aquilaguna.com\/index.php\/wp-json\/wp\/v2\/posts\/26646\/revisions"}],"predecessor-version":[{"id":26648,"href":"https:\/\/www.aquilaguna.com\/index.php\/wp-json\/wp\/v2\/posts\/26646\/revisions\/26648"}],"wp:featuredmedia":[{"embeddable":true,"href":"https:\/\/www.aquilaguna.com\/index.php\/wp-json\/wp\/v2\/media\/26647"}],"wp:attachment":[{"href":"https:\/\/www.aquilaguna.com\/index.php\/wp-json\/wp\/v2\/media?parent=26646"}],"wp:term":[{"taxonomy":"category","embeddable":true,"href":"https:\/\/www.aquilaguna.com\/index.php\/wp-json\/wp\/v2\/categories?post=26646"},{"taxonomy":"post_tag","embeddable":true,"href":"https:\/\/www.aquilaguna.com\/index.php\/wp-json\/wp\/v2\/tags?post=26646"}],"curies":[{"name":"wp","href":"https:\/\/api.w.org\/{rel}","templated":true}]}}