{"id":26649,"date":"2025-06-12T16:01:31","date_gmt":"2025-06-12T22:01:31","guid":{"rendered":"https:\/\/www.aquilaguna.com\/?p=26649"},"modified":"2025-06-12T16:01:31","modified_gmt":"2025-06-12T22:01:31","slug":"entrega-uadec-unidad-laguna-medallas-y-reconocimientos-a-escuelas-incorporadas","status":"publish","type":"post","link":"https:\/\/www.aquilaguna.com\/index.php\/2025\/06\/12\/entrega-uadec-unidad-laguna-medallas-y-reconocimientos-a-escuelas-incorporadas\/","title":{"rendered":"Entrega UAdeC Unidad Laguna Medallas y Reconocimientos a Escuelas Incorporadas."},"content":{"rendered":"\n<p>TORRE\u00d3N, Coahuila. 12 de junio de 2025. la Universidad Aut\u00f3noma de Coahuila a<br>trav\u00e9s de la Coordinaci\u00f3n de Unidad Laguna llev\u00f3 a cabo la Tercera Entrega de<br>Reconocimientos a las y los alumnos por alto desempe\u00f1o acad\u00e9mico pertenecientes<br>a la generaci\u00f3n 2023-2025 de 16 Colegios y Escuelas Preparatorias incorporadas a<br>la UAdeC.<\/p>\n\n\n\n<p>En el evento realizado en el Aula Magna del Centro Cultural \u201cBraulio Fern\u00e1ndez<br>Aguirre\u201d, se cont\u00f3 con la presencia de la coordinadora de Unidad Laguna, Sandra<br>L\u00f3pez Chavarr\u00eda; el secretario general de la Unidad Laguna, Israel Castillo<br>Hern\u00e1ndez; el jefe de Departamento de Asuntos Acad\u00e9micos, Jos\u00e9 \u00c1ngel Pineda<br>Castro, directivos de las escuelas incorporadas, las y los galardonados y sus<br>familiares.<\/p>\n\n\n\n<p>En su mensaje, la coordinadora de la Unidad Laguna, Sandra L\u00f3pez Chavarr\u00eda dijo<br>que este evento marca un momento de celebraci\u00f3n, reconocimiento sobre el<br>invaluable papel que desempe\u00f1an estas escuelas en la m\u00e1xima casa de estudios<br>\u201cLas escuelas incorporadas no s\u00f3lo son parte integral de la Universidad Aut\u00f3noma<br>de Coahuila, sino que tambi\u00e9n representan un puente vital hacia el futuro de<br>nuestras y nuestros j\u00f3venes\u201d.<\/p>\n\n\n\n<p>Agreg\u00f3 que cada medalla y reconocimiento es un testimonio del arduo trabajo,<br>dedicaci\u00f3n y talento de los estudiantes, as\u00ed como un reflejo del compromiso y la<br>pasi\u00f3n de sus maestros y mentores, quienes forman mentes brillantes, forjan<br>ciudadanas y ciudadanos responsables, l\u00edderes del ma\u00f1ana y agentes de cambio<br>que contribuir\u00e1n positivamente a la sociedad.<\/p>\n\n\n\n<p>Por su parte, el jefe del departamento de Asuntos Acad\u00e9micos, Jos\u00e9 \u00c1ngel Pineda<br>reconoci\u00f3 a los j\u00f3venes que destacaron por contar con el mejor promedio, a quienes<br>dijo son un ejemplo a seguir, puesto que sus padres y maestros saben lo que ha<br>costado llegar hasta hoy, un d\u00eda en donde se les reconocen sus metas, sus sue\u00f1os,<br>sus esfuerzos.<\/p>\n\n\n\n<p>Los 35 alumnos que recibieron su reconocimiento y medalla fueron: del Instituto<br>Patria de la Laguna, Cynthia Magali Palacios Aranda, Daniela Iara\u00eds Flores<br>Hern\u00e1ndez, Elisa Mar\u00eda del Carmen Gonz\u00e1lez D\u00e1valos y Lesly Daniela Guill\u00e9n Salas;<br>del Colegio de las Am\u00e9ricas de Torre\u00f3n, Axel Manuel Pedroza Alvidrez y Miguel<br>\u00c1ngel Flores Acosta y Samantha Cristal Morales Reyes; del Bachillerato Santa<br>M\u00f3nica, Andrea Lizeth Barrios Madera; del Instituto Narro de Ciencias y Cultura,<br>\u00c1ngel Rodrigo Vald\u00e9s Flores, Ana Mar\u00eda Esquivel Hern\u00e1ndez y Ver\u00f3nica Guadalupe<br>Ju\u00e1rez Rodr\u00edguez.<\/p>\n\n\n\n<p>De la Preparatoria \u201cDon Miguel de Unamuno\u201d, Ximena Ortega Vargas, Jes\u00fas Marco<br>Aldape Ravelo y Paola Gabriela Briones Luna; del Colegio Educaci\u00f3n y Libertad,<br>Jes\u00fas Uriel Guzm\u00e1n Garc\u00eda y Jes\u00fas Al\u00e1n Guzm\u00e1n Garc\u00eda; Escuela de Bachilleres<br>\u201cJos\u00e9 Mar\u00eda Morelos y Pav\u00f3n\u201d, Marisol del Carmen Alvarado Enr\u00edquez, Ricardo D\u00edaz<br>L\u00f3pez, Wendy Mishel Garibay Nohpal y Emilio Wenian Woo Salas y de la<br>Preparatoria M\u00e9xico de la Laguna, Mar\u00eda Fernanda Corrales Ordaz, Alondra Retiz<br>S\u00e1nchez y Dana Hadlai Ju\u00e1rez Beltr\u00e1n.<\/p>\n\n\n\n<p>Del Colegio Am\u00e9rico Vespucio, Melani Ofelia Valero Dena, Danna Fernanda Aguilar<br>Puentes, Lucero Edith Rodr\u00edguez \u00c1lvarez, Karen Astrid Gallardo Dom\u00ednguez,<br>Emiliano Escare\u00f1o Mu\u00f1oz, Evelyn L\u00f3pez Dom\u00ednguez, Libia Samantha Betancourt<br>Pacheco, Kristal Tera Blanco y Miguel \u00c1ngel Palacios Rubio; del Colegio los \u00c1ngeles,<br>Ana Sof\u00eda Red\u00f3n Ram\u00edrez y Paula Cristina Montes Reyes; y de la Preparatoria<br>Manuel Acu\u00f1a, Daniel Maribel Medina Sifuentes.<\/p>\n\n\n\n<p>Durante la ceremonia, por alcanzar la m\u00e1xima puntuaci\u00f3n en m\u00f3dulo de f\u00edsica y por<br>su aportaci\u00f3n al m\u00f3dulo de Ciudadan\u00eda, se entreg\u00f3 reconocimiento al Instituto Patria<br>de la Laguna, al Colegio Am\u00e9rico Vespucio, por su destacado rendimiento en el<br>Taller de Lectura y Redacci\u00f3n; a la Preparatoria M\u00e9xico (Unidad Rosita), por su<br>excelencia en Qu\u00edmica Org\u00e1nica y a la Escuela Preparatoria Don Miguel de<br>Unamuno por sus logros en ingl\u00e9s II.<\/p>\n\n\n\n<p>El Colegio de las Am\u00e9ricas de Torre\u00f3n por su destacado promedio en Psicolog\u00eda<br>Aplicada, el Instituto Narro de Ciencia y Cultura por sus logros en el m\u00f3dulo<br>Liderazgo y Emprendimiento, y al Colegio Los \u00c1ngeles por alcanzar la m\u00e1xima<br>puntuaci\u00f3n en el m\u00f3dulo de ingl\u00e9s II en el periodo enero-junio 2025.<\/p>\n","protected":false},"excerpt":{"rendered":"<p>TORRE\u00d3N, Coahuila. 12 de junio de 2025. la Universidad Aut\u00f3noma de Coahuila atrav\u00e9s de la Coordinaci\u00f3n de Unidad Laguna llev\u00f3 a cabo la Tercera Entrega deReconocimientos a las y los alumnos por alto desempe\u00f1o acad\u00e9mico pertenecientesa la generaci\u00f3n 2023-2025 de 16 Colegios y Escuelas Preparatorias incorporadas ala UAdeC. En el evento realizado en el Aula Magna del Centro Cultural \u201cBraulio Fern\u00e1ndezAguirre\u201d, se cont\u00f3 con la presencia de la coordinadora de&#8230;<\/p>\n","protected":false},"author":1,"featured_media":26650,"comment_status":"closed","ping_status":"","sticky":false,"template":"","format":"standard","meta":{"footnotes":""},"categories":[7,2],"tags":[],"class_list":["post-26649","post","type-post","status-publish","format-standard","has-post-thumbnail","hentry","category-torreon","category-uadec","wpcat-7-id","wpcat-2-id"],"_links":{"self":[{"href":"https:\/\/www.aquilaguna.com\/index.php\/wp-json\/wp\/v2\/posts\/26649","targetHints":{"allow":["GET"]}}],"collection":[{"href":"https:\/\/www.aquilaguna.com\/index.php\/wp-json\/wp\/v2\/posts"}],"about":[{"href":"https:\/\/www.aquilaguna.com\/index.php\/wp-json\/wp\/v2\/types\/post"}],"author":[{"embeddable":true,"href":"https:\/\/www.aquilaguna.com\/index.php\/wp-json\/wp\/v2\/users\/1"}],"replies":[{"embeddable":true,"href":"https:\/\/www.aquilaguna.com\/index.php\/wp-json\/wp\/v2\/comments?post=26649"}],"version-history":[{"count":1,"href":"https:\/\/www.aquilaguna.com\/index.php\/wp-json\/wp\/v2\/posts\/26649\/revisions"}],"predecessor-version":[{"id":26651,"href":"https:\/\/www.aquilaguna.com\/index.php\/wp-json\/wp\/v2\/posts\/26649\/revisions\/26651"}],"wp:featuredmedia":[{"embeddable":true,"href":"https:\/\/www.aquilaguna.com\/index.php\/wp-json\/wp\/v2\/media\/26650"}],"wp:attachment":[{"href":"https:\/\/www.aquilaguna.com\/index.php\/wp-json\/wp\/v2\/media?parent=26649"}],"wp:term":[{"taxonomy":"category","embeddable":true,"href":"https:\/\/www.aquilaguna.com\/index.php\/wp-json\/wp\/v2\/categories?post=26649"},{"taxonomy":"post_tag","embeddable":true,"href":"https:\/\/www.aquilaguna.com\/index.php\/wp-json\/wp\/v2\/tags?post=26649"}],"curies":[{"name":"wp","href":"https:\/\/api.w.org\/{rel}","templated":true}]}}