{"id":26655,"date":"2025-06-12T16:08:59","date_gmt":"2025-06-12T22:08:59","guid":{"rendered":"https:\/\/www.aquilaguna.com\/?p=26655"},"modified":"2025-06-12T16:08:59","modified_gmt":"2025-06-12T22:08:59","slug":"conmemora-dif-torreon-el-dia-mundial-contra-el-trabajo-infantil","status":"publish","type":"post","link":"https:\/\/www.aquilaguna.com\/index.php\/2025\/06\/12\/conmemora-dif-torreon-el-dia-mundial-contra-el-trabajo-infantil\/","title":{"rendered":"Conmemora DIF Torre\u00f3n el \u201cD\u00eda Mundial contra el Trabajo Infantil\u201d."},"content":{"rendered":"\n<p><br>Torre\u00f3n, Coahuila. A 12 de junio de 2025.<\/p>\n\n\n\n<p>Con motivo del \u201cD\u00eda Mundial contra el Trabajo Infantil\u201d, el 12 de junio, el Sistema<br>para el Desarrollo Integral de la Familia (DIF) Torre\u00f3n llev\u00f3 a cabo una actividad<br>conmemorativa este jueves en la Plaza de Armas Torre\u00f3n.<\/p>\n\n\n\n<p>El evento incluy\u00f3 una exhibici\u00f3n de manualidades realizadas por menores del<br>programa \u201cNi\u00f1as y Ni\u00f1os con Esperanza\u201d de Casa Puente.<\/p>\n\n\n\n<p>La se\u00f1ora Selina Bremer de Cepeda, presidenta honoraria de DIF Torre\u00f3n, dirigi\u00f3<br>un mensaje en el que destac\u00f3 la importancia de proteger los derechos de la ni\u00f1ez,<br>garantizando su sano desarrollo y evitando que se vean obligados a realizar<br>trabajos que los expongan a situaciones de riesgo.<\/p>\n\n\n\n<p>\u201cNo debemos permitir que nuestros ni\u00f1os sean privados de su infancia. Cada<br>menor merece crecer en un entorno seguro, con acceso a la educaci\u00f3n, al juego y<br>al afecto. Nuestro compromiso como sociedad es velar por su bienestar\u201d.<\/p>\n\n\n\n<p>Por su parte, la directora general de DIF Torre\u00f3n, Marlene Mart\u00ednez Vald\u00e9s, se\u00f1al\u00f3<br>que por instrucciones del alcalde Rom\u00e1n Alberto Cepeda Gonz\u00e1lez, a trav\u00e9s del<br>programa Casa Puente se brinda atenci\u00f3n integral a menores en situaci\u00f3n de<br>trabajo de calle, riesgo o pertenecientes a poblaci\u00f3n ind\u00edgena.<\/p>\n\n\n\n<p>El objetivo es prevenir violaciones a sus derechos mediante actividades<br>recreativas, alimentaci\u00f3n y apoyo para la regularizaci\u00f3n escolar.<\/p>\n\n\n\n<p>\u201cCon Casa Puente buscamos cambiar vidas. Acompa\u00f1amos a las ni\u00f1as, ni\u00f1os y<br>adolescentes con acciones concretas que promueven su bienestar y los alejan de<br>contextos que atentan contra su dignidad y futuro\u201d.<\/p>\n\n\n\n<p>Durante el evento, los menores participantes cantaron, presentaron los trabajos<br>elaborados durante su estancia en Casa Puente, y compartieron un momento de<br>juegos y reflexi\u00f3n sobre sus derechos junto a la se\u00f1ora Selina Bremer.<\/p>\n\n\n\n<p>Cabe destacar que actualmente, Casa Puente atiende a 138 menores: 53 en<br>situaci\u00f3n de trabajo de calle, 31 en situaci\u00f3n de riesgo y 54 pertenecientes a<br>poblaci\u00f3n ind\u00edgena. El programa opera de lunes a viernes de 8:00 a 13:00 horas.<\/p>\n\n\n\n<p>Adem\u00e1s, la Direcci\u00f3n de Integraci\u00f3n Familiar realiza dos recorridos diarios por 14<br>colonias del municipio para detectar a menores en situaci\u00f3n vulnerable y se les<br>invita a las familias a integrarlos gratuitamente a Casa Puente, donde reciben<br>alimentaci\u00f3n, educaci\u00f3n, atenci\u00f3n psicol\u00f3gica y participan en actividades como<br>visitas al cine, teatro y otras din\u00e1micas formativas.<\/p>\n","protected":false},"excerpt":{"rendered":"<p>Torre\u00f3n, Coahuila. A 12 de junio de 2025. Con motivo del \u201cD\u00eda Mundial contra el Trabajo Infantil\u201d, el 12 de junio, el Sistemapara el Desarrollo Integral de la Familia (DIF) Torre\u00f3n llev\u00f3 a cabo una actividadconmemorativa este jueves en la Plaza de Armas Torre\u00f3n. El evento incluy\u00f3 una exhibici\u00f3n de manualidades realizadas por menores delprograma \u201cNi\u00f1as y Ni\u00f1os con Esperanza\u201d de Casa Puente. La se\u00f1ora Selina Bremer de Cepeda, presidenta&#8230;<\/p>\n","protected":false},"author":1,"featured_media":26656,"comment_status":"closed","ping_status":"","sticky":false,"template":"","format":"standard","meta":{"footnotes":""},"categories":[5,28,7],"tags":[],"class_list":["post-26655","post","type-post","status-publish","format-standard","has-post-thumbnail","hentry","category-coahuila","category-la-laguna","category-torreon","wpcat-5-id","wpcat-28-id","wpcat-7-id"],"_links":{"self":[{"href":"https:\/\/www.aquilaguna.com\/index.php\/wp-json\/wp\/v2\/posts\/26655","targetHints":{"allow":["GET"]}}],"collection":[{"href":"https:\/\/www.aquilaguna.com\/index.php\/wp-json\/wp\/v2\/posts"}],"about":[{"href":"https:\/\/www.aquilaguna.com\/index.php\/wp-json\/wp\/v2\/types\/post"}],"author":[{"embeddable":true,"href":"https:\/\/www.aquilaguna.com\/index.php\/wp-json\/wp\/v2\/users\/1"}],"replies":[{"embeddable":true,"href":"https:\/\/www.aquilaguna.com\/index.php\/wp-json\/wp\/v2\/comments?post=26655"}],"version-history":[{"count":1,"href":"https:\/\/www.aquilaguna.com\/index.php\/wp-json\/wp\/v2\/posts\/26655\/revisions"}],"predecessor-version":[{"id":26657,"href":"https:\/\/www.aquilaguna.com\/index.php\/wp-json\/wp\/v2\/posts\/26655\/revisions\/26657"}],"wp:featuredmedia":[{"embeddable":true,"href":"https:\/\/www.aquilaguna.com\/index.php\/wp-json\/wp\/v2\/media\/26656"}],"wp:attachment":[{"href":"https:\/\/www.aquilaguna.com\/index.php\/wp-json\/wp\/v2\/media?parent=26655"}],"wp:term":[{"taxonomy":"category","embeddable":true,"href":"https:\/\/www.aquilaguna.com\/index.php\/wp-json\/wp\/v2\/categories?post=26655"},{"taxonomy":"post_tag","embeddable":true,"href":"https:\/\/www.aquilaguna.com\/index.php\/wp-json\/wp\/v2\/tags?post=26655"}],"curies":[{"name":"wp","href":"https:\/\/api.w.org\/{rel}","templated":true}]}}