{"id":26665,"date":"2025-06-12T16:18:56","date_gmt":"2025-06-12T22:18:56","guid":{"rendered":"https:\/\/www.aquilaguna.com\/?p=26665"},"modified":"2025-06-12T16:18:56","modified_gmt":"2025-06-12T22:18:56","slug":"instalaran-camara-de-videovigilancia-en-coliseo-centenario","status":"publish","type":"post","link":"https:\/\/www.aquilaguna.com\/index.php\/2025\/06\/12\/instalaran-camara-de-videovigilancia-en-coliseo-centenario\/","title":{"rendered":"Instalar\u00e1n c\u00e1mara de videovigilancia en Coliseo Centenario."},"content":{"rendered":"\n<p>Torre\u00f3n, Coahuila.- Apenas se lleg\u00f3 a un acuerdo, para instalar\u00a0una c\u00e1mara de vigilancia,\u00a0cuyo costo, correr\u00e1 a cargo de los empresarios del Coliseo Centenario, cuya falta fue expuesta tras el incidente\u00a0que tuviera como protagonista principal al diputado de MORENA, Antonio Atollini Murra.<\/p>\n\n\n\n<p>Lo anterior fue dado a conocer esta ma\u00f1ana, por el Coordinador de la Direcci\u00f3n de Seguridad P\u00fablica Municipal, Alfredo Flores Originales,&nbsp;indicando que &#8220;nos coordinamos para empezar a tratar el tema de esas cameras&#8221;, dijo, &#8220;con los encargados del Coliseo&nbsp; por parte nuestra y con el proveedor de las c\u00e1maras, se&nbsp;va a hablar hoy&#8221;.&nbsp;<\/p>\n\n\n\n<p>Es un proveedor, dijo, &#8220;que nos vende c\u00e1maras especializadas. Yo no tengo el dato&#8221;, expres\u00f3 cuando se le pregunt\u00f3 por el nombre del citado, solo anticip\u00f3 que &#8220;es un proveedor externo&#8221;.<\/p>\n\n\n\n<p>Nos las vende, dijo luego, &#8220;porque son espec\u00edficas y se puedan conectar luego al C-2 de nosotros&#8221;.<\/p>\n\n\n\n<p>Explic\u00f3 que &#8220;deben de ser de alta gama, con\u00a0reconocimiento facial, con reconocimiento de placas, deben de tener\u00a0la tecnolog\u00eda que les permita vincularse con las que nosotros tenemos&#8221;.<\/p>\n\n\n\n<p>&#8220;Si vinculas una c\u00e1mara que no es de la misma\u00a0 calidad, eso no se puede&#8221;.<\/p>\n\n\n\n<p>\u00a0Sobre el costo estimado de l gasto o inversi\u00f3n que estar\u00e1n realizando los empresarios que representan a la empresa Coliseo Centenario, el jefe policiaco manifest\u00f3 desconocerlo, toda vez\u00a0que &#8220;el tema lo maneja\u00a0 el municipio&#8221;.\u00a0<\/p>\n\n\n\n<p>&#8220;Se esta manejando el acuerdo&#8221;, asever\u00f3 luego, &#8220;para ver cu\u00e1ntas se\u00a0van a utilizar y posiblemente salgan la pr\u00f3xima semana\u00a0 las tengan ya ubicadas en el Coliseo&#8221;.<\/p>\n\n\n\n<p>Preguntado sobre\u00a0si particip\u00f3 en la decisi\u00f3n de colocar tales c\u00e1maras en\u00a0la empresa\u00a0 citada, la decisi\u00f3n que har\u00e1 colocar tales instrumentos de vigilancia en ese centro de recreaci\u00f3n, manifest\u00f3 que, &#8220;no, yo solo tengo por ahora\u00a0las que est\u00e1n instaladas\u00a0en el Estadio de\u00a0Beisbol y en el estadio\u00a0de futbol&#8221;.\u00a0<\/p>\n\n\n\n<p>Concluy\u00f3 diciendo que &#8220;las C\u00e1maras del Coliseo ser\u00e1n adquiridas por los empresarios del sitio, a nosotros nos toca luego su vigilancia y mantenimiento&#8221;.\u00a0<\/p>\n\n\n\n<p><strong>LOS MARINOS YA NADAN EN ESTA&nbsp; LAGUNA.<\/strong><\/p>\n\n\n\n<p>En otro orden de ideas, y en relaci\u00f3n a fecha de arribo de elementos de la Secretar\u00eda de Marina para operar en esa regi\u00f3n,\u00a0indic\u00f3 que &#8220;esos ya andan por aqu\u00ed,\u00a0ellos\u00a0traen su\u00a0tema operativo, hacen su trabajo, solo que se manejan diferente&#8221;.<\/p>\n\n\n\n<p>\u00a0Con todo y ello, afirm\u00f3 que\u00a0&#8220;se cuenta con la debida coordinaci\u00f3n\u00a0 para poder trabajar&#8221;.<\/p>\n","protected":false},"excerpt":{"rendered":"<p>Torre\u00f3n, Coahuila.- Apenas se lleg\u00f3 a un acuerdo, para instalar\u00a0una c\u00e1mara de vigilancia,\u00a0cuyo costo, correr\u00e1 a cargo de los empresarios del Coliseo Centenario, cuya falta fue expuesta tras el incidente\u00a0que tuviera como protagonista principal al diputado de MORENA, Antonio Atollini Murra. Lo anterior fue dado a conocer esta ma\u00f1ana, por el Coordinador de la Direcci\u00f3n de Seguridad P\u00fablica Municipal, Alfredo Flores Originales,&nbsp;indicando que &#8220;nos coordinamos para empezar a tratar el&#8230;<\/p>\n","protected":false},"author":2,"featured_media":0,"comment_status":"closed","ping_status":"","sticky":false,"template":"","format":"standard","meta":{"footnotes":""},"categories":[5,28,24,7],"tags":[],"class_list":["post-26665","post","type-post","status-publish","format-standard","hentry","category-coahuila","category-la-laguna","category-seguridad","category-torreon","wpcat-5-id","wpcat-28-id","wpcat-24-id","wpcat-7-id"],"_links":{"self":[{"href":"https:\/\/www.aquilaguna.com\/index.php\/wp-json\/wp\/v2\/posts\/26665","targetHints":{"allow":["GET"]}}],"collection":[{"href":"https:\/\/www.aquilaguna.com\/index.php\/wp-json\/wp\/v2\/posts"}],"about":[{"href":"https:\/\/www.aquilaguna.com\/index.php\/wp-json\/wp\/v2\/types\/post"}],"author":[{"embeddable":true,"href":"https:\/\/www.aquilaguna.com\/index.php\/wp-json\/wp\/v2\/users\/2"}],"replies":[{"embeddable":true,"href":"https:\/\/www.aquilaguna.com\/index.php\/wp-json\/wp\/v2\/comments?post=26665"}],"version-history":[{"count":1,"href":"https:\/\/www.aquilaguna.com\/index.php\/wp-json\/wp\/v2\/posts\/26665\/revisions"}],"predecessor-version":[{"id":26666,"href":"https:\/\/www.aquilaguna.com\/index.php\/wp-json\/wp\/v2\/posts\/26665\/revisions\/26666"}],"wp:attachment":[{"href":"https:\/\/www.aquilaguna.com\/index.php\/wp-json\/wp\/v2\/media?parent=26665"}],"wp:term":[{"taxonomy":"category","embeddable":true,"href":"https:\/\/www.aquilaguna.com\/index.php\/wp-json\/wp\/v2\/categories?post=26665"},{"taxonomy":"post_tag","embeddable":true,"href":"https:\/\/www.aquilaguna.com\/index.php\/wp-json\/wp\/v2\/tags?post=26665"}],"curies":[{"name":"wp","href":"https:\/\/api.w.org\/{rel}","templated":true}]}}