{"id":26670,"date":"2025-06-12T22:51:28","date_gmt":"2025-06-13T04:51:28","guid":{"rendered":"https:\/\/www.aquilaguna.com\/?p=26670"},"modified":"2025-06-12T22:51:28","modified_gmt":"2025-06-13T04:51:28","slug":"avanza-con-exito-gran-programa-de-operaciones-de-cataratas-en-coahuila-manolo","status":"publish","type":"post","link":"https:\/\/www.aquilaguna.com\/index.php\/2025\/06\/12\/avanza-con-exito-gran-programa-de-operaciones-de-cataratas-en-coahuila-manolo\/","title":{"rendered":"AVANZA CON \u00c9XITO GRAN PROGRAMA DE OPERACIONES DE CATARATAS EN COAHUILA: MANOLO."},"content":{"rendered":"\n<p>Saltillo, Coahuila de Zaragoza; a 12 de junio de 2025.- El gobernador Manolo Jim\u00e9nez Salinas presidi\u00f3 la ceremonia con la que inici\u00f3 el retiro de parches a 566 personas en el marco de la Jornada de Cirug\u00edas de Cataratas, programa mediante el cual se ha beneficiado a poco m\u00e1s de 800 personas en este mes, de las regiones centro y Sureste de nuestro estado, y que mejora su calidad de vida.<\/p>\n\n\n\n<p>&#8220;Con el Programa de Operaci\u00f3n de Cataratas, operamos a 850 coahuilenses, en su mayor\u00eda adultos mayores que ya pueden ver mejor. Hoy estuvimos en Saltillo quitando los parches y siendo testigos de los grandes beneficios de este s\u00faper programa. Adem\u00e1s, fue un gusto celebrar con ustedes mi cumplea\u00f1os. Seguiremos trabajando puro pa&#8217;delante para bien de nuestra gente. \u00a1Muchas gracias por todo!&#8221;, se\u00f1al\u00f3.<\/p>\n\n\n\n<p>Manolo Jim\u00e9nez mencion\u00f3 que no hay mejor manera de celebrar su cumplea\u00f1os que asistiendo a un evento tan importante como \u00e9ste, que le cambia la vida a las personas beneficiadas.<\/p>\n\n\n\n<p>\u201cInvertir en programas como este, trabajar con programas como este, realmente le cambia la vida a la gente. Y el objetivo que tenemos en todo lo que hacemos es justamente eso, que todo lo que vayamos haciendo se traduzca en que nuestra gente viva mejor\u201d, expres\u00f3..<\/p>\n\n\n\n<p>Agradeci\u00f3 al alcalde Javier D\u00edaz Gonz\u00e1lez la coordinaci\u00f3n para poder concretar estas operaciones, ya que, dijo, la mitad de este programa se realiza en equipo con el municipio de Saltillo.<\/p>\n\n\n\n<p>Jim\u00e9nez Salinas coment\u00f3 que estas jornadas de cirug\u00edas de cataratas son parte de las diversas acciones que se han detonado en su administraci\u00f3n en materia de salud, y enumer\u00f3 alguno de los programas que se est\u00e1n operando, como el Gran Programa de Salud Popular, con el cual se rehabilitaron 133 centros de salud en el estado, en donde se atienden principalmente los habitantes de colonias o de ejidos.<\/p>\n\n\n\n<p>Adem\u00e1s de que se entreg\u00f3 la Tarjeta de la Salud Popular a personas de la tercera edad que no cuentan con seguridad social, tarjeta con la que tienen acceso a medicamentos, consultas, an\u00e1lisis y operaciones completamente gratuitas.<\/p>\n\n\n\n<p>Adem\u00e1s, desde estos centros de salud, los beneficiarios pueden consultar con especialistas desde el Centro de Telemedicina instalado en Saltillo.<\/p>\n\n\n\n<p>Manolo Jim\u00e9nez reiter\u00f3 que, sin duda, Coahuila es uno de los mejores lugares de M\u00e9xico para vivir, porque adem\u00e1s de todos los programas y obras sociales, en nuestra entidad hay seguridad.<\/p>\n\n\n\n<p>\u201cPor eso es muy importante que sigamos trabajando en unidad, que sigamos trabajando en equipo para, juntos, construir la grandeza de Coahuila, la grandeza de M\u00e9xico y la grandeza de nuestras familias\u201d, subray\u00f3 el Gobernador de Coahuila.<\/p>\n\n\n\n<p>Eliud Aguirre V\u00e1zquez, secretario de Salud en la entidad, expres\u00f3 que gracias al trabajo coordinado con la estrategia Mejora y del Sistema DIF Coahuila, en lo que va del presente a\u00f1o se han realizado dos jornadas de valoraciones enfocadas principalmente a pacientes de la tercera edad.&nbsp;<\/p>\n\n\n\n<p>La primera de ellas, agreg\u00f3, fue en Monclova; y la segunda es esta de Saltillo.<\/p>\n\n\n\n<p>Javier D\u00edaz Gonz\u00e1lez, alcalde de Saltillo, mencion\u00f3 que este evento es una muestra de que cuando los diferentes \u00f3rdenes de gobierno trabajan de manera coordinada, se puede impactar positivamente en la calidad de vida de m\u00e1s coahuilenses.<\/p>\n\n\n\n<p>Refrend\u00f3 su compromiso de seguir trabajando en equipo con el gobierno de Manolo Jim\u00e9nez para que Saltillo siga siendo una de las mejores ciudades para vivir.<\/p>\n\n\n\n<p>Karla Paola Nava Ni\u00f1o, beneficiaria de estas cirug\u00edas, agradeci\u00f3 a Manolo Jim\u00e9nez por llevar a cabo este tipo de operaciones totalmente gratuitas, que incluyen registro, valoraci\u00f3n, cirug\u00eda y seguimiento oftalmol\u00f3gico.<\/p>\n\n\n\n<p>En esta ceremonia acompa\u00f1aron al gobernador, adem\u00e1s, Paola Rodr\u00edguez L\u00f3pez, presidenta honoraria de Inspira Coahuila; Luz Elena Morales N\u00fa\u00f1ez, diputada presidenta de la Junta de Gobierno del Congreso del Estado; Luly L\u00f3pez de D\u00edaz, presidenta honoraria de DIF Municipal; Jeric\u00f3 Abramo Masso, diputado federal; Liliana Salinas Valdez, presidenta honoraria del DIF Coahuila; Gabriel Elizondo P\u00e9rez, Coordinador General de Mejora Coahuila; Bertha Castellanos Mu\u00f1oz, directora general del Centro Estatal del Adulto Mayor.<\/p>\n","protected":false},"excerpt":{"rendered":"<p>Saltillo, Coahuila de Zaragoza; a 12 de junio de 2025.- El gobernador Manolo Jim\u00e9nez Salinas presidi\u00f3 la ceremonia con la que inici\u00f3 el retiro de parches a 566 personas en el marco de la Jornada de Cirug\u00edas de Cataratas, programa mediante el cual se ha beneficiado a poco m\u00e1s de 800 personas en este mes, de las regiones centro y Sureste de nuestro estado, y que mejora su calidad de&#8230;<\/p>\n","protected":false},"author":1,"featured_media":26671,"comment_status":"closed","ping_status":"","sticky":false,"template":"","format":"standard","meta":{"footnotes":""},"categories":[5,15,14],"tags":[],"class_list":["post-26670","post","type-post","status-publish","format-standard","has-post-thumbnail","hentry","category-coahuila","category-gobierno-de-coahuila","category-salud","wpcat-5-id","wpcat-15-id","wpcat-14-id"],"_links":{"self":[{"href":"https:\/\/www.aquilaguna.com\/index.php\/wp-json\/wp\/v2\/posts\/26670","targetHints":{"allow":["GET"]}}],"collection":[{"href":"https:\/\/www.aquilaguna.com\/index.php\/wp-json\/wp\/v2\/posts"}],"about":[{"href":"https:\/\/www.aquilaguna.com\/index.php\/wp-json\/wp\/v2\/types\/post"}],"author":[{"embeddable":true,"href":"https:\/\/www.aquilaguna.com\/index.php\/wp-json\/wp\/v2\/users\/1"}],"replies":[{"embeddable":true,"href":"https:\/\/www.aquilaguna.com\/index.php\/wp-json\/wp\/v2\/comments?post=26670"}],"version-history":[{"count":1,"href":"https:\/\/www.aquilaguna.com\/index.php\/wp-json\/wp\/v2\/posts\/26670\/revisions"}],"predecessor-version":[{"id":26672,"href":"https:\/\/www.aquilaguna.com\/index.php\/wp-json\/wp\/v2\/posts\/26670\/revisions\/26672"}],"wp:featuredmedia":[{"embeddable":true,"href":"https:\/\/www.aquilaguna.com\/index.php\/wp-json\/wp\/v2\/media\/26671"}],"wp:attachment":[{"href":"https:\/\/www.aquilaguna.com\/index.php\/wp-json\/wp\/v2\/media?parent=26670"}],"wp:term":[{"taxonomy":"category","embeddable":true,"href":"https:\/\/www.aquilaguna.com\/index.php\/wp-json\/wp\/v2\/categories?post=26670"},{"taxonomy":"post_tag","embeddable":true,"href":"https:\/\/www.aquilaguna.com\/index.php\/wp-json\/wp\/v2\/tags?post=26670"}],"curies":[{"name":"wp","href":"https:\/\/api.w.org\/{rel}","templated":true}]}}