{"id":26673,"date":"2025-06-13T20:06:15","date_gmt":"2025-06-14T02:06:15","guid":{"rendered":"https:\/\/www.aquilaguna.com\/?p=26673"},"modified":"2025-06-13T20:06:15","modified_gmt":"2025-06-14T02:06:15","slug":"capacita-uadec-a-sus-tutores-con-el-taller-contenidos-y-alcances-de-los-reglamentos-en-instituciones-educativas","status":"publish","type":"post","link":"https:\/\/www.aquilaguna.com\/index.php\/2025\/06\/13\/capacita-uadec-a-sus-tutores-con-el-taller-contenidos-y-alcances-de-los-reglamentos-en-instituciones-educativas\/","title":{"rendered":"Capacita UAdeC a sus Tutores con el Taller \u201cContenidos y Alcances de los Reglamentos en Instituciones Educativas\u201d."},"content":{"rendered":"\n<p>SALTILLO, Coahuila. 13 de junio de 2025. Gracias a la colaboraci\u00f3n entre la<br>Universidad Aut\u00f3noma de Coahuila y la Casa de la Cultura Jur\u00eddica de la Suprema<br>Corte de Justicia de la Naci\u00f3n, se contin\u00faa con la capacitaci\u00f3n de tutores, por lo cual<br>se inaugur\u00f3 el segundo taller \u201cContenidos y Alcances de los Reglamentos en<br>Instituciones Educativas\u201d.<\/p>\n\n\n\n<p>Es impartido por la Mtra. Silvia Cecilia Canales Siller, quien es Abogada Especialista<br>en Materia de Derechos Humanos, y por la Mtra. Andrea Delgado Quintero,<br>secretaria t\u00e9cnica de la Comisi\u00f3n de Gobernaci\u00f3n, Puntos Constitucionales y Justicia<br>del Congreso del Estado de Coahuila.<\/p>\n\n\n\n<p>Durante el evento se cont\u00f3 con la presencia del director de la Casa de la Cultura<br>Jur\u00eddica de la Suprema Corte de Justicia de la Naci\u00f3n sede Saltillo, Roberto<br>Giacoman Gidi, el subdirector de Superaci\u00f3n Acad\u00e9mica de la UAdeC, Jes\u00fas<br>Rabindranath Galv\u00e1n Gil y la coordinadora del Programa Institucional de Tutor\u00edas,<br>Ver\u00f3nica Nieto Camacho.<\/p>\n\n\n\n<p>El taller tiene como objetico analizar los reglamentos de la Universidad Aut\u00f3noma de<br>Coahuila para convertirlos en una herramienta jur\u00eddica de apoyo al quehacer<br>acad\u00e9mico y en la tutor\u00eda universitaria, ya que el fin es revisar los reglamentos<br>internos de cada escuela y facultad para transformarlos en un instrumento de apoyo<br>a la pr\u00e1ctica tutorial.<\/p>\n\n\n\n<p>El director de la Casa de la Cultura Jur\u00eddica de la Suprema Corte de Justicia de la<br>Naci\u00f3n sede Saltillo, Roberto Giacoman Gidi, coment\u00f3 que esta alianza es<br>fundamental para las instituciones p\u00fablicas y en especial de esta casa de estudios,<br>para la actualizaci\u00f3n y procuraci\u00f3n de un estado de derecho en la sociedad.<\/p>\n\n\n\n<p>Por su parte, el subdirector de Superaci\u00f3n Acad\u00e9mica de la UAdeC, Jes\u00fas<br>Rabindranath Galv\u00e1n Gil, destac\u00f3 la importancia de esta colaboraci\u00f3n con la Casa<br>de la Cultura Jur\u00eddica de la Suprema Corte de Justicia de la Naci\u00f3n, para con ello<br>resolver temas de capacitaci\u00f3n altamente especializada para las tutoras y tutores de<br>la m\u00e1xima casa de estudios.<\/p>\n","protected":false},"excerpt":{"rendered":"<p>SALTILLO, Coahuila. 13 de junio de 2025. Gracias a la colaboraci\u00f3n entre laUniversidad Aut\u00f3noma de Coahuila y la Casa de la Cultura Jur\u00eddica de la SupremaCorte de Justicia de la Naci\u00f3n, se contin\u00faa con la capacitaci\u00f3n de tutores, por lo cualse inaugur\u00f3 el segundo taller \u201cContenidos y Alcances de los Reglamentos enInstituciones Educativas\u201d. Es impartido por la Mtra. Silvia Cecilia Canales Siller, quien es Abogada Especialistaen Materia de Derechos Humanos,&#8230;<\/p>\n","protected":false},"author":1,"featured_media":26674,"comment_status":"closed","ping_status":"","sticky":false,"template":"","format":"standard","meta":{"footnotes":""},"categories":[2],"tags":[],"class_list":["post-26673","post","type-post","status-publish","format-standard","has-post-thumbnail","hentry","category-uadec","wpcat-2-id"],"_links":{"self":[{"href":"https:\/\/www.aquilaguna.com\/index.php\/wp-json\/wp\/v2\/posts\/26673","targetHints":{"allow":["GET"]}}],"collection":[{"href":"https:\/\/www.aquilaguna.com\/index.php\/wp-json\/wp\/v2\/posts"}],"about":[{"href":"https:\/\/www.aquilaguna.com\/index.php\/wp-json\/wp\/v2\/types\/post"}],"author":[{"embeddable":true,"href":"https:\/\/www.aquilaguna.com\/index.php\/wp-json\/wp\/v2\/users\/1"}],"replies":[{"embeddable":true,"href":"https:\/\/www.aquilaguna.com\/index.php\/wp-json\/wp\/v2\/comments?post=26673"}],"version-history":[{"count":1,"href":"https:\/\/www.aquilaguna.com\/index.php\/wp-json\/wp\/v2\/posts\/26673\/revisions"}],"predecessor-version":[{"id":26675,"href":"https:\/\/www.aquilaguna.com\/index.php\/wp-json\/wp\/v2\/posts\/26673\/revisions\/26675"}],"wp:featuredmedia":[{"embeddable":true,"href":"https:\/\/www.aquilaguna.com\/index.php\/wp-json\/wp\/v2\/media\/26674"}],"wp:attachment":[{"href":"https:\/\/www.aquilaguna.com\/index.php\/wp-json\/wp\/v2\/media?parent=26673"}],"wp:term":[{"taxonomy":"category","embeddable":true,"href":"https:\/\/www.aquilaguna.com\/index.php\/wp-json\/wp\/v2\/categories?post=26673"},{"taxonomy":"post_tag","embeddable":true,"href":"https:\/\/www.aquilaguna.com\/index.php\/wp-json\/wp\/v2\/tags?post=26673"}],"curies":[{"name":"wp","href":"https:\/\/api.w.org\/{rel}","templated":true}]}}