{"id":26676,"date":"2025-06-13T20:07:38","date_gmt":"2025-06-14T02:07:38","guid":{"rendered":"https:\/\/www.aquilaguna.com\/?p=26676"},"modified":"2025-06-13T20:07:38","modified_gmt":"2025-06-14T02:07:38","slug":"continua-el-dr-gustavo-felix-verduzco-como-director-del-centro-de-investigaciones-socioeconomicas-de-la-uadec","status":"publish","type":"post","link":"https:\/\/www.aquilaguna.com\/index.php\/2025\/06\/13\/continua-el-dr-gustavo-felix-verduzco-como-director-del-centro-de-investigaciones-socioeconomicas-de-la-uadec\/","title":{"rendered":"Contin\u00faa el Dr. Gustavo F\u00e9lix Verduzco como Director del Centro de Investigaciones Socioecon\u00f3micas de la UAdeC."},"content":{"rendered":"\n<p>SALTILLO, Coahuila. 13 de junio de 2025. Para dar continuidad a los proyectos del<br>Centro de Investigaciones Socioecon\u00f3micas (CISE) de la Universidad Aut\u00f3noma de<br>Coahuila, la Academia de Investigadores del Centro y de acuerdo a su reglamento<br>interno, eligi\u00f3 al Dr. Gustavo F\u00e9lix Verduzco como director para el periodo 2025-<br>2028.<\/p>\n\n\n\n<p>En la Sala de Juntas del Despacho de la Rector\u00eda, acompa\u00f1ado por el director de<br>Investigaci\u00f3n y Posgrado, Luis Guti\u00e9rrez Flores, y maestros del CISE, el rector<br>Octavio Pimentel Mart\u00ednez le entreg\u00f3 su nombramiento como titular del Centro, el<br>cual, dijo es referente nacional.<\/p>\n\n\n\n<p>\u201cFelicidades Dr. Gustavo creo que conoce muy bien la operaci\u00f3n del CISE, pues con<br>los resultados que han tenido es importante dar continuidad en la misma l\u00ednea de<br>trabajo, por ello el crecimiento y el apoyo es algo que queremos hacer y que<br>seguiremos potencializando, de la mano con las y los investigadores para el<br>desarrollo de proyectos que apuesten a la soluci\u00f3n de problemas regionales, como lo<br>indica la Secretar\u00eda de Ciencia Humanidades y Tecnolog\u00eda\u201d, afirm\u00f3 el Rector.<\/p>\n\n\n\n<p>Agreg\u00f3 que otra de las tareas fundamentales es incrementar la matr\u00edcula de los<br>posgrados, seguir apost\u00e1ndole a la generaci\u00f3n del conocimiento, la consolidaci\u00f3n de<br>los programas con el nivel de exigencia al docente, al estudiante, por ello a todos los<br>proyectos que emprendan les reiter\u00f3 el apoyo de la administraci\u00f3n central.<\/p>\n\n\n\n<p>El director Investigaci\u00f3n y Posgrado, Luis Guti\u00e9rrez Flores, agradeci\u00f3 al Rector por el<br>respaldo permanente a las y los investigadores y, a los proyectos que se desarrollan<br>en los distintos Centros de Investigaci\u00f3n de la m\u00e1xima casa de estudios, sobre todo<br>en la consolidaci\u00f3n de la planta docente.<\/p>\n\n\n\n<p>Por su parte, el Dr. Gustavo F\u00e9lix Verduzco director del CISE, afirm\u00f3 que gracias a la<br>confianza de sus colegas y a la de las autoridades por seguir al frente para cumplir<br>con compromisos y objetivos de investigaci\u00f3n y posgrado, que ponen al centro y a la<br>Universidad en lugares muy importantes a nivel nacional.<\/p>\n\n\n\n<p>Anunci\u00f3 que recibieron 52 propuestas para seleccionar a cuatro investigadores<br>nuevos, dos de ellos procedentes de Veracruz y de Sinaloa; aunado a ello, dijo que,<br>se revisan los planes de estudio y abrir\u00e1n nueva oferta acad\u00e9mica, como cursos,<br>diplomados, especialidades hacia un p\u00fablico de profesionistas que quieran ir<br>aumentando sus habilidades en la pr\u00e1ctica laboral, como por ejemplo metodolog\u00edas<br>para el an\u00e1lisis de datos.<\/p>\n\n\n\n<p>El Dr. Gustavo F\u00e9lix Verduzco es Economista por la Universidad Aut\u00f3noma de<br>Sinaloa; tiene Menci\u00f3n Honor\u00edfica como Maestro en Econom\u00eda Aplicada en el<\/p>\n\n\n\n<p>Colegio de la Frontera Norte; Matr\u00edcula de Honor como Maestro en Econom\u00eda<br>Regional y Urbana por la Universidad Aut\u00f3noma de Barcelona; graduado Cum Laude<br>como Doctor en Econom\u00eda por la Universidad Aut\u00f3noma de Barcelona.<\/p>\n\n\n\n<p>Ha sido consultor para proyectos de investigaci\u00f3n espec\u00edficos de la CEPAL, de la<br>Fundaci\u00f3n Friedrich Hebert, de dependencias p\u00fablicas federales y estatales, as\u00ed<br>como de empresas y corporativos industriales; ha desarrollado investigaci\u00f3n y<br>docencia en instituciones acad\u00e9micas como El Colegio de la Frontera Norte, ITESM<br>(Campus Saltillo), Instituto de Estudios Superiores de Tamaulipas e Investigador<br>Visitante en la Universidad de Maryland.<\/p>\n\n\n\n<p>Ha dirigido varias tesis de maestr\u00eda y doctorado, sus temas actuales de investigaci\u00f3n<br>tratan sobre pobreza, industrializaci\u00f3n regional, cambio tecnol\u00f3gico, capital humano<br>y, mercado laboral; es autor de varios libros y trabajos, imparte los cursos de<br>Econometr\u00eda I y II de la Maestr\u00eda en Econom\u00eda Regional, as\u00ed como el Seminario<br>sobre la Nueva Geograf\u00eda Econ\u00f3mica en el Doctorado en Econom\u00eda Regional.<\/p>\n","protected":false},"excerpt":{"rendered":"<p>SALTILLO, Coahuila. 13 de junio de 2025. Para dar continuidad a los proyectos delCentro de Investigaciones Socioecon\u00f3micas (CISE) de la Universidad Aut\u00f3noma deCoahuila, la Academia de Investigadores del Centro y de acuerdo a su reglamentointerno, eligi\u00f3 al Dr. Gustavo F\u00e9lix Verduzco como director para el periodo 2025-2028. En la Sala de Juntas del Despacho de la Rector\u00eda, acompa\u00f1ado por el director deInvestigaci\u00f3n y Posgrado, Luis Guti\u00e9rrez Flores, y maestros del&#8230;<\/p>\n","protected":false},"author":1,"featured_media":26677,"comment_status":"closed","ping_status":"","sticky":false,"template":"","format":"standard","meta":{"footnotes":""},"categories":[2],"tags":[],"class_list":["post-26676","post","type-post","status-publish","format-standard","has-post-thumbnail","hentry","category-uadec","wpcat-2-id"],"_links":{"self":[{"href":"https:\/\/www.aquilaguna.com\/index.php\/wp-json\/wp\/v2\/posts\/26676","targetHints":{"allow":["GET"]}}],"collection":[{"href":"https:\/\/www.aquilaguna.com\/index.php\/wp-json\/wp\/v2\/posts"}],"about":[{"href":"https:\/\/www.aquilaguna.com\/index.php\/wp-json\/wp\/v2\/types\/post"}],"author":[{"embeddable":true,"href":"https:\/\/www.aquilaguna.com\/index.php\/wp-json\/wp\/v2\/users\/1"}],"replies":[{"embeddable":true,"href":"https:\/\/www.aquilaguna.com\/index.php\/wp-json\/wp\/v2\/comments?post=26676"}],"version-history":[{"count":1,"href":"https:\/\/www.aquilaguna.com\/index.php\/wp-json\/wp\/v2\/posts\/26676\/revisions"}],"predecessor-version":[{"id":26678,"href":"https:\/\/www.aquilaguna.com\/index.php\/wp-json\/wp\/v2\/posts\/26676\/revisions\/26678"}],"wp:featuredmedia":[{"embeddable":true,"href":"https:\/\/www.aquilaguna.com\/index.php\/wp-json\/wp\/v2\/media\/26677"}],"wp:attachment":[{"href":"https:\/\/www.aquilaguna.com\/index.php\/wp-json\/wp\/v2\/media?parent=26676"}],"wp:term":[{"taxonomy":"category","embeddable":true,"href":"https:\/\/www.aquilaguna.com\/index.php\/wp-json\/wp\/v2\/categories?post=26676"},{"taxonomy":"post_tag","embeddable":true,"href":"https:\/\/www.aquilaguna.com\/index.php\/wp-json\/wp\/v2\/tags?post=26676"}],"curies":[{"name":"wp","href":"https:\/\/api.w.org\/{rel}","templated":true}]}}