{"id":26679,"date":"2025-06-13T20:11:12","date_gmt":"2025-06-14T02:11:12","guid":{"rendered":"https:\/\/www.aquilaguna.com\/?p=26679"},"modified":"2025-06-13T20:11:12","modified_gmt":"2025-06-14T02:11:12","slug":"celebran-el-dia-del-padre-en-la-guarderia-de-seguridad-publica-de-dif-torreon","status":"publish","type":"post","link":"https:\/\/www.aquilaguna.com\/index.php\/2025\/06\/13\/celebran-el-dia-del-padre-en-la-guarderia-de-seguridad-publica-de-dif-torreon\/","title":{"rendered":"Celebran el D\u00eda del Padre en la Guarder\u00eda de Seguridad P\u00fablica de DIF Torre\u00f3n."},"content":{"rendered":"\n<p>Torre\u00f3n, Coahuila. A 13 de junio de 2025.<\/p>\n\n\n\n<p>En conmemoraci\u00f3n del D\u00eda del Padre, este viernes el personal de la Guarder\u00eda de<br>la Direcci\u00f3n de Seguridad P\u00fablica Municipal (DSPM) del Sistema para el<br>Desarrollo Integral de la Familia (DIF) Torre\u00f3n, organiz\u00f3 un emotivo convivio para<br>los usuarios de este centro.<\/p>\n\n\n\n<p>La se\u00f1ora Selina Bremer de Cepeda, presidenta honoraria del organismo, se\u00f1al\u00f3<br>que con esta celebraci\u00f3n se reconoce el trabajo y esfuerzo diario de quienes cada<br>d\u00eda salen a buscar un futuro pr\u00f3spero para sus familias y a construir un Torre\u00f3n<br>mejor.<\/p>\n\n\n\n<p>\u201cPara nosotros, cada pap\u00e1 que conf\u00eda en la Guarder\u00eda de la DSPM es un ejemplo<br>de compromiso y amor. Hoy les rendimos un peque\u00f1o homenaje con cari\u00f1o y<br>gratitud\u201d.<\/p>\n\n\n\n<p>Por su parte, la directora general de DIF Torre\u00f3n, Marlene Mart\u00ednez Valdez,<br>destac\u00f3 que la indicaci\u00f3n de alcalde Rom\u00e1n Alberto Cepeda Gonz\u00e1lez es que la<br>guarder\u00eda brinde atenci\u00f3n integral a las hijas e hijos de personal de seguridad<br>p\u00fablica de los tres \u00f3rdenes de Gobierno, as\u00ed como de servidores p\u00fablicos<br>municipales, garantizando espacios seguros y de calidad para el desarrollo<br>integral de los menores.<\/p>\n\n\n\n<p>\u201cNuestro compromiso es cuidar y formar a los ni\u00f1os y ni\u00f1as mientras sus padres<br>protegen y sirven a la comunidad, ellos merecen un servicio de excelencia y el<br>respaldo de un equipo profesional\u201d, afirm\u00f3.<\/p>\n\n\n\n<p>Al festejo acudieron alrededor de 40 padres de familia junto a sus hijos e hijas,<br>reforzando la importancia de la integraci\u00f3n familiar y la sana convivencia en las<br>instalaciones de la guarder\u00eda.<\/p>\n\n\n\n<p>Con actividades recreativas y momentos de cercan\u00eda, DIF Torre\u00f3n concluy\u00f3 la<br>jornada reafirmando su misi\u00f3n de acompa\u00f1ar y fortalecer a las familias de la<br>regi\u00f3n.<\/p>\n","protected":false},"excerpt":{"rendered":"<p>Torre\u00f3n, Coahuila. A 13 de junio de 2025. En conmemoraci\u00f3n del D\u00eda del Padre, este viernes el personal de la Guarder\u00eda dela Direcci\u00f3n de Seguridad P\u00fablica Municipal (DSPM) del Sistema para elDesarrollo Integral de la Familia (DIF) Torre\u00f3n, organiz\u00f3 un emotivo convivio paralos usuarios de este centro. La se\u00f1ora Selina Bremer de Cepeda, presidenta honoraria del organismo, se\u00f1al\u00f3que con esta celebraci\u00f3n se reconoce el trabajo y esfuerzo diario de quienes&#8230;<\/p>\n","protected":false},"author":1,"featured_media":26680,"comment_status":"closed","ping_status":"","sticky":false,"template":"","format":"standard","meta":{"footnotes":""},"categories":[5,28,7],"tags":[],"class_list":["post-26679","post","type-post","status-publish","format-standard","has-post-thumbnail","hentry","category-coahuila","category-la-laguna","category-torreon","wpcat-5-id","wpcat-28-id","wpcat-7-id"],"_links":{"self":[{"href":"https:\/\/www.aquilaguna.com\/index.php\/wp-json\/wp\/v2\/posts\/26679","targetHints":{"allow":["GET"]}}],"collection":[{"href":"https:\/\/www.aquilaguna.com\/index.php\/wp-json\/wp\/v2\/posts"}],"about":[{"href":"https:\/\/www.aquilaguna.com\/index.php\/wp-json\/wp\/v2\/types\/post"}],"author":[{"embeddable":true,"href":"https:\/\/www.aquilaguna.com\/index.php\/wp-json\/wp\/v2\/users\/1"}],"replies":[{"embeddable":true,"href":"https:\/\/www.aquilaguna.com\/index.php\/wp-json\/wp\/v2\/comments?post=26679"}],"version-history":[{"count":1,"href":"https:\/\/www.aquilaguna.com\/index.php\/wp-json\/wp\/v2\/posts\/26679\/revisions"}],"predecessor-version":[{"id":26681,"href":"https:\/\/www.aquilaguna.com\/index.php\/wp-json\/wp\/v2\/posts\/26679\/revisions\/26681"}],"wp:featuredmedia":[{"embeddable":true,"href":"https:\/\/www.aquilaguna.com\/index.php\/wp-json\/wp\/v2\/media\/26680"}],"wp:attachment":[{"href":"https:\/\/www.aquilaguna.com\/index.php\/wp-json\/wp\/v2\/media?parent=26679"}],"wp:term":[{"taxonomy":"category","embeddable":true,"href":"https:\/\/www.aquilaguna.com\/index.php\/wp-json\/wp\/v2\/categories?post=26679"},{"taxonomy":"post_tag","embeddable":true,"href":"https:\/\/www.aquilaguna.com\/index.php\/wp-json\/wp\/v2\/tags?post=26679"}],"curies":[{"name":"wp","href":"https:\/\/api.w.org\/{rel}","templated":true}]}}