{"id":26682,"date":"2025-06-13T20:12:51","date_gmt":"2025-06-14T02:12:51","guid":{"rendered":"https:\/\/www.aquilaguna.com\/?p=26682"},"modified":"2025-06-13T20:12:51","modified_gmt":"2025-06-14T02:12:51","slug":"presentan-dialogo-plan-de-mexico-y-el-desarrollo-regional-para-consolidar-a-torreon-como-una-pieza-clave-en-el-futuro-economico-del-pais","status":"publish","type":"post","link":"https:\/\/www.aquilaguna.com\/index.php\/2025\/06\/13\/presentan-dialogo-plan-de-mexico-y-el-desarrollo-regional-para-consolidar-a-torreon-como-una-pieza-clave-en-el-futuro-economico-del-pais\/","title":{"rendered":"Presentan di\u00e1logo \u201cPlan de M\u00e9xico y el Desarrollo Regional\u201d, para consolidar a Torre\u00f3n como una pieza clave en el futuro econ\u00f3mico del pa\u00eds."},"content":{"rendered":"\n<p>Torre\u00f3n, Coahuila. A 13 de junio de 2025.<\/p>\n\n\n\n<p>Este viernes, la Administraci\u00f3n Municipal en coordinaci\u00f3n con el Gobierno del<br>Estado de Coahuila, llev\u00f3 a cabo el di\u00e1logo-entrevista \u201cPlan de M\u00e9xico y el<br>Desarrollo Regional: \u00bfC\u00f3mo se puede sumar Torre\u00f3n?\u201d, con la participaci\u00f3n de<br>autoridades estatales, municipales, educativas y del sector empresarial.<\/p>\n\n\n\n<p>Antonio Hern\u00e1ndez Gonz\u00e1lez, director de Desarrollo Econ\u00f3mico en Torre\u00f3n, dirigi\u00f3<br>el di\u00e1logo y la entrevista con Altagracia G\u00f3mez Sierra, coordinadora del Consejo<br>Empresarial del Gobierno de M\u00e9xico.<\/p>\n\n\n\n<p>El objetivo del evento fue compartir estrategias y reflexiones sobre los retos y<br>oportunidades que tiene Torre\u00f3n para consolidarse como una pieza clave en el<br>futuro econ\u00f3mico del pa\u00eds, dentro del marco del \u201cPlan M\u00e9xico\u201d.<\/p>\n\n\n\n<p>Hern\u00e1ndez Gonz\u00e1lez destac\u00f3 que Torre\u00f3n tiene una buena ubicaci\u00f3n estrat\u00e9gica<br>en el norte de M\u00e9xico, un ecosistema industrial consolidado con talento joven en<br>formaci\u00f3n constante, y una cultura de colaboraci\u00f3n entre empresas, gobierno y<br>universidades.<\/p>\n\n\n\n<p>&#8220;Todo esto nos coloca en una posici\u00f3n privilegiada para sumarnos con fuerza al<br>Plan M\u00e9xico, un proyecto nacional que apuesta por el desarrollo regional con v\u00eda<br>para el bienestar compartido&#8221;.<\/p>\n\n\n\n<p>Indic\u00f3 que el Plan no busca solo ampliar las capacidades productivas, sino<br>tambi\u00e9n detonar polos de desarrollo que eleven la calidad de vida de la gente.<br>G\u00f3mez Sierra indic\u00f3 que Torre\u00f3n es una ciudad que cuenta con ventajas<br>competitivas para insertarse en la estrategia nacional.<\/p>\n\n\n\n<p>Entre ellas destac\u00f3 que el municipio cuenta con la infraestructura necesaria de<br>m\u00e1s de 10 nuevos parques industriales para el desarrollo inmediato de<br>inversiones, est\u00e1 a cuatro horas de Estados Unidos, lo que es una opci\u00f3n para la<br>relocalizaci\u00f3n de empresas, y adem\u00e1s se ha constituido como la quinta ciudad<br>m\u00e1s segura del pa\u00eds.<\/p>\n\n\n\n<p>Durante su intervenci\u00f3n, subray\u00f3 que uno de los principales objetivos del Plan<br>M\u00e9xico es reducir la desigualdad, y garantizar que todas las regiones del pa\u00eds<br>tengan representaci\u00f3n y voz en la formulaci\u00f3n de estrategias econ\u00f3micas.<\/p>\n\n\n\n<p>Por ello, destac\u00f3 la importancia de desarrollar una proveedur\u00eda local s\u00f3lida,<br>basada en el di\u00e1logo directo con el sector empresarial para identificar sus<br>necesidades en materia de infraestructura, sostenibilidad, certificaciones y<br>pol\u00edticas p\u00fablicas.<\/p>\n\n\n\n<p>As\u00ed como la necesidad de generar mecanismos eficaces de vinculaci\u00f3n entre<br>empresas, y de facilitar tr\u00e1mites que impulsen la competitividad regional.<\/p>\n\n\n\n<p>Por su parte, el secretario de Econom\u00eda de Coahuila, Luis Eduardo Olivares<br>Mart\u00ednez, en representaci\u00f3n del Gobernador Manolo Jim\u00e9nez Salinas, afirm\u00f3 que<br>el momento de Torre\u00f3n es ahora, pues dijo, se ha construido un entorno favorable<br>con seguridad, infraestructura moderna, certeza jur\u00eddica, conectividad y un capital<br>humano competitivo.<\/p>\n\n\n\n<p>&#8220;Encuentros como este no solo permiten articular estrategias, sino proyectar al<br>mundo las ventajas que distinguen a nuestra regi\u00f3n y nos hacen atractivos, s\u00f3lidos<br>y confiables. Torre\u00f3n tiene todo para atraer nuevas inversiones, generar empleos<br>de calidad y convertirse en un referente en el norte de M\u00e9xico y para todo el<br>mundo&#8221;.<\/p>\n\n\n\n<p>Cabe destacar que la visita de Altagracia G\u00f3mez a Torre\u00f3n, constituye un<br>importante impulso al nearshoring, a la integraci\u00f3n de Peque\u00f1as y Medianas<br>Empresas (PYMES) locales, cadenas globales, y a la promoci\u00f3n de inversiones<br>mixtas y de infraestructura estrat\u00e9gica.<\/p>\n","protected":false},"excerpt":{"rendered":"<p>Torre\u00f3n, Coahuila. A 13 de junio de 2025. Este viernes, la Administraci\u00f3n Municipal en coordinaci\u00f3n con el Gobierno delEstado de Coahuila, llev\u00f3 a cabo el di\u00e1logo-entrevista \u201cPlan de M\u00e9xico y elDesarrollo Regional: \u00bfC\u00f3mo se puede sumar Torre\u00f3n?\u201d, con la participaci\u00f3n deautoridades estatales, municipales, educativas y del sector empresarial. Antonio Hern\u00e1ndez Gonz\u00e1lez, director de Desarrollo Econ\u00f3mico en Torre\u00f3n, dirigi\u00f3el di\u00e1logo y la entrevista con Altagracia G\u00f3mez Sierra, coordinadora del ConsejoEmpresarial del&#8230;<\/p>\n","protected":false},"author":1,"featured_media":26683,"comment_status":"closed","ping_status":"","sticky":false,"template":"","format":"standard","meta":{"footnotes":""},"categories":[5,28,7],"tags":[],"class_list":["post-26682","post","type-post","status-publish","format-standard","has-post-thumbnail","hentry","category-coahuila","category-la-laguna","category-torreon","wpcat-5-id","wpcat-28-id","wpcat-7-id"],"_links":{"self":[{"href":"https:\/\/www.aquilaguna.com\/index.php\/wp-json\/wp\/v2\/posts\/26682","targetHints":{"allow":["GET"]}}],"collection":[{"href":"https:\/\/www.aquilaguna.com\/index.php\/wp-json\/wp\/v2\/posts"}],"about":[{"href":"https:\/\/www.aquilaguna.com\/index.php\/wp-json\/wp\/v2\/types\/post"}],"author":[{"embeddable":true,"href":"https:\/\/www.aquilaguna.com\/index.php\/wp-json\/wp\/v2\/users\/1"}],"replies":[{"embeddable":true,"href":"https:\/\/www.aquilaguna.com\/index.php\/wp-json\/wp\/v2\/comments?post=26682"}],"version-history":[{"count":1,"href":"https:\/\/www.aquilaguna.com\/index.php\/wp-json\/wp\/v2\/posts\/26682\/revisions"}],"predecessor-version":[{"id":26684,"href":"https:\/\/www.aquilaguna.com\/index.php\/wp-json\/wp\/v2\/posts\/26682\/revisions\/26684"}],"wp:featuredmedia":[{"embeddable":true,"href":"https:\/\/www.aquilaguna.com\/index.php\/wp-json\/wp\/v2\/media\/26683"}],"wp:attachment":[{"href":"https:\/\/www.aquilaguna.com\/index.php\/wp-json\/wp\/v2\/media?parent=26682"}],"wp:term":[{"taxonomy":"category","embeddable":true,"href":"https:\/\/www.aquilaguna.com\/index.php\/wp-json\/wp\/v2\/categories?post=26682"},{"taxonomy":"post_tag","embeddable":true,"href":"https:\/\/www.aquilaguna.com\/index.php\/wp-json\/wp\/v2\/tags?post=26682"}],"curies":[{"name":"wp","href":"https:\/\/api.w.org\/{rel}","templated":true}]}}