{"id":26685,"date":"2025-06-13T20:14:33","date_gmt":"2025-06-14T02:14:33","guid":{"rendered":"https:\/\/www.aquilaguna.com\/?p=26685"},"modified":"2025-06-13T20:14:33","modified_gmt":"2025-06-14T02:14:33","slug":"acertijo-museo-interactivo-prepara-su-campamento-de-verano-2025","status":"publish","type":"post","link":"https:\/\/www.aquilaguna.com\/index.php\/2025\/06\/13\/acertijo-museo-interactivo-prepara-su-campamento-de-verano-2025\/","title":{"rendered":"Acertijo Museo Interactivo prepara su Campamento de Verano 2025."},"content":{"rendered":"\n<ul class=\"wp-block-list\">\n<li>El campamento se llevar\u00e1 a cabo del 21 de julio al 8 de agosto.<\/li>\n<\/ul>\n\n\n\n<p>Comarca Lagunera.- Con el prop\u00f3sito de que las ni\u00f1as y ni\u00f1os de la regi\u00f3n Laguna de Durango disfruten de un campamento de verano lleno de conocimientos, actividades cient\u00edficas, deportivas, art\u00edsticas y mucho entretenimiento, el gobierno encabezado por Esteban Villegas Villarreal, a trav\u00e9s del Acertijo Museo Interactivo invita a participar en el campamento de Verano 2025.<\/p>\n\n\n\n<p>El director del Museo Interactivo Acertijo, Aldo Reyes Valles, destac\u00f3 que, como cada a\u00f1o el museo abrir\u00e1 sus puertas del 21 de julio al 8 de agosto, para recibir a todas las ni\u00f1as y ni\u00f1os de 4 a 12 a\u00f1os que quieran vivir una experiencia diferente, en la que tendr\u00e1n d\u00edas inolvidables llenos de diversi\u00f3n, aprendizaje, experimentos, descubrimientos y aventura, adem\u00e1s de disfrutar de las instalaciones y las actividades, de la sana convivencia con m\u00e1s peque\u00f1os de su edad.<\/p>\n\n\n\n<p>Explic\u00f3 que, contar\u00e1n con actividades de arte, ciencia, deportes, innovaci\u00f3n, cine, baile, actividades de contacto con la naturaleza y recorridos por lugares incre\u00edbles, todo en un ambiente seguro y de sana convivencia.<\/p>\n\n\n\n<p>El curso tendr\u00e1 una duraci\u00f3n de 3 semanas; del 21 al 25 de julio tendr\u00e1 un costo en preventa de 760 pesos, la preventa concluir\u00e1 el 18 de julio. La segunda semana del 28 de julio al primero de agosto costar\u00e1 en preventa mil 400 pesos y la tercera semana del 4 al 8 de agosto, costar\u00e1 en preventa 2 mil 080 pesos, mencion\u00f3 que habr\u00e1 precio especial para los padres de familia que inscriban a 3 o m\u00e1s ni\u00f1os de la misma familia.<\/p>\n\n\n\n<p>Aldo Reyes Valles invit\u00f3 a todos los ni\u00f1os y padres de familia para que aprovechen los precios de preventa donde obtendr\u00e1n un descuento. Los interesados en asistir pueden registrarse a trav\u00e9s de las redes sociales del Acertijo Museo Interactivo, al whatsapp 8712365033, 8715235488 o al n\u00famero de tel\u00e9fono 8714565930<\/p>\n\n\n\n<p>Acertijo Museo Interactivo se encuentra ubicado en el bulevar Forjadores s\/n, en la Colonia Brittingham de G\u00f3mez Palacio y adem\u00e1s del curso de verano se llevar\u00e1n a cabo las actividades y recorridos habituales para el disfrute de sus visitantes.<\/p>\n","protected":false},"excerpt":{"rendered":"<p>Comarca Lagunera.- Con el prop\u00f3sito de que las ni\u00f1as y ni\u00f1os de la regi\u00f3n Laguna de Durango disfruten de un campamento de verano lleno de conocimientos, actividades cient\u00edficas, deportivas, art\u00edsticas y mucho entretenimiento, el gobierno encabezado por Esteban Villegas Villarreal, a trav\u00e9s del Acertijo Museo Interactivo invita a participar en el campamento de Verano 2025. El director del Museo Interactivo Acertijo, Aldo Reyes Valles, destac\u00f3 que, como cada a\u00f1o el&#8230;<\/p>\n","protected":false},"author":1,"featured_media":26686,"comment_status":"closed","ping_status":"","sticky":false,"template":"","format":"standard","meta":{"footnotes":""},"categories":[12,40,64,63,28],"tags":[],"class_list":["post-26685","post","type-post","status-publish","format-standard","has-post-thumbnail","hentry","category-cultura","category-durango","category-gobierno-de-durango","category-gomez-palacio","category-la-laguna","wpcat-12-id","wpcat-40-id","wpcat-64-id","wpcat-63-id","wpcat-28-id"],"_links":{"self":[{"href":"https:\/\/www.aquilaguna.com\/index.php\/wp-json\/wp\/v2\/posts\/26685","targetHints":{"allow":["GET"]}}],"collection":[{"href":"https:\/\/www.aquilaguna.com\/index.php\/wp-json\/wp\/v2\/posts"}],"about":[{"href":"https:\/\/www.aquilaguna.com\/index.php\/wp-json\/wp\/v2\/types\/post"}],"author":[{"embeddable":true,"href":"https:\/\/www.aquilaguna.com\/index.php\/wp-json\/wp\/v2\/users\/1"}],"replies":[{"embeddable":true,"href":"https:\/\/www.aquilaguna.com\/index.php\/wp-json\/wp\/v2\/comments?post=26685"}],"version-history":[{"count":1,"href":"https:\/\/www.aquilaguna.com\/index.php\/wp-json\/wp\/v2\/posts\/26685\/revisions"}],"predecessor-version":[{"id":26687,"href":"https:\/\/www.aquilaguna.com\/index.php\/wp-json\/wp\/v2\/posts\/26685\/revisions\/26687"}],"wp:featuredmedia":[{"embeddable":true,"href":"https:\/\/www.aquilaguna.com\/index.php\/wp-json\/wp\/v2\/media\/26686"}],"wp:attachment":[{"href":"https:\/\/www.aquilaguna.com\/index.php\/wp-json\/wp\/v2\/media?parent=26685"}],"wp:term":[{"taxonomy":"category","embeddable":true,"href":"https:\/\/www.aquilaguna.com\/index.php\/wp-json\/wp\/v2\/categories?post=26685"},{"taxonomy":"post_tag","embeddable":true,"href":"https:\/\/www.aquilaguna.com\/index.php\/wp-json\/wp\/v2\/tags?post=26685"}],"curies":[{"name":"wp","href":"https:\/\/api.w.org\/{rel}","templated":true}]}}