{"id":26777,"date":"2025-06-18T21:44:20","date_gmt":"2025-06-19T03:44:20","guid":{"rendered":"https:\/\/www.aquilaguna.com\/?p=26777"},"modified":"2025-06-18T21:44:20","modified_gmt":"2025-06-19T03:44:20","slug":"aqui-laguna-421","status":"publish","type":"post","link":"https:\/\/www.aquilaguna.com\/index.php\/2025\/06\/18\/aqui-laguna-421\/","title":{"rendered":"Aqu\u00ed Laguna."},"content":{"rendered":"\n<p>\u00a1Al\u00a0 Filo de la navaja!\u00a0 Se estima estamos\u00a0todos en \u00e9ste\u00a0mundo, de\u00a0 producirse la chispa que desate una guerra nada convencional, es decir, la que\u00a0desate infiernos nucleares de intervenir el gendarme del mundo, es decir, Estados Unidos en la ya abierta conflagraci\u00f3n entre\u00a0Israel\u00a0e Ir\u00e1n. Quiera Dios que as\u00ed no suceda, pues\u00a0nadie estar\u00edamos seguros por m\u00e1s y distante que\u00a0geogr\u00e1ficamente\u00a0estemos del territorio donde se libran ya combates. Por lo pronto el muy esperado encuentro\u00a0del G-7 \u00a0 termin\u00f3\u00a0 bruscamente\u00a0 como solo un\u00a0 G-6,\u00a0mero remedo, pues luego de la\u00a0virtual huida\u00a0de Donald Trump\u00a0figura eje en tal encuentro en Calgary, Canad\u00e1, sitio del\u00a0 encuentro\u00a0y\u00a0a donde estar\u00eda asistiendo la Presidenta Claudia Sheimbaun, acompa\u00f1ada por fuerte contingente como equipo de respaldo para sostener\u00a0encuentro\u00a0cara a cara con el boc\u00f3n\u00a0 Donald Trump, qued\u00f3 en nada, y ya se ve, seg\u00fan lo estiman los\u00a0expertos en estos temas, a nuestra Presidenta ya se ve, qued\u00f3\u00a0como novia de rancho, &#8220;vestida y alborotada&#8221;, aunque\u00a0luego de festinar\u00a0que s\u00ed,\u00a0que si hubo dialogo telef\u00f3nico con el interfecto, pero para eso, no hab\u00eda necesidad alguna de\u00a0volar, as\u00ed sea en avi\u00f3n comercial al extranjero. <\/p>\n\n\n\n<p>En fin, y en estas tierras, para este d\u00eda los amigos que aun le quedan al alcalde Rom\u00e1n Alberto Cepeda Gonz\u00e1lez, se dan a conocer que ser\u00e1 hasta este jueves cuando reaparezca en actividades p\u00fablicas, luego de ausencia registrada desde el\u00a0fin\u00a0de la semana anterior,\u00a0sabi\u00e9ndose como ya es del conocimiento p\u00fablico, que tal\u00a0 ausencia\u00a0est\u00e1 motivada con la atenci\u00f3n al problema de salud que enfrenta\u00a0 su humanidad, pues ya se conoce tambi\u00e9n que nuestro alcalde,\u00a0para nada es inmortal, sino simple mortal sujeto a las\u00a0 vicisitudes\u00a0que el tiempo\u00a0corre igual para todos y se lleva, ente otras cosas no solo la belleza, sino lo m\u00e1s importante la salud.<\/p>\n\n\n\n<p>En tanto &#8220;su equipo&#8221; hace lo que pueden para cubrir la ausencia, y\u00a0 ya vimos en este\u00a0d\u00eda, soportados por el Colegio de Arquitectos, a cargo de Mario Albero Talam\u00e1s, pero sobre todo por el Licenciado Gustavo Mu\u00f1\u00f3z L\u00f3pez, agobiado\u00a0Director de Planeaci\u00f3n Urbana y Reordenamiento Territorial,\u00a0 y Juan Adolfo Von Bertrab de Obras P\u00fablicas, lanzan\u00a0el proyecto &#8220;Reordenamiento y Rescate\u00a0del Centro Hist\u00f3rico&#8221;, en especial \u00e9nfasis\u00a0en la\u00a0Avenida Morelos en su m\u00e1s que decadente\u00a0tramo que va de la Calle Ram\u00f3n Corona, hasta alcanzar\u00a0la M\u00fazquiz y con ello el resto del tramo que suma los puntos claves de la zona que fuera el sitio originario\u00a0 de la ciudad. Sin duda, tal proyecto es\u00a0noble, pues ya se vio que no bast\u00f3 conque el gobierno municipal de otras administraciones -concretamente la que presidi\u00f3 como alcalde\u00a0el Ingeniero Miguel Angel Riquelme, sirvi\u00f3 de mucho-,\u00a0 salvo que se convirti\u00f3 en\u00a0un corredor\u00a0habilitado de venta de alcohol\u00a0en su tramo que va de la Calzada Colon hasta la Galena y no m\u00e1s,\u00a0de no contar con la participaci\u00f3n voluntaria o no de\u00a0propietarios\u00a0y arrendatarios\u00a0de los inmuebles que se localizan en tales \u00e1reas, que \u00a0 inviertan en\u00a0cambiar de vocaci\u00f3n\u00a0los vestustos y deteriorados\u00a0edificios en una zona habitacional y no\u00a0solo de\u00a0comercio, como insisten;\u00a0sea la\u00a0soledad como respuesta, am\u00e9n de la falta\u00a0de proyecto cultural alguno que\u00a0utilice tan espacio p\u00fablico como im\u00e1n para atraer\u00a0a\u00a0paseantes locales o turistas, cuando los haya, de no ser as\u00ed, el proyecto, hoy presentado, pasar\u00e1 a ser uno m\u00e1s en el cat\u00e1logo\u00a0de buenas intenciones y de frustraci\u00f3n de los convocantes\u00a0y de quienes se unan al objetivo citado, con todo y su buena voluntad,\u00a0 adem\u00e1s de que se ir\u00e1n por el ca\u00f1o algunos milloncitos de pesos\u00a0 del erario p\u00fablico. Ciertas, ante lo que hoy registra el Centro Hist\u00f3rico de Torre\u00f3n\u00a0y el despoblamiento que registra cuando menos desde hace\u00a0 dos d\u00e9cadas, no es ajeno a otras ciudades de M\u00e9xico y\u00a0el mundo, algunas de las cuales han enfrentado con \u00e9xito tal reto.\u00a0 <\/p>\n\n\n\n<p>Ejemplo, la misma capital de nuestro pa\u00eds\u00a0pero tambi\u00e9n hay ejemplos notables sobre como lo han superado otras ciudades, esto incluye no solo inversi\u00f3n p\u00fablica y\u00a0la privada, pero m\u00e1s aun, incluye tambi\u00e9n\u00a0el respeto y aplicaci\u00f3n de\u00a0los ordenamientos urbanos y legislaciones\u00a0vigentes\u00a0del tema, y\u00a0de no existir estos, pues\u00a0legisladores\u00a0y cabildo a trabajar en ello,\u00a0 no se tiene pues presentada\u00a0la intenci\u00f3n,\u00a0 porque no\u00a0inclu\u00edr por ejemplo, qu\u00e9 hacer con construcciones, como la ubicada en la esquina que forma la Calle\u00a0Cepeda y cruce con Avenida Morelos,\u00a0que cual cad\u00e1ver insepulto permanece ah\u00ed, cual muestra de nuestra incuria ciudadana sumando ya casi\u00a0 30 a\u00f1os inconclusa,\u00a0y presenta m\u00e1s que penoso\u00a0aspecto, sino hasta peligroso, sin que\u00a0los empresarios propietarios\u00a0 del mismo, sufran la menos inquietud sobre\u00a0tal destino final de tal espacio \u00bfpor qu\u00e9 ? Se\u00a0 sabe que incluso\u00a0que uno de estos, es por ahora funcionario municipal, tambi\u00e9n diremos que en la presentaci\u00f3n de \u00e9ste proyecto, no cont\u00f3 con presencia de\u00a0 representante\u00a0alguno de la C\u00e1mara de\u00a0Comercio y mucho, pero mucho menos de la C\u00e1mara de la Propiedad Urbana, siquiera para conocer el\u00a0contenido\u00a0de tal propuesta, en especial \u00a0 los de la CANACO, cuyos dirigentes -ahora tambi\u00e9n funcionarios p\u00fablicos-, se desgarraban las vestiduras\u00a0exigiendo atenci\u00f3n e inversi\u00f3n p\u00fablica\u00a0sobre el Paseo Morelos.\u00a0 <\/p>\n\n\n\n<p>Y diremos que la Universidad Aut\u00f3noma de Coahuila, ha definido que ser\u00e1 en la Unidad Torre\u00f3n,\u00a0su sede para celebrar los d\u00edas\u00a013 y 14 de noviembre del a\u00f1o en curso,\u00a0en las instalaciones de su Centro Cultural e Infoteca, su Encuentro de Investigaci\u00f3n\u00a0 UAdeC-2025,\u00a0informaci\u00f3n que estuvo a cargo del\u00a0 titular de la Direcci\u00f3n de Investigaci\u00f3n de Posgrado y su Subdirector Luis Guti\u00e9rrez Trevi\u00f1o y\u00a0David Castro Lugo\u00a0 respectivamente y para el cual\u00a0est\u00e1n convocando a participar a todos los niveles acad\u00e9micos de la m\u00e1xima Casa de Estudios del\u00a0 Estado. Por la anticipaci\u00f3n\u00a0y\u00a0altos objetivos que impulsan este evento, se espera sea un \u00e9xito y m\u00e1s aun, cuando en el mismo mes de noviembre, la Ciudad Universitaria de la UAdeC en\u00a0 Torre\u00f3n alcanzar\u00e1 sus primeros 25 a\u00f1os de existencia, en los que fueran yermos terrenos del\u00a0ejido El Aguila como sede\u00a0 digna del quehacer universitario de los laguneros y del grupo\u00a0de empresarios\u00a0 encabezados por el arquitecto Ricardo Santiba\u00f1ez\u00a0que acompa\u00f1aron el proyecto que se cristaliz\u00f3 durante la gesti\u00f3n del Licenciado Enrique Mart\u00ednez y Mart\u00ednez. <\/p>\n\n\n\n<p>Nueva generaci\u00f3n\u00a0de restauranteros\u00a0se advierte con la dirigencia de su\u00a0Presidente Eduardo Nieto Mendoza, que representante la que fuera &#8220;fonda&#8221; tradicional entre los laguneros, es decir, &#8220;Los Farolitos&#8221;,\u00a0devenida\u00a0hoy en otro concepto, si bien\u00a0con nuevos escenarios ad hoc con el\u00a0 esp\u00edritu\u00a0 modernista en boga, conserva\u00a0en\u00a0su men\u00fa\u00a0la reconocida saz\u00f3n de la familia fundadora\u00a0y quien hoy se le vio un tanto nervioso presidiendo el evento celebrado en el Centro de Convenciones, denominado &#8220;Food\u00a0 &amp; Business&#8221;, que alcanz\u00f3 importante existencia adem\u00e1s de 30 expositores de toda la gama de\u00a0 suministros, herramienta y dos conferencias magistrales por reconocidos Chefs que requiere\u00a0la industria\u00a0 restaurantera -moderna-. Ante el \u00e9xito obtenido se\u00a0espera que este evento tenga repetici\u00f3n en los a\u00f1os venideros ante el\u00a0 creciente n\u00famero de\u00a0empresarios y hasta diletantes\u00a0en este ramo e inversionistas.<\/p>\n\n\n\n<p>Al concluir este primer semestre del 2025, vaya que en Coahuila algunos se muestran m\u00e1s que ansiosos en escuchar\u00a0la voz de arranque para la pr\u00f3xima contienda estatal para renovar el Poder Legislativo, al parecer es entre las f\u00e9minas donde la intenci\u00f3n de participar, de que se les tome en cuenta pues, en los organismos pol\u00edticos en las que\u00a0con todo y que sea d\u00e9bilmente participan, se les considere para una\u00a0 postulaci\u00f3n. Resulta que en Torre\u00f3n y sus cuatro Distritos, que no debe dejar de considerase que si el PRI\u00a0va en alianza con el PAN, solo dos\u00a0f\u00e9minas y dos\u00a0varones, podr\u00e1n subir a escena por una diputaci\u00f3n local, y\u00a0entre\u00a0mujeres hablando se menciona, que\u00a0el PRI, tiene muchas canicas con que jugar, y cr\u00e9alo\u00a0o no, ya se menciona en los mentideros\u00a0tricolores a\u00a0Cristina G\u00f3mez\u00a0de\u00a0D\u00e1vila y Leticia Casta\u00f1os, como parte de\u00a0vieja guardia, en tanto que la regidora Jennifer Miroslava\u00a0Mu\u00f1oz Rivas y Lorena Safa Serrato, de novel incursi\u00f3n como &#8220;caras nuevas&#8221; en estos terrenos partidistas, m\u00e1s las que\u00a0surjan en d\u00edas pr\u00f3ximos, pues para diciembre, el nombre de alguna &#8220;deber\u00e1 estar m\u00e1s que cuajado&#8221;.\u00a0Entre los hombres, el listado es\u00a0 aun m\u00e1s escueto, pues figura por ah\u00ed solo el del regidor Luis Jorge Cuerda Serna, y el\u00a0 diputado Felipe Gonz\u00e1lez Mend\u00f3za, como repetidor, claro&#8230;<\/p>\n","protected":false},"excerpt":{"rendered":"<p>\u00a1Al\u00a0 Filo de la navaja!\u00a0 Se estima estamos\u00a0todos en \u00e9ste\u00a0mundo, de\u00a0 producirse la chispa que desate una guerra nada convencional, es decir, la que\u00a0desate infiernos nucleares de intervenir el gendarme del mundo, es decir, Estados Unidos en la ya abierta conflagraci\u00f3n entre\u00a0Israel\u00a0e Ir\u00e1n. Quiera Dios que as\u00ed no suceda, pues\u00a0nadie estar\u00edamos seguros por m\u00e1s y distante que\u00a0geogr\u00e1ficamente\u00a0estemos del territorio donde se libran ya combates. Por lo pronto el muy esperado&#8230;<\/p>\n","protected":false},"author":2,"featured_media":0,"comment_status":"closed","ping_status":"","sticky":false,"template":"","format":"standard","meta":{"footnotes":""},"categories":[8],"tags":[],"class_list":["post-26777","post","type-post","status-publish","format-standard","hentry","category-aqui-laguna","wpcat-8-id"],"_links":{"self":[{"href":"https:\/\/www.aquilaguna.com\/index.php\/wp-json\/wp\/v2\/posts\/26777","targetHints":{"allow":["GET"]}}],"collection":[{"href":"https:\/\/www.aquilaguna.com\/index.php\/wp-json\/wp\/v2\/posts"}],"about":[{"href":"https:\/\/www.aquilaguna.com\/index.php\/wp-json\/wp\/v2\/types\/post"}],"author":[{"embeddable":true,"href":"https:\/\/www.aquilaguna.com\/index.php\/wp-json\/wp\/v2\/users\/2"}],"replies":[{"embeddable":true,"href":"https:\/\/www.aquilaguna.com\/index.php\/wp-json\/wp\/v2\/comments?post=26777"}],"version-history":[{"count":1,"href":"https:\/\/www.aquilaguna.com\/index.php\/wp-json\/wp\/v2\/posts\/26777\/revisions"}],"predecessor-version":[{"id":26778,"href":"https:\/\/www.aquilaguna.com\/index.php\/wp-json\/wp\/v2\/posts\/26777\/revisions\/26778"}],"wp:attachment":[{"href":"https:\/\/www.aquilaguna.com\/index.php\/wp-json\/wp\/v2\/media?parent=26777"}],"wp:term":[{"taxonomy":"category","embeddable":true,"href":"https:\/\/www.aquilaguna.com\/index.php\/wp-json\/wp\/v2\/categories?post=26777"},{"taxonomy":"post_tag","embeddable":true,"href":"https:\/\/www.aquilaguna.com\/index.php\/wp-json\/wp\/v2\/tags?post=26777"}],"curies":[{"name":"wp","href":"https:\/\/api.w.org\/{rel}","templated":true}]}}