{"id":27,"date":"2021-01-29T19:18:24","date_gmt":"2021-01-30T01:18:24","guid":{"rendered":"http:\/\/34.69.167.107\/?p=27"},"modified":"2021-01-29T19:18:24","modified_gmt":"2021-01-30T01:18:24","slug":"mars-da-la-bienvenida-a-nuevo-obispo-de-la-diocesis-de-saltillo","status":"publish","type":"post","link":"https:\/\/www.aquilaguna.com\/index.php\/2021\/01\/29\/mars-da-la-bienvenida-a-nuevo-obispo-de-la-diocesis-de-saltillo\/","title":{"rendered":"MARS DA LA BIENVENIDA A NUEVO OBISPO DE LA DI\u00d3CESIS DE SALTILLO"},"content":{"rendered":"\n<p>\u00b7\u00a0\u00a0\u00a0\u00a0\u00a0\u00a0<strong><em>La relaci\u00f3n Gobierno-Iglesia siempre ser\u00e1 dentro del marco institucional: gobernador Miguel Riquelme<\/em><\/strong><\/p>\n\n\n\n<p>Saltillo, Coahuila de Zaragoza; a 29 de Enero de 2021.- El gobernador Miguel \u00c1ngel Riquelme Sol\u00eds dio la bienvenida al nuevo encargado de la Di\u00f3cesis de Saltillo,&nbsp; monse\u00f1or Hilario Gonz\u00e1lez Garc\u00eda, quien fung\u00eda como Obispo de Linares, Nuevo Le\u00f3n.<\/p>\n\n\n\n<p>\u201cDe mi parte, darle la bienvenida, decirle que llega a un estado seguro, a un estado donde libremente la gente hace y practica, adem\u00e1s de otras cosas, su religi\u00f3n. Aqu\u00ed estaremos tambi\u00e9n para garantizar los derechos de la poblaci\u00f3n\u201d, declar\u00f3.<\/p>\n\n\n\n<p>Expuso que el trabajo que realiza la iglesia tambi\u00e9n representa gobernabilidad para Coahuila, por lo que se mantendr\u00e1 un trato institucional y de buenas relaciones, al igual que con las otras instituciones religiosas.<\/p>\n\n\n\n<p>Al igual, envi\u00f3 un mensaje de solidaridad al Obispo Em\u00e9rito, Fray Ra\u00fal Vera L\u00f3pez, con quien siempre se dio una comunicaci\u00f3n institucional y de respeto, la cual se tendr\u00e1 con el nuevo Obispo.<\/p>\n\n\n\n<p>\u201cDecid\u00ed ir a la misa, repito, en primer lugar porque soy creyente, y en segundo porque creo que como autoridad merece el respeto desde el inicio que llega aqu\u00ed. Quien ser\u00e1 el m\u00e1ximo jerarca de la Iglesia Cat\u00f3lica en esta \u00e1rea de nuestra entidad ser\u00e1 uno de los tres obispos que tenemos\u201d, dijo.<\/p>\n\n\n\n<p>\u201cY mi relaci\u00f3n con las distintas iglesias, al igual que con la Cat\u00f3lica, debe ser siempre en el marco institucional, y as\u00ed ser\u00e1 tambi\u00e9n en esta ocasi\u00f3n\u201d, puntualiz\u00f3.<\/p>\n\n\n\n<p>El Mandatario estatal asisti\u00f3 a la celebraci\u00f3n eucar\u00edstica de la toma de posesi\u00f3n de monse\u00f1or Hilario Gonz\u00e1lez Garc\u00eda como el s\u00e9ptimo Obispo de Saltillo, efectuada en la Catedral de Santiago.<\/p>\n","protected":false},"excerpt":{"rendered":"<p>\u00b7\u00a0\u00a0\u00a0\u00a0\u00a0\u00a0La relaci\u00f3n Gobierno-Iglesia siempre ser\u00e1 dentro del marco institucional: gobernador Miguel Riquelme Saltillo, Coahuila de Zaragoza; a 29 de Enero de 2021.- El gobernador Miguel \u00c1ngel Riquelme Sol\u00eds dio la bienvenida al nuevo encargado de la Di\u00f3cesis de Saltillo,&nbsp; monse\u00f1or Hilario Gonz\u00e1lez Garc\u00eda, quien fung\u00eda como Obispo de Linares, Nuevo Le\u00f3n. \u201cDe mi parte, darle la bienvenida, decirle que llega a un estado seguro, a un estado donde libremente la&#8230;<\/p>\n","protected":false},"author":1,"featured_media":28,"comment_status":"closed","ping_status":"","sticky":false,"template":"","format":"standard","meta":{"footnotes":""},"categories":[5],"tags":[],"class_list":["post-27","post","type-post","status-publish","format-standard","has-post-thumbnail","hentry","category-coahuila","wpcat-5-id"],"_links":{"self":[{"href":"https:\/\/www.aquilaguna.com\/index.php\/wp-json\/wp\/v2\/posts\/27","targetHints":{"allow":["GET"]}}],"collection":[{"href":"https:\/\/www.aquilaguna.com\/index.php\/wp-json\/wp\/v2\/posts"}],"about":[{"href":"https:\/\/www.aquilaguna.com\/index.php\/wp-json\/wp\/v2\/types\/post"}],"author":[{"embeddable":true,"href":"https:\/\/www.aquilaguna.com\/index.php\/wp-json\/wp\/v2\/users\/1"}],"replies":[{"embeddable":true,"href":"https:\/\/www.aquilaguna.com\/index.php\/wp-json\/wp\/v2\/comments?post=27"}],"version-history":[{"count":1,"href":"https:\/\/www.aquilaguna.com\/index.php\/wp-json\/wp\/v2\/posts\/27\/revisions"}],"predecessor-version":[{"id":29,"href":"https:\/\/www.aquilaguna.com\/index.php\/wp-json\/wp\/v2\/posts\/27\/revisions\/29"}],"wp:featuredmedia":[{"embeddable":true,"href":"https:\/\/www.aquilaguna.com\/index.php\/wp-json\/wp\/v2\/media\/28"}],"wp:attachment":[{"href":"https:\/\/www.aquilaguna.com\/index.php\/wp-json\/wp\/v2\/media?parent=27"}],"wp:term":[{"taxonomy":"category","embeddable":true,"href":"https:\/\/www.aquilaguna.com\/index.php\/wp-json\/wp\/v2\/categories?post=27"},{"taxonomy":"post_tag","embeddable":true,"href":"https:\/\/www.aquilaguna.com\/index.php\/wp-json\/wp\/v2\/tags?post=27"}],"curies":[{"name":"wp","href":"https:\/\/api.w.org\/{rel}","templated":true}]}}