{"id":27046,"date":"2025-07-06T20:28:33","date_gmt":"2025-07-07T02:28:33","guid":{"rendered":"https:\/\/www.aquilaguna.com\/?p=27046"},"modified":"2025-07-06T20:28:33","modified_gmt":"2025-07-07T02:28:33","slug":"aqui-laguna-425","status":"publish","type":"post","link":"https:\/\/www.aquilaguna.com\/index.php\/2025\/07\/06\/aqui-laguna-425\/","title":{"rendered":"Aqu\u00ed Laguna."},"content":{"rendered":"\n<p>\u00a1Te acuso de ratero, no de pendejo! Vaya que tal frase, famosa en el anecdotario\u00a0que gener\u00f3 la Convenci\u00f3n de Aguascalientes y que fuera pronunciada por el entonces diputado\u00a0federal por un distrito de Puebla, Don\u00a0Luis Cabrera Lobato, como respuesta a uno de sus a pares, a\u00a0quien previamente\u00a0\u00e9ste le hab\u00eda hecho\u00a0 el feo\u00a0 se\u00f1alamiento, el\u00a0hoy considerado\u00a0como uno de los principales\u00a0intelectuales y\u00a0te\u00f3ricos\u00a0del Constitucionalismo, all\u00e1 en las primeras d\u00e9cadas\u00a0del Siglo XX\u00a0en el fragor\u00a0mismo de la lucha\u00a0 revolucionaria, amerit\u00f3\u00a0la exigencia de su par\u00a0aludido, a que presentara las pruebas de sus\u00a0ofensivos dichos, la respuesta obtenida\u00a0que por acertada y sonora\u00a0sigue teniendo vigencia, a lo largo de ya m\u00e1s de cien\u00a0a\u00f1os de haberse generado,\u00a0y m\u00e1s hoy en pleno Siglo XX, cuando ya es costumbre que incluso desde\u00a0 la m\u00e1xima \u00e1gora del pa\u00eds, y ante acusaciones\u00a0e imputaciones\u00a0que se desprenden\u00a0del sigiloso desencuentro\u00a0que registran las relaciones de\u00a0EUA\u00a0 y nuestro pa\u00eds, se\u00a0soliciten pruebas y m\u00e1s pruebas que justifiquen\u00a0las acciones\u00a0punitivas ejercidas\u00a0que sobre capos, secuestro y hasta traslados\u00a0de protecci\u00f3n a sus familias, y  golpes\u00a0a algunas\u00a0organizaciones\u00a0empresariales como es el caso de algunas\u00a0seleccionadas\u00a0 piezas del sistema bancario, cancelaciones de Visa a peces menores o alcaldes\u00a0y hasta gobernadores fronterizos y\u00a0ya alcanzan al \u00e1mbito deportivo\u00a0y\u00a0art\u00edstico.<\/p>\n\n\n\n<p>De ah\u00ed que\u00a0por eso mismo, en los tiempos que corren,\u00a0no resulta\u00a0nada extra\u00f1o o inusual que\u00a0nuestro c\u00e9lebre paisano\u00a0 &#8220;El Mono&#8221; Mu\u00f1oz\u00a0 adelantando\u00a0v\u00edsperas -12 de junio\u00a0 de 2025-,\u00a0haya solicitado y exhibido en algunos -solo algunos Medios de Comunicaci\u00f3n-, cual\u00a0 piratesco &#8220;parler&#8221;\u00a0la respuesta que por escrito\u00a0 obtuvo, con fecha de tres de julio del presente, de parte de la Fiscal\u00eda General de la Rep\u00fablica en su \u00e1rea especializada con delitos relacionados con hidrocarburos, etc., en la que se le\u00a0responde\u00a0que\u00a0no se cuenta en esa instituci\u00f3n, investigaci\u00f3n alguna en la que su nombre aparezca como indiciado, investigado o se\u00f1alado por alguna persona tendiente a incriminarlo, se le contesta, seg\u00fan escrito\u00a0exhibido, se reitera,\u00a0 su nombre no se encuentra en carpeta de investigaci\u00f3n alguna.\u00a0 <\/p>\n\n\n\n<p>De ah\u00ed que no se conozca pues, las razones, o presunciones\u00a0que le generaran\u00a0al hoy\u00a0 empresario gasolinero el cierre\u00a0 -temporal o no, pues se ignora-,\u00a0de por lo menos\u00a0tres de sus gasolinerias que se presumen de su propiedad, en la ciudad capital de Coahuila, m\u00ednimo n\u00famero pues se le imputan la propiedad\u00a0 de por lo menos 15 empresas de este giro, no solo\u00a0las ubicadas en el municipio capital, sino\u00a010 m\u00e1s en la ciudad de Torre\u00f3n, una en Francisco I. Madrero, 6 en Matamoros -de donde es oriundo-, y una m\u00e1s en San Pedro -las de Garc\u00eda\u00a0 Hartfuch, claro-,\u00a0am\u00e9n de otras m\u00e1s en\u00a0el vecino Estado de Durango. Y una vez que\u00a0en Saltillo,\u00a0con la participaci\u00f3n adicional\u00a0de\u00a0fuerzas federales, encontraron e incautaron instalaciones\u00a0que conten\u00edan en su interior tanques almacenados con hasta dos millones de litros de gasolina, presuntamente\u00a0proveniente de descargas de huachicol, procedente del Puerto de Altamira, Tamaulipas uno de los puertos, donde recientemente fue detenido un barco con 10 millones de\u00a0litros de gasolina a bordo, y procedente del vecino pa\u00eds del norte\u00a0que no pudo demostrar legal\u00a0posesi\u00f3n, y cuya investigaci\u00f3n contin\u00faa en marcha, quien sabe hasta cuando, pues pudiera alcanzar &#8220;por\u00a0 los siglos de los siglos&#8221;. <\/p>\n\n\n\n<p>Y\u00a0 vaya que el tema del huachicol, no es para nada, tema novedoso en estas tierras, pues famosos son las &#8220;orde\u00f1as de ductos&#8221;, en especial en el municpio de San Pedro, Coahuila\u00a0y\u00a0en Tlahualilo y\u00a0G\u00f3mez Palacio, Durango que cual &#8220;deporte nacional&#8221; se ven\u00eda practicando, incluso\u00a0con riesgo de perder la vida\u00a0 sus participantes con tan r\u00fasticos\u00a0y peligrosos m\u00e9todos desde hace ya\u00a0m\u00e1s de 30 a\u00f1os, y que hoy sin duda,\u00a0 tales m\u00e9todos de extracci\u00f3n, de robo pues, se han modernizado increiblemente, sin mediar pudor\u00a0o secrec\u00eda alguna, haciendo bueno el slogan de PEMEX, ese que dice que &#8220;el petr\u00f3leo es nuestro&#8221;.<\/p>\n\n\n\n<p>Por cierto, levanta comentarios el cierre desde hace algunas semanas, de una estaci\u00f3n de venta de\u00a0 gasolinas, ubicada frente a uno de los accesos de la Colonia Torre\u00f3n Jard\u00edn, sin que se conozcan causas, ni siquiera la socorrida y muy de moda &#8220;oposici\u00f3n vecinal&#8221; alguna, as\u00ed pues \u00a1aver\u00edguelo Vargas!\u00a0 Llama la atenci\u00f3n que\u00a0estos hechos o hasta las simples presunciones de &#8220;competencia desleal&#8221; no haya generado\u00a0 molestia, o queja alguna, de parte del otrora poderoso y pretencioso gremio de Distribuidores de Gasolina en esta regi\u00f3n\u00a0 \u00bfpor qu\u00e9 ser\u00e1?, dicen entre otras versiones\u00a0que es por algo\u00a0m\u00e1s que simple; &#8220;el miedo, no anda en burro&#8221;. <\/p>\n\n\n\n<p>Y Torre\u00f3n, como es tradicional en nuestro escaso per\u00edodo de lluvias -en este caso, m\u00e1s que tard\u00edas-, genera\u00a0 molestias a\u00a0transe\u00fantes y conductores, am\u00e9n de da\u00f1os en\u00a0techos de viviendas ubicadas no solo en su cintur\u00f3n de miseria, que ya no se encuentra\u00a0solo al sur poniente, sino alcanza,\u00a0el norte,\u00a0por ahora, el escenario preferido para el desarrollo de inversi\u00f3n inmobiliaria y con ello la atenci\u00f3n presupuestal de la autoridad local, pues hay que mantener, se justifica,\u00a0con sostener tal polo de desarrollo, que involucra la atracci\u00f3n no solo de\u00a0 capitales locales, sino for\u00e1neos, as\u00ed sea el el \u00e1rea de servicios. De ah\u00ed que hoy por hoy, el \u00e1rea de mayor trabajo se desarrollara a cargo del Licenciado Gustavo\u00a0Mu\u00f1oz L\u00f3pez \u00a0en el d\u00eda a d\u00eda, est\u00e9,\u00a0superando con \u00e9xito, el tiradero que le dej\u00f3 su antecesor Francisco Torres, que con todo y que ha sido llamado y llamado a la Contralor\u00eda\u00a0local, poco o nada se sabe.<\/p>\n\n\n\n<p>En el marco de las inundaciones, c\u00edclicamente,\u00a0el tema domina a la atenci\u00f3n no solo medi\u00e1tica, sino la de pol\u00edticos y politicastros, en especial los que se dicen de &#8220;oposicci\u00f3n&#8221; que\u00a0se llenan sus bocas\u00a0con\u00a0agua, muy sucia, la mayor\u00eda de las\u00a0veces su necesidad imperiosa de ocupar algo de la atenci\u00f3n p\u00fablica, para se\u00f1alar con \u00edndice de fuego a la autoridad municipal en turno, viendo as\u00ed\u00a0la lluvia, sin mojarse, pues no tienen\u00a0forma de mostrar, m\u00e1s all\u00e1 de sus\u00a0dichos, acciones legislativas o de orden pol\u00edtico, la b\u00fasqueda\u00a0de\u00a0 presupuestos, o proyectos viables destinados a\u00a0encontrar la soluci\u00f3n t\u00e9cnica posible al sist\u00e9mico problema de falta de drenaje en una ciudad que lo padece, no solo por su carencia\u00a0del mismo en\u00a0grandes extensiones\u00a0sin pendientes\u00a0de\u00a0consideraci\u00f3n\u00a0que arrastren corrientes,\u00a0dada\u00a0 la naturaleza\u00a0de su topograf\u00eda.<\/p>\n\n\n\n<p>Habr\u00e1 que preguntar a los diputados\u00a0 federales, entre estos\u00a0a\u00a0Cinthia Cuevas que de a conocer alguna gesti\u00f3n ante\u00a0el \u00e1mbito federal por este tema, pues solo se le identifica como repartidora\u00a0de las tarjetas del bienestar y pintar caricaturescas bardas de agradecimiento y culto\u00a0a su gu\u00eda y mentor AMLO, no m\u00e1s;\u00a0 as\u00ed mismo a Luis Fernando\u00a0Salazar Fern\u00e1ndez, cuando le deje &#8220;algo&#8221; de tiempo su ocupada\u00a0agenda de p\u00edrricas\u00a0denuncias,\u00a0lo mismo con los &#8220;comunicados&#8221;\u00a0de Ricardo Mej\u00eda Berdeja entre otros, pues la mayor\u00eda de estos personajes\u00a0que\u00a0se cobijan con la sombrilla que les presta el Alcalde Rom\u00e1n Alberto Cepeda Gonz\u00e1lez, como su\u00a0&#8220;villano favorito&#8221; ya estaremos viendo\u00a0que al termino del actual temporal lluvioso que se registra, el tema de las inundaciones y los se\u00f1alamientos de &#8220;culpable&#8221; de estos,\u00a0desaparecer del ruido medi\u00e1tico, solo para\u00a0&#8220;resucitar&#8221; el a\u00f1o pr\u00f3ximo en\u00a0fechas similares\u00a0 y bajo las mismas aguas, pero ya\u00a0 electorales. No m\u00e1s.\u00a0<\/p>\n","protected":false},"excerpt":{"rendered":"<p>\u00a1Te acuso de ratero, no de pendejo! Vaya que tal frase, famosa en el anecdotario\u00a0que gener\u00f3 la Convenci\u00f3n de Aguascalientes y que fuera pronunciada por el entonces diputado\u00a0federal por un distrito de Puebla, Don\u00a0Luis Cabrera Lobato, como respuesta a uno de sus a pares, a\u00a0quien previamente\u00a0\u00e9ste le hab\u00eda hecho\u00a0 el feo\u00a0 se\u00f1alamiento, el\u00a0hoy considerado\u00a0como uno de los principales\u00a0intelectuales y\u00a0te\u00f3ricos\u00a0del Constitucionalismo, all\u00e1 en las primeras d\u00e9cadas\u00a0del Siglo XX\u00a0en el fragor\u00a0mismo de&#8230;<\/p>\n","protected":false},"author":2,"featured_media":0,"comment_status":"closed","ping_status":"","sticky":false,"template":"","format":"standard","meta":{"footnotes":""},"categories":[8],"tags":[],"class_list":["post-27046","post","type-post","status-publish","format-standard","hentry","category-aqui-laguna","wpcat-8-id"],"_links":{"self":[{"href":"https:\/\/www.aquilaguna.com\/index.php\/wp-json\/wp\/v2\/posts\/27046","targetHints":{"allow":["GET"]}}],"collection":[{"href":"https:\/\/www.aquilaguna.com\/index.php\/wp-json\/wp\/v2\/posts"}],"about":[{"href":"https:\/\/www.aquilaguna.com\/index.php\/wp-json\/wp\/v2\/types\/post"}],"author":[{"embeddable":true,"href":"https:\/\/www.aquilaguna.com\/index.php\/wp-json\/wp\/v2\/users\/2"}],"replies":[{"embeddable":true,"href":"https:\/\/www.aquilaguna.com\/index.php\/wp-json\/wp\/v2\/comments?post=27046"}],"version-history":[{"count":1,"href":"https:\/\/www.aquilaguna.com\/index.php\/wp-json\/wp\/v2\/posts\/27046\/revisions"}],"predecessor-version":[{"id":27047,"href":"https:\/\/www.aquilaguna.com\/index.php\/wp-json\/wp\/v2\/posts\/27046\/revisions\/27047"}],"wp:attachment":[{"href":"https:\/\/www.aquilaguna.com\/index.php\/wp-json\/wp\/v2\/media?parent=27046"}],"wp:term":[{"taxonomy":"category","embeddable":true,"href":"https:\/\/www.aquilaguna.com\/index.php\/wp-json\/wp\/v2\/categories?post=27046"},{"taxonomy":"post_tag","embeddable":true,"href":"https:\/\/www.aquilaguna.com\/index.php\/wp-json\/wp\/v2\/tags?post=27046"}],"curies":[{"name":"wp","href":"https:\/\/api.w.org\/{rel}","templated":true}]}}