{"id":27064,"date":"2025-07-07T20:06:00","date_gmt":"2025-07-08T02:06:00","guid":{"rendered":"https:\/\/www.aquilaguna.com\/?p=27064"},"modified":"2025-07-08T08:01:28","modified_gmt":"2025-07-08T14:01:28","slug":"activo-operativo-especial-de-atencion-a-emergencias-por-lluvias-corporaciones-estatales-y-municipales-listas-para-actuar","status":"publish","type":"post","link":"https:\/\/www.aquilaguna.com\/index.php\/2025\/07\/07\/activo-operativo-especial-de-atencion-a-emergencias-por-lluvias-corporaciones-estatales-y-municipales-listas-para-actuar\/","title":{"rendered":"ACTIVO OPERATIVO ESPECIAL DE ATENCI\u00d3N A EMERGENCIAS POR LLUVIAS; CORPORACIONES ESTATALES Y MUNICIPALES LISTAS PARA ACTUAR."},"content":{"rendered":"\n<p>Saltillo, Coahuila de Zaragoza; a 07 de julio de 2025.\u2013 Por instrucciones del gobernador Manolo Jim\u00e9nez Salinas, el Sistema Estatal de Protecci\u00f3n Civil, en coordinaci\u00f3n con corporaciones de los tres \u00f3rdenes de gobierno, mantiene activo un operativo especial de monitoreo y atenci\u00f3n ante las lluvias intensas que afectaron diversas regiones del estado este domingo.<\/p>\n\n\n\n<p>El objetivo de este operativo es reforzar la vigilancia en puntos cr\u00edticos, brindar apoyo a la poblaci\u00f3n vulnerable y actuar con rapidez en caso de que sea necesario proceder a evacuaciones y habilitar refugios temporales. La coordinaci\u00f3n entre las unidades municipales, estatales, la Guardia Nacional y el Ej\u00e9rcito Mexicano permite una respuesta eficaz y oportuna ante cualquier contingencia.<\/p>\n\n\n\n<p>Personal de Protecci\u00f3n Civil realiza recorridos constantes en todo el territorio estatal para identificar afectaciones en infraestructura y brindar auxilio a quien lo requiera, con el objetivo de garantizar la seguridad de la poblaci\u00f3n.<\/p>\n\n\n\n<p>El Gobernador Manolo Jim\u00e9nez reiter\u00f3 la importancia de mantener una vigilancia activa y una intervenci\u00f3n inmediata en caso de emergencia, as\u00ed como la plena disposici\u00f3n de las autoridades para evacuar zonas de riesgo y trasladar a las personas a refugios habilitados. Hasta el momento, las acciones preventivas y de atenci\u00f3n oportuna han permitido mantener saldo blanco, sin reportes de personas lesionadas, evacuadas o albergadas.<\/p>\n\n\n\n<p>Se hace un llamado a la ciudadan\u00eda para extremar precauciones: evitar cruzar zonas inundadas, conducir con cuidado, mantenerse informados a trav\u00e9s de medios oficiales y, de ser posible, limitar su movilidad.<\/p>\n\n\n\n<p>El Gobierno de Coahuila reitera su compromiso con la seguridad de la poblaci\u00f3n y continuar\u00e1 trabajando de manera coordinada para proteger la vida y el patrimonio de las y los coahuilenses ante las condiciones climatol\u00f3gicas adversas.<\/p>\n","protected":false},"excerpt":{"rendered":"<p>Saltillo, Coahuila de Zaragoza; a 07 de julio de 2025.\u2013 Por instrucciones del gobernador Manolo Jim\u00e9nez Salinas, el Sistema Estatal de Protecci\u00f3n Civil, en coordinaci\u00f3n con corporaciones de los tres \u00f3rdenes de gobierno, mantiene activo un operativo especial de monitoreo y atenci\u00f3n ante las lluvias intensas que afectaron diversas regiones del estado este domingo. El objetivo de este operativo es reforzar la vigilancia en puntos cr\u00edticos, brindar apoyo a la&#8230;<\/p>\n","protected":false},"author":1,"featured_media":27065,"comment_status":"closed","ping_status":"","sticky":false,"template":"","format":"standard","meta":{"footnotes":""},"categories":[27,5,15,54],"tags":[],"class_list":["post-27064","post","type-post","status-publish","format-standard","has-post-thumbnail","hentry","category-clima","category-coahuila","category-gobierno-de-coahuila","category-proteccion-civil","wpcat-27-id","wpcat-5-id","wpcat-15-id","wpcat-54-id"],"_links":{"self":[{"href":"https:\/\/www.aquilaguna.com\/index.php\/wp-json\/wp\/v2\/posts\/27064","targetHints":{"allow":["GET"]}}],"collection":[{"href":"https:\/\/www.aquilaguna.com\/index.php\/wp-json\/wp\/v2\/posts"}],"about":[{"href":"https:\/\/www.aquilaguna.com\/index.php\/wp-json\/wp\/v2\/types\/post"}],"author":[{"embeddable":true,"href":"https:\/\/www.aquilaguna.com\/index.php\/wp-json\/wp\/v2\/users\/1"}],"replies":[{"embeddable":true,"href":"https:\/\/www.aquilaguna.com\/index.php\/wp-json\/wp\/v2\/comments?post=27064"}],"version-history":[{"count":1,"href":"https:\/\/www.aquilaguna.com\/index.php\/wp-json\/wp\/v2\/posts\/27064\/revisions"}],"predecessor-version":[{"id":27066,"href":"https:\/\/www.aquilaguna.com\/index.php\/wp-json\/wp\/v2\/posts\/27064\/revisions\/27066"}],"wp:featuredmedia":[{"embeddable":true,"href":"https:\/\/www.aquilaguna.com\/index.php\/wp-json\/wp\/v2\/media\/27065"}],"wp:attachment":[{"href":"https:\/\/www.aquilaguna.com\/index.php\/wp-json\/wp\/v2\/media?parent=27064"}],"wp:term":[{"taxonomy":"category","embeddable":true,"href":"https:\/\/www.aquilaguna.com\/index.php\/wp-json\/wp\/v2\/categories?post=27064"},{"taxonomy":"post_tag","embeddable":true,"href":"https:\/\/www.aquilaguna.com\/index.php\/wp-json\/wp\/v2\/tags?post=27064"}],"curies":[{"name":"wp","href":"https:\/\/api.w.org\/{rel}","templated":true}]}}