{"id":27320,"date":"2025-07-22T18:20:51","date_gmt":"2025-07-23T00:20:51","guid":{"rendered":"https:\/\/www.aquilaguna.com\/?p=27320"},"modified":"2025-07-22T18:20:51","modified_gmt":"2025-07-23T00:20:51","slug":"convoca-uadec-a-sus-profesoras-y-profesores-al-curso-bienestar-emocional-para-docentes","status":"publish","type":"post","link":"https:\/\/www.aquilaguna.com\/index.php\/2025\/07\/22\/convoca-uadec-a-sus-profesoras-y-profesores-al-curso-bienestar-emocional-para-docentes\/","title":{"rendered":"Convoca UAdeC a sus Profesoras y Profesores al Curso Bienestar Emocional para Docentes."},"content":{"rendered":"\n<p>SALTILLO, Coahuila. 22 de julio de 2025. La Universidad Aut\u00f3noma de Coahuila a<br>trav\u00e9s de la Direcci\u00f3n de Asuntos Acad\u00e9micos y el Centro de Desarrollo Docente,<br>Evaluaci\u00f3n y Educaci\u00f3n Continua, invita a profesoras y profesores de las Unidades<br>Sureste, Laguna y Norte al Curso Bienestar Emocional para Docentes: Herramientas<br>para la Gesti\u00f3n Emocional y Prevenci\u00f3n al Estr\u00e9s en el Aula, que se llevar\u00e1 a cabo el<br>6, 7 y 8 de agosto de 2025 de manera virtual a trav\u00e9s de la plataforma Microsoft<br>Teams.<\/p>\n\n\n\n<p>El objetivo del curso es conocer la forma en que las emociones influyen en el<br>desempe\u00f1o cognitivo, as\u00ed como las habilidades para relacionarse consigo mismo y<br>con los dem\u00e1s, a partir del desarrollo de estrategias de autoconocimiento, auto<br>aceptaci\u00f3n y autorregulaci\u00f3n para contribuir a la construcci\u00f3n de estados de<br>bienestar en el \u00e1mbito personal, acad\u00e9mico y profesional.<\/p>\n\n\n\n<p>Las sesiones se desarrollar\u00e1n de 10:00 a 13:00 horas, con valor curricular de 20<br>horas y ser\u00e1n impartidas por el Mtro. Agust\u00edn Cerecero Lozano, quien se desempe\u00f1a<br>como Asesor de Reforma Curricular en la Direcci\u00f3n de Asuntos Acad\u00e9micos.<\/p>\n\n\n\n<p>Los docentes interesados en participar realizar su registro en el siguiente enlace<br><a href=\"https:\/\/forms.office.com\/pages\/responsepage.aspx?id=gsNAcvN36kKVdjcJfbNi0EMInVzM17NLjBOmSsUnEtJUREVETENCSkJZWTMxQlRWS0I4WUxNMjJWSi4u&amp;route=shorturl\" target=\"_blank\" rel=\"noreferrer noopener\">https:\/\/forms.office.com\/pages\/responsepage.aspx?id=gsNAcvN36kKVdjcJfbNi0EMInVzM17NLjBOmSsUnEtJUREVETENCSkJZWTMxQlRWS0I4WUxNMjJWSi4u&amp;route=shorturl<\/a>, en donde deber\u00e1n de especificar a la Unidad a la que pertenecen,<br>Escuela, Facultad, Instituto o Centro de procedencia, n\u00famero de expediente y correo<br>electr\u00f3nico.<\/p>\n\n\n\n<p>Para m\u00e1s informaci\u00f3n llamar a los tel\u00e9fonos (844) 410 02 77 y (844) 415 29 51,<br>escribir al correo electr\u00f3nico capacitaciondocente@uadec.edu.mx o visitar la p\u00e1gina<br><a href=\"https:\/\/www.uadec.mx\/ssa\/cedec\/\" target=\"_blank\" rel=\"noreferrer noopener\">https:\/\/www.uadec.mx\/ssa\/cedec\/<\/a>.<\/p>\n\n\n\n<p><\/p>\n","protected":false},"excerpt":{"rendered":"<p>SALTILLO, Coahuila. 22 de julio de 2025. La Universidad Aut\u00f3noma de Coahuila atrav\u00e9s de la Direcci\u00f3n de Asuntos Acad\u00e9micos y el Centro de Desarrollo Docente,Evaluaci\u00f3n y Educaci\u00f3n Continua, invita a profesoras y profesores de las UnidadesSureste, Laguna y Norte al Curso Bienestar Emocional para Docentes: Herramientaspara la Gesti\u00f3n Emocional y Prevenci\u00f3n al Estr\u00e9s en el Aula, que se llevar\u00e1 a cabo el6, 7 y 8 de agosto de 2025 de&#8230;<\/p>\n","protected":false},"author":1,"featured_media":27321,"comment_status":"closed","ping_status":"","sticky":false,"template":"","format":"standard","meta":{"footnotes":""},"categories":[2],"tags":[],"class_list":["post-27320","post","type-post","status-publish","format-standard","has-post-thumbnail","hentry","category-uadec","wpcat-2-id"],"_links":{"self":[{"href":"https:\/\/www.aquilaguna.com\/index.php\/wp-json\/wp\/v2\/posts\/27320","targetHints":{"allow":["GET"]}}],"collection":[{"href":"https:\/\/www.aquilaguna.com\/index.php\/wp-json\/wp\/v2\/posts"}],"about":[{"href":"https:\/\/www.aquilaguna.com\/index.php\/wp-json\/wp\/v2\/types\/post"}],"author":[{"embeddable":true,"href":"https:\/\/www.aquilaguna.com\/index.php\/wp-json\/wp\/v2\/users\/1"}],"replies":[{"embeddable":true,"href":"https:\/\/www.aquilaguna.com\/index.php\/wp-json\/wp\/v2\/comments?post=27320"}],"version-history":[{"count":1,"href":"https:\/\/www.aquilaguna.com\/index.php\/wp-json\/wp\/v2\/posts\/27320\/revisions"}],"predecessor-version":[{"id":27322,"href":"https:\/\/www.aquilaguna.com\/index.php\/wp-json\/wp\/v2\/posts\/27320\/revisions\/27322"}],"wp:featuredmedia":[{"embeddable":true,"href":"https:\/\/www.aquilaguna.com\/index.php\/wp-json\/wp\/v2\/media\/27321"}],"wp:attachment":[{"href":"https:\/\/www.aquilaguna.com\/index.php\/wp-json\/wp\/v2\/media?parent=27320"}],"wp:term":[{"taxonomy":"category","embeddable":true,"href":"https:\/\/www.aquilaguna.com\/index.php\/wp-json\/wp\/v2\/categories?post=27320"},{"taxonomy":"post_tag","embeddable":true,"href":"https:\/\/www.aquilaguna.com\/index.php\/wp-json\/wp\/v2\/tags?post=27320"}],"curies":[{"name":"wp","href":"https:\/\/api.w.org\/{rel}","templated":true}]}}