{"id":27335,"date":"2025-07-23T19:28:48","date_gmt":"2025-07-24T01:28:48","guid":{"rendered":"https:\/\/www.aquilaguna.com\/?p=27335"},"modified":"2025-07-23T19:28:48","modified_gmt":"2025-07-24T01:28:48","slug":"inauguran-exhibicion-de-los-algodoneros-de-la-union-laguna-en-el-museo-acertijo","status":"publish","type":"post","link":"https:\/\/www.aquilaguna.com\/index.php\/2025\/07\/23\/inauguran-exhibicion-de-los-algodoneros-de-la-union-laguna-en-el-museo-acertijo\/","title":{"rendered":"Inauguran exhibici\u00f3n de los Algodoneros de la Uni\u00f3n Laguna en el Museo Acertijo."},"content":{"rendered":"\n<p>Comarca Lagunera.\u2013 En el marco de los 100 a\u00f1os del beisbol en M\u00e9xico y el 85 aniversario del Equipo Uni\u00f3n Laguna, esta ma\u00f1ana se llev\u00f3 a cabo la inauguraci\u00f3n de la exhibici\u00f3n especial del Club de B\u00e9isbol Algodoneros de la Uni\u00f3n Laguna en el Museo Interactivo Acertijo. Este espacio es posible gracias al inter\u00e9s del gobernador Esteban Villegas Villarreal, para impulsar con firmeza la creaci\u00f3n de entornos l\u00fadicos que acerquen a ni\u00f1as, ni\u00f1os y j\u00f3venes a contenidos que no solo fortalezcan su cultura general, sino tambi\u00e9n su identidad como laguneros y duranguenses.<\/p>\n\n\n\n<p>La exposici\u00f3n es resultado del trabajo conjunto entre el Museo Bebeleche de Durango, el Museo Acertijo y el Club Algodoneros de la Uni\u00f3n Laguna, a trav\u00e9s de su programa de responsabilidad social Coraz\u00f3n de Algod\u00f3n, con el prop\u00f3sito de crear experiencias significativas para la ni\u00f1ez de la Comarca Lagunera.<\/p>\n\n\n\n<p>Durante su mensaje, Alfredo Andrade, director del Museo Bebeleche y responsable del Museo Acertijo en G\u00f3mez Palacio, destac\u00f3 la importancia de llevar contenido educativo de calidad a los museos de la entidad; \u201cLo que buscamos con estas exhibiciones es que los ni\u00f1os aprendan, se inspiren y se conecten con su historia y su entorno. Esta muestra tiene ese esp\u00edritu: despertar el inter\u00e9s por el deporte y el arraigo por nuestra regi\u00f3n\u201d, expres\u00f3.<\/p>\n\n\n\n<p>En representaci\u00f3n de la alcaldesa de G\u00f3mez Palacio Leticia Herrera, el director de Desarrollo Econ\u00f3mico de G\u00f3mez Palacio, Erick Escobedo, reconoci\u00f3 el valor de este tipo de iniciativas; \u201cCuando ganan los Algodoneros o el Santos, hasta las casas en la Laguna se sienten m\u00e1s felices. La identidad nos une y tambi\u00e9n impacta positivamente en el desarrollo econ\u00f3mico. Este tipo de espacios ayudan a que el lagunero se reconozca, se enorgullezca y se proyecte\u201d, se\u00f1al\u00f3.<\/p>\n\n\n\n<p>Por su parte, Guillermo Murra Marroqu\u00edn, presidente del Club Algodoneros de la Uni\u00f3n Laguna, reafirm\u00f3 el compromiso del equipo m\u00e1s all\u00e1 del \u00e1mbito deportivo; \u201cAlgodoneros es una organizaci\u00f3n con ra\u00edces profundas en la comunidad. Esta exhibici\u00f3n es una forma de acercarnos a\u00fan m\u00e1s a las nuevas generaciones y compartir con ellas nuestra historia, nuestros valores y nuestros sue\u00f1os\u201d, afirm\u00f3.<\/p>\n\n\n\n<p>Durante la inauguracion se reconoci\u00f3 de manera especial el respaldo del gobernador Esteban Villegas Villarreal y de la presidenta del DIF Estatal, Marisol Rosso Rivera, quienes han mantenido una visi\u00f3n clara y sensible sobre la importancia de invertir en la ni\u00f1ez y juventud duranguense, a trav\u00e9s de espacios de aprendizaje, recreaci\u00f3n y desarrollo integral.<\/p>\n\n\n\n<p>La muestra incluye objetos hist\u00f3ricos, din\u00e1micas interactivas y materiales que cuentan la trayectoria del club, adem\u00e1s de abrir la puerta a futuras colaboraciones que permitan incluir temas como la innovaci\u00f3n automotriz y las energ\u00edas limpias.<\/p>\n\n\n\n<p>Tambi\u00e9n se destac\u00f3 la presencia y participaci\u00f3n de asociaciones como Casa Nana Torre\u00f3n, Casa Hogar del DIF, Casa del Ni\u00f1o, Casa Feliz y el Voluntariado Coraz\u00f3n de Algod\u00f3n, quienes acompa\u00f1aron y dieron vida a esta jornada.<\/p>\n\n\n\n<p>El evento concluy\u00f3 con el tradicional corte de list\u00f3n, y posteriormente, las autoridades realizaron un recorrido por las instalaciones del Museo Acertijo, con el firme prop\u00f3sito de continuar colaborando en proyectos que beneficien directamente a las ni\u00f1as, ni\u00f1os y j\u00f3venes de la regi\u00f3n.<\/p>\n","protected":false},"excerpt":{"rendered":"<p>Comarca Lagunera.\u2013 En el marco de los 100 a\u00f1os del beisbol en M\u00e9xico y el 85 aniversario del Equipo Uni\u00f3n Laguna, esta ma\u00f1ana se llev\u00f3 a cabo la inauguraci\u00f3n de la exhibici\u00f3n especial del Club de B\u00e9isbol Algodoneros de la Uni\u00f3n Laguna en el Museo Interactivo Acertijo. Este espacio es posible gracias al inter\u00e9s del gobernador Esteban Villegas Villarreal, para impulsar con firmeza la creaci\u00f3n de entornos l\u00fadicos que acerquen&#8230;<\/p>\n","protected":false},"author":1,"featured_media":0,"comment_status":"closed","ping_status":"","sticky":false,"template":"","format":"standard","meta":{"footnotes":""},"categories":[40,64,63,28],"tags":[],"class_list":["post-27335","post","type-post","status-publish","format-standard","hentry","category-durango","category-gobierno-de-durango","category-gomez-palacio","category-la-laguna","wpcat-40-id","wpcat-64-id","wpcat-63-id","wpcat-28-id"],"_links":{"self":[{"href":"https:\/\/www.aquilaguna.com\/index.php\/wp-json\/wp\/v2\/posts\/27335","targetHints":{"allow":["GET"]}}],"collection":[{"href":"https:\/\/www.aquilaguna.com\/index.php\/wp-json\/wp\/v2\/posts"}],"about":[{"href":"https:\/\/www.aquilaguna.com\/index.php\/wp-json\/wp\/v2\/types\/post"}],"author":[{"embeddable":true,"href":"https:\/\/www.aquilaguna.com\/index.php\/wp-json\/wp\/v2\/users\/1"}],"replies":[{"embeddable":true,"href":"https:\/\/www.aquilaguna.com\/index.php\/wp-json\/wp\/v2\/comments?post=27335"}],"version-history":[{"count":1,"href":"https:\/\/www.aquilaguna.com\/index.php\/wp-json\/wp\/v2\/posts\/27335\/revisions"}],"predecessor-version":[{"id":27336,"href":"https:\/\/www.aquilaguna.com\/index.php\/wp-json\/wp\/v2\/posts\/27335\/revisions\/27336"}],"wp:attachment":[{"href":"https:\/\/www.aquilaguna.com\/index.php\/wp-json\/wp\/v2\/media?parent=27335"}],"wp:term":[{"taxonomy":"category","embeddable":true,"href":"https:\/\/www.aquilaguna.com\/index.php\/wp-json\/wp\/v2\/categories?post=27335"},{"taxonomy":"post_tag","embeddable":true,"href":"https:\/\/www.aquilaguna.com\/index.php\/wp-json\/wp\/v2\/tags?post=27335"}],"curies":[{"name":"wp","href":"https:\/\/api.w.org\/{rel}","templated":true}]}}