{"id":27337,"date":"2025-07-23T19:30:17","date_gmt":"2025-07-24T01:30:17","guid":{"rendered":"https:\/\/www.aquilaguna.com\/?p=27337"},"modified":"2025-07-23T19:30:17","modified_gmt":"2025-07-24T01:30:17","slug":"roman-cepeda-gonzalez-arranca-campana-de-canje-de-armas-de-fuego-si-al-desarme-si-a-la-paz","status":"publish","type":"post","link":"https:\/\/www.aquilaguna.com\/index.php\/2025\/07\/23\/roman-cepeda-gonzalez-arranca-campana-de-canje-de-armas-de-fuego-si-al-desarme-si-a-la-paz\/","title":{"rendered":"Rom\u00e1n Cepeda Gonz\u00e1lez arranca campa\u00f1a de canje de armas de fuego \u201cS\u00ed al desarme, s\u00ed a la paz\u201d."},"content":{"rendered":"\n<p>Torre\u00f3n, Coahuila. A 23 de julio de 2025.<\/p>\n\n\n\n<p>En una acci\u00f3n conjunta entre el Ej\u00e9rcito Mexicano, el Gobierno del Estado y el<br>Municipio, el alcalde Rom\u00e1n Alberto Cepeda Gonz\u00e1lez arranc\u00f3 este mi\u00e9rcoles en<br>la explanada de Plaza Mayor, la campa\u00f1a de canje de armas de fuego \u201cS\u00ed al<br>desarme, s\u00ed a la paz\u201d.<\/p>\n\n\n\n<p>Luego del acto c\u00edvico con la entonaci\u00f3n del Himno Nacional y los Honores a la<br>Bandera, el alcalde Rom\u00e1n Alberto Cepeda Gonz\u00e1lez explic\u00f3 que esta iniciativa<br>estar\u00e1 vigente hasta el 23 de agosto del presente a\u00f1o, para lo cual se habilit\u00f3 un<br>m\u00f3dulo que permanecer\u00e1 en la explanada de la Plaza Mayor de la Presidencia<br>Municipal de Torre\u00f3n.<\/p>\n\n\n\n<p>El edil dijo que la actividad consiste en el canje voluntario de armas de fuego,<br>cartuchos, explosivos y artefactos similares, los cuales ser\u00e1n recibidos sin que se<br>realice investigaci\u00f3n alguna sobre su procedencia.<\/p>\n\n\n\n<p>\u201cUn mes de desarme que busca promover la seguridad social a trav\u00e9s del canje<br>voluntario de armas de fuego por recurso en efectivo\u201d.<\/p>\n\n\n\n<p>Las personas recibir\u00e1n un recurso econ\u00f3mico de acuerdo con un tabulador<br>previamente establecido y publicado en el Diario Oficial de la Federaci\u00f3n.<br>&#8220;Lo que se busca es reducir la violencia y seguir promoviendo un entorno de paz,<br>orden y seguridad para las familias de Torre\u00f3n&#8221;.<\/p>\n\n\n\n<p>Rom\u00e1n Alberto Cepeda Gonz\u00e1lez indic\u00f3 que el valor del arma ser\u00e1 valorado por<br>elementos del Ej\u00e9rcito Mexicano, quienes entregar\u00e1n un vale para que sea<br>canjeado en las cajas de la Presidencia Municipal por el monto correspondiente de<br>hasta 25 mil pesos.<\/p>\n\n\n\n<p>Dijo que de acuerdo a la Organizaci\u00f3n de las Naciones Unidas (ONU), existe un<br>arma de fuego por cada 10 habitantes y cada a\u00f1o se producen dos balas por cada<br>persona en el planeta, por lo que este tipo de actividades son importantes en la<br>construcci\u00f3n de la paz.<\/p>\n\n\n\n<p>&#8220;Apostarle a la paz, a la coordinaci\u00f3n, a un trabajo y esfuerzo conjunto entre los<br>\u00f3rdenes de gobierno: la Federaci\u00f3n, el Estado y el Municipio, ha sido lo que ha<\/p>\n\n\n\n<p>tra\u00eddo la paz para La Laguna y a Torre\u00f3n. Que hoy se realice este evento es un<br>ejemplo de la coordinaci\u00f3n, del esfuerzo que encabeza el gobernador Manolo<br>Jim\u00e9nez, y aqu\u00ed en esa misma l\u00ednea y esa misma ruta hacemos y compartimos<br>todo el esfuerzo tambi\u00e9n con la sociedad civil, c\u00e1maras y organismos<br>empresariales para que la paz y la tranquilidad sigan prevaleciendo\u201d, destac\u00f3 el<br>Alcalde.<\/p>\n\n\n\n<p>Dijo que el objetivo es que desde Torre\u00f3n y Coahuila se pueda seguir mandando<br>un mensaje de paz, de tranquilidad, de orden, de cooperaci\u00f3n y de que s\u00ed se<br>puede mantener ciudades y estados seguros.<\/p>\n\n\n\n<p>\u201cNo tengo duda que con este tipo de actos encabezados por el Ej\u00e9rcito Mexicano<br>en coordinaci\u00f3n con el Estado y el Municipio, Coahuila seguir\u00e1 creciendo a pasos<br>de gigante y mi querido Torre\u00f3n siempre seguir\u00e1 pudiendo m\u00e1s\u201d<br>Cepeda Gonz\u00e1lez realiz\u00f3 la declaratoria inaugural a las 09: 44 horas, y agradeci\u00f3<br>al Ej\u00e9rcito Mexicano y a la ciudadan\u00eda por su participaci\u00f3n.<\/p>\n\n\n\n<p>En la actividad acudi\u00f3 adem\u00e1s el General Brigadier de Estado Mayor, Pedro<br>Alberto Hern\u00e1ndez Gallardo, comandante del Mando Especial de la Laguna, en<br>representaci\u00f3n del general de divisi\u00f3n, Eugenio Alberto Ibarra Flores, comandante<br>de la XI Regi\u00f3n Militar; el Coronel de Infanter\u00eda de Estado Mayor Jes\u00fas Alberto<br>Mart\u00ednez Mendoza, comandante del 33 Batall\u00f3n de Infanter\u00eda.<\/p>\n\n\n\n<p>As\u00ed como el Teniente Coronel Polic\u00eda Militar, Ricardo Reyes Hern\u00e1ndez,<br>comandante interino de Guardia Nacional; Felipe Gonz\u00e1lez Miranda, Diputado<br>Local; Carlos Alonso Rangel G\u00e1mez, delegado de Fiscal\u00eda Regi\u00f3n Laguna; Luis<br>Jorge Cuerda Serna, primer regidor; Jos\u00e9 El\u00edas Ganem Guerrero, secretario del<br>Ayuntamiento; y Alfredo Flores Originales, director general de Seguridad P\u00fablica.<\/p>\n","protected":false},"excerpt":{"rendered":"<p>Torre\u00f3n, Coahuila. A 23 de julio de 2025. En una acci\u00f3n conjunta entre el Ej\u00e9rcito Mexicano, el Gobierno del Estado y elMunicipio, el alcalde Rom\u00e1n Alberto Cepeda Gonz\u00e1lez arranc\u00f3 este mi\u00e9rcoles enla explanada de Plaza Mayor, la campa\u00f1a de canje de armas de fuego \u201cS\u00ed aldesarme, s\u00ed a la paz\u201d. Luego del acto c\u00edvico con la entonaci\u00f3n del Himno Nacional y los Honores a laBandera, el alcalde Rom\u00e1n Alberto Cepeda&#8230;<\/p>\n","protected":false},"author":1,"featured_media":27338,"comment_status":"closed","ping_status":"","sticky":false,"template":"","format":"standard","meta":{"footnotes":""},"categories":[5,28,7],"tags":[],"class_list":["post-27337","post","type-post","status-publish","format-standard","has-post-thumbnail","hentry","category-coahuila","category-la-laguna","category-torreon","wpcat-5-id","wpcat-28-id","wpcat-7-id"],"_links":{"self":[{"href":"https:\/\/www.aquilaguna.com\/index.php\/wp-json\/wp\/v2\/posts\/27337","targetHints":{"allow":["GET"]}}],"collection":[{"href":"https:\/\/www.aquilaguna.com\/index.php\/wp-json\/wp\/v2\/posts"}],"about":[{"href":"https:\/\/www.aquilaguna.com\/index.php\/wp-json\/wp\/v2\/types\/post"}],"author":[{"embeddable":true,"href":"https:\/\/www.aquilaguna.com\/index.php\/wp-json\/wp\/v2\/users\/1"}],"replies":[{"embeddable":true,"href":"https:\/\/www.aquilaguna.com\/index.php\/wp-json\/wp\/v2\/comments?post=27337"}],"version-history":[{"count":1,"href":"https:\/\/www.aquilaguna.com\/index.php\/wp-json\/wp\/v2\/posts\/27337\/revisions"}],"predecessor-version":[{"id":27339,"href":"https:\/\/www.aquilaguna.com\/index.php\/wp-json\/wp\/v2\/posts\/27337\/revisions\/27339"}],"wp:featuredmedia":[{"embeddable":true,"href":"https:\/\/www.aquilaguna.com\/index.php\/wp-json\/wp\/v2\/media\/27338"}],"wp:attachment":[{"href":"https:\/\/www.aquilaguna.com\/index.php\/wp-json\/wp\/v2\/media?parent=27337"}],"wp:term":[{"taxonomy":"category","embeddable":true,"href":"https:\/\/www.aquilaguna.com\/index.php\/wp-json\/wp\/v2\/categories?post=27337"},{"taxonomy":"post_tag","embeddable":true,"href":"https:\/\/www.aquilaguna.com\/index.php\/wp-json\/wp\/v2\/tags?post=27337"}],"curies":[{"name":"wp","href":"https:\/\/api.w.org\/{rel}","templated":true}]}}