{"id":27340,"date":"2025-07-23T19:31:43","date_gmt":"2025-07-24T01:31:43","guid":{"rendered":"https:\/\/www.aquilaguna.com\/?p=27340"},"modified":"2025-07-23T19:31:43","modified_gmt":"2025-07-24T01:31:43","slug":"acciones-permanentes-de-atencion-a-lluvias-favorece-a-la-disminucion-de-afectaciones","status":"publish","type":"post","link":"https:\/\/www.aquilaguna.com\/index.php\/2025\/07\/23\/acciones-permanentes-de-atencion-a-lluvias-favorece-a-la-disminucion-de-afectaciones\/","title":{"rendered":"Acciones permanentes de atenci\u00f3n a lluvias favorece a la disminuci\u00f3n de afectaciones."},"content":{"rendered":"\n<p>Torre\u00f3n, Coahuila. A 23 de julio de 2025.<\/p>\n\n\n\n<p>Las acciones permanentes por parte del Municipio para atender desde la<br>prevenci\u00f3n el tema de lluvias, favorece a reducir los tiempos de respuesta en las<br>zonas que resultan anegadas. En cuanto a la precipitaci\u00f3n que se registr\u00f3 la<br>madrugada de este mi\u00e9rcoles, alcanz\u00f3 los 16.3 mil\u00edmetros y se reportaron algunos<br>puntos con encharcamientos.<\/p>\n\n\n\n<p>Adem\u00e1s, se resguard\u00f3 a dos personas en el refugio temporal de Protecci\u00f3n Civil.<\/p>\n\n\n\n<p>En cuanto a las anegaciones, se cerr\u00f3 temporalmente la circulaci\u00f3n en el cruce de<br>calle Acu\u00f1a y bulevar Independencia, mismo que fue atendido de manera<br>inmediata por personal de SIMAS Torre\u00f3n, y se mantuvo presencia para el<br>ordenamiento vial de agentes de Tr\u00e1nsito. La vialidad fue abierta al tr\u00e1nsito desde<br>esta misma ma\u00f1ana.<\/p>\n\n\n\n<p>Jorge Luis Ju\u00e1rez Llanas, director de Protecci\u00f3n Civil y Bomberos, inform\u00f3 que<br>hubo presencia de viento que acompa\u00f1\u00f3 a la precipitaci\u00f3n, y destac\u00f3 que se<br>hicieron los recorridos habituales por parte de las diferentes dependencias que<br>conforman el Plan Municipal de Atenci\u00f3n a Lluvias.<\/p>\n\n\n\n<p>Indic\u00f3 que la mayor parte de lluvia cay\u00f3 hacia el poniente y Centro de la ciudad,<br>donde el agua pluvial corri\u00f3 por los canales naturales sin que se presentara alguna<br>situaci\u00f3n de riesgo. \u201cSe presentaron tambi\u00e9n anegaciones en Diagonal de las<br>Fuentes, y avenida Bravo e Independencia\u201d.<\/p>\n\n\n\n<p>Tambi\u00e9n se mantuvo presencia de Tr\u00e1nsito y Vialidad en algunos puntos como<br>calle Leona Vicario y avenida Presidente Carranza, as\u00ed como en la avenida<br>Cuauht\u00e9moc y Mariano L\u00f3pez Ortiz desde la avenida Ju\u00e1rez hasta la avenida<br>Aldama, que presentaron falla debido a interrupci\u00f3n en la energ\u00eda el\u00e9ctrica por<br>parte de CFE, mismos que fueron atendidos por su personal.<\/p>\n\n\n\n<p>Asimismo, el director de Protecci\u00f3n Civil y Bomberos, dio a conocer que las<br>personas que fueron trasladadas al albergue temporal son madre e hija, quienes<br>fueron evacuadas de su vivienda debido a que representaba riesgo de colapso.<\/p>\n\n\n\n<p>Finalmente, Ju\u00e1rez Llanas reiter\u00f3 que la indicaci\u00f3n del alcalde Rom\u00e1n Alberto<br>Cepeda Gonz\u00e1lez es que se mantengan permanentes las labores de atenci\u00f3n a<br>lluvias con la revisi\u00f3n de c\u00e1rcamos y limpieza de rejillas, adem\u00e1s de las acciones<br>de atenci\u00f3n social como es el resguardo de personas en situaci\u00f3n de riesgo.<\/p>\n\n\n\n<p>En el operativo participan dependencias como Seguridad P\u00fablica Municipal,<br>Protecci\u00f3n Civil y Bomberos, SIMAS Torre\u00f3n, Vialidad y Movilidad Urbana, Obras<br>P\u00fablicas, el SIMV, Servicios P\u00fablicos, DIF Torre\u00f3n, Centro de Justicia, Desarrollo<br>Social y Atenci\u00f3n Ciudadana, coordinados desde la Secretar\u00eda del Ayuntamiento.<\/p>\n\n\n\n<p>As\u00ed como en caso de contingencia, corporaciones del Estado, Guardia Nacional y<br>el Ej\u00e9rcito Mexicano.<\/p>\n\n\n\n<p>Los n\u00fameros de emergencia son: 911; Polic\u00eda Municipal (871) 7290099, o al<br>WhatsApp al n\u00famero (871) 9737975; Tr\u00e1nsito y Vialidad (871) 1934501; y de<br>Protecci\u00f3n Civil y Bomberos (871) 7120066.<\/p>\n","protected":false},"excerpt":{"rendered":"<p>Torre\u00f3n, Coahuila. A 23 de julio de 2025. Las acciones permanentes por parte del Municipio para atender desde laprevenci\u00f3n el tema de lluvias, favorece a reducir los tiempos de respuesta en laszonas que resultan anegadas. En cuanto a la precipitaci\u00f3n que se registr\u00f3 lamadrugada de este mi\u00e9rcoles, alcanz\u00f3 los 16.3 mil\u00edmetros y se reportaron algunospuntos con encharcamientos. Adem\u00e1s, se resguard\u00f3 a dos personas en el refugio temporal de Protecci\u00f3n Civil&#8230;.<\/p>\n","protected":false},"author":1,"featured_media":27341,"comment_status":"closed","ping_status":"","sticky":false,"template":"","format":"standard","meta":{"footnotes":""},"categories":[5,28,7],"tags":[],"class_list":["post-27340","post","type-post","status-publish","format-standard","has-post-thumbnail","hentry","category-coahuila","category-la-laguna","category-torreon","wpcat-5-id","wpcat-28-id","wpcat-7-id"],"_links":{"self":[{"href":"https:\/\/www.aquilaguna.com\/index.php\/wp-json\/wp\/v2\/posts\/27340","targetHints":{"allow":["GET"]}}],"collection":[{"href":"https:\/\/www.aquilaguna.com\/index.php\/wp-json\/wp\/v2\/posts"}],"about":[{"href":"https:\/\/www.aquilaguna.com\/index.php\/wp-json\/wp\/v2\/types\/post"}],"author":[{"embeddable":true,"href":"https:\/\/www.aquilaguna.com\/index.php\/wp-json\/wp\/v2\/users\/1"}],"replies":[{"embeddable":true,"href":"https:\/\/www.aquilaguna.com\/index.php\/wp-json\/wp\/v2\/comments?post=27340"}],"version-history":[{"count":1,"href":"https:\/\/www.aquilaguna.com\/index.php\/wp-json\/wp\/v2\/posts\/27340\/revisions"}],"predecessor-version":[{"id":27342,"href":"https:\/\/www.aquilaguna.com\/index.php\/wp-json\/wp\/v2\/posts\/27340\/revisions\/27342"}],"wp:featuredmedia":[{"embeddable":true,"href":"https:\/\/www.aquilaguna.com\/index.php\/wp-json\/wp\/v2\/media\/27341"}],"wp:attachment":[{"href":"https:\/\/www.aquilaguna.com\/index.php\/wp-json\/wp\/v2\/media?parent=27340"}],"wp:term":[{"taxonomy":"category","embeddable":true,"href":"https:\/\/www.aquilaguna.com\/index.php\/wp-json\/wp\/v2\/categories?post=27340"},{"taxonomy":"post_tag","embeddable":true,"href":"https:\/\/www.aquilaguna.com\/index.php\/wp-json\/wp\/v2\/tags?post=27340"}],"curies":[{"name":"wp","href":"https:\/\/api.w.org\/{rel}","templated":true}]}}